{"id":780,"date":"2026-04-02T19:37:20","date_gmt":"2026-04-02T19:37:20","guid":{"rendered":"https:\/\/www.belgic.eu\/?p=780"},"modified":"2026-04-02T19:37:20","modified_gmt":"2026-04-02T19:37:20","slug":"la-mise-en-peril-de-lethique-environnementale-par-les-derives-de-la-telerealite","status":"publish","type":"post","link":"https:\/\/www.belgic.eu\/index.php\/2026\/04\/02\/la-mise-en-peril-de-lethique-environnementale-par-les-derives-de-la-telerealite\/","title":{"rendered":"La mise en p\u00e9ril de l&rsquo;\u00e9thique environnementale par les d\u00e9rives de la t\u00e9l\u00e9r\u00e9alit\u00e9"},"content":{"rendered":"<p>La <a href=\"https:\/\/www.belgic.eu\/index.php\/2026\/03\/29\/linfluence-de-la-telerealite-sur-lheritage-culturel-et-le-paysage-mediatique\/\">t\u00e9l\u00e9r\u00e9alit\u00e9<\/a>, en qu\u00eate perp\u00e9tuelle de spectaculaire, se heurte souvent aux principes fondamentaux de l&rsquo;\u00e9thique environnementale, g\u00e9n\u00e9rant des pratiques discutables allant du gaspillage de ressources \u00e0 la d\u00e9gradation d&rsquo;\u00e9cosyst\u00e8mes fragiles. Ces d\u00e9rives m\u00e9diatis\u00e9es soul\u00e8vent des questions urgentes sur la <a href=\"https:\/\/www.belgic.eu\/index.php\/2026\/02\/14\/linfluence-des-attentes-citoyennes-sur-limpact-social-des-entreprises\/\">responsabilit\u00e9<\/a> des producteurs et l&rsquo;impact de ces contenus sur la conscience \u00e9cologique collective.<\/p>\n<p>Les d\u00e9rives de la t\u00e9l\u00e9r\u00e9alit\u00e9 en mati\u00e8re d&rsquo;\u00e9thique environnementale se manifestent par une consommation excessive de ressources, une perturbation des milieux naturels pour des d\u00e9cors \u00e9ph\u00e9m\u00e8res, et une banalisation des comportements non-durables, exacerbant le foss\u00e9 entre discours \u00e9cologique et pratiques m\u00e9diatiques.<\/p>\n<div id=\"ez-toc-container\" class=\"ez-toc-v2_0_80 counter-hierarchy ez-toc-counter ez-toc-grey ez-toc-container-direction\">\n<div class=\"ez-toc-title-container\">\n<p class=\"ez-toc-title\" style=\"cursor:inherit\">Table of Contents<\/p>\n<span class=\"ez-toc-title-toggle\"><a href=\"#\" class=\"ez-toc-pull-right ez-toc-btn ez-toc-btn-xs ez-toc-btn-default ez-toc-toggle\" aria-label=\"Toggle Table of Content\"><span class=\"ez-toc-js-icon-con\"><span class=\"\"><span class=\"eztoc-hide\" style=\"display:none;\">Toggle<\/span><span class=\"ez-toc-icon-toggle-span\"><svg style=\"fill: #999;color:#999\" xmlns=\"http:\/\/www.w3.org\/2000\/svg\" class=\"list-377408\" width=\"20px\" height=\"20px\" viewBox=\"0 0 24 24\" fill=\"none\"><path d=\"M6 6H4v2h2V6zm14 0H8v2h12V6zM4 11h2v2H4v-2zm16 0H8v2h12v-2zM4 16h2v2H4v-2zm16 0H8v2h12v-2z\" fill=\"currentColor\"><\/path><\/svg><svg style=\"fill: #999;color:#999\" class=\"arrow-unsorted-368013\" xmlns=\"http:\/\/www.w3.org\/2000\/svg\" width=\"10px\" height=\"10px\" viewBox=\"0 0 24 24\" version=\"1.2\" baseProfile=\"tiny\"><path d=\"M18.2 9.3l-6.2-6.3-6.2 6.3c-.2.2-.3.4-.3.7s.1.5.3.7c.2.2.4.3.7.3h11c.3 0 .5-.1.7-.3.2-.2.3-.5.3-.7s-.1-.5-.3-.7zM5.8 14.7l6.2 6.3 6.2-6.3c.2-.2.3-.5.3-.7s-.1-.5-.3-.7c-.2-.2-.4-.3-.7-.3h-11c-.3 0-.5.1-.7.3-.2.2-.3.5-.3.7s.1.5.3.7z\"\/><\/svg><\/span><\/span><\/span><\/a><\/span><\/div>\n<nav><ul class='ez-toc-list ez-toc-list-level-1 ' ><li class='ez-toc-page-1 ez-toc-heading-level-2'><a class=\"ez-toc-link ez-toc-heading-1\" href=\"https:\/\/www.belgic.eu\/index.php\/2026\/04\/02\/la-mise-en-peril-de-lethique-environnementale-par-les-derives-de-la-telerealite\/#Decrypter_les_Enjeux_du_Prisme_Eco-Responsable_de_la_Telerealite_PERT\" >D\u00e9crypter les Enjeux du Prisme \u00c9co-Responsable de la T\u00e9l\u00e9r\u00e9alit\u00e9 (PERT)<\/a><ul class='ez-toc-list-level-3' ><li class='ez-toc-heading-level-3'><a class=\"ez-toc-link ez-toc-heading-2\" href=\"https:\/\/www.belgic.eu\/index.php\/2026\/04\/02\/la-mise-en-peril-de-lethique-environnementale-par-les-derives-de-la-telerealite\/#1_Analyser_les_Pratiques_a_Risque_sur_les_Lieux_de_Tournage\" >1. Analyser les Pratiques \u00e0 Risque sur les Lieux de Tournage<\/a><\/li><li class='ez-toc-page-1 ez-toc-heading-level-3'><a class=\"ez-toc-link ez-toc-heading-3\" href=\"https:\/\/www.belgic.eu\/index.php\/2026\/04\/02\/la-mise-en-peril-de-lethique-environnementale-par-les-derives-de-la-telerealite\/#2_Evaluer_lImpact_sur_les_Ecosystemes_et_Populations_Locales\" >2. \u00c9valuer l&rsquo;Impact sur les \u00c9cosyst\u00e8mes et Populations Locales<\/a><\/li><li class='ez-toc-page-1 ez-toc-heading-level-3'><a class=\"ez-toc-link ez-toc-heading-4\" href=\"https:\/\/www.belgic.eu\/index.php\/2026\/04\/02\/la-mise-en-peril-de-lethique-environnementale-par-les-derives-de-la-telerealite\/#3_Decrypter_les_Messages_Implicites_et_lEducation_du_Public\" >3. D\u00e9crypter les Messages Implicites et l&rsquo;\u00c9ducation du Public<\/a><\/li><li class='ez-toc-page-1 ez-toc-heading-level-3'><a class=\"ez-toc-link ez-toc-heading-5\" href=\"https:\/\/www.belgic.eu\/index.php\/2026\/04\/02\/la-mise-en-peril-de-lethique-environnementale-par-les-derives-de-la-telerealite\/#4_Proposer_des_Alternatives_et_des_Chartes_de_Bonne_Conduite\" >4. Proposer des Alternatives et des Chartes de Bonne Conduite<\/a><\/li><\/ul><\/li><li class='ez-toc-page-1 ez-toc-heading-level-2'><a class=\"ez-toc-link ez-toc-heading-6\" href=\"https:\/\/www.belgic.eu\/index.php\/2026\/04\/02\/la-mise-en-peril-de-lethique-environnementale-par-les-derives-de-la-telerealite\/#Comparaison_des_Pratiques_de_Production_Telerealite_selon_le_PERT\" >Comparaison des Pratiques de Production T\u00e9l\u00e9r\u00e9alit\u00e9 selon le PERT<\/a><\/li><li class='ez-toc-page-1 ez-toc-heading-level-2'><a class=\"ez-toc-link ez-toc-heading-7\" href=\"https:\/\/www.belgic.eu\/index.php\/2026\/04\/02\/la-mise-en-peril-de-lethique-environnementale-par-les-derives-de-la-telerealite\/#Les_Erreurs_Courantes_et_Comment_les_Surmonter\" >Les Erreurs Courantes et Comment les Surmonter<\/a><ul class='ez-toc-list-level-3' ><li class='ez-toc-heading-level-3'><a class=\"ez-toc-link ez-toc-heading-8\" href=\"https:\/\/www.belgic.eu\/index.php\/2026\/04\/02\/la-mise-en-peril-de-lethique-environnementale-par-les-derives-de-la-telerealite\/#1_Ignorer_les_Reglementations_Environnementales_Locales\" >1. Ignorer les R\u00e9glementations Environnementales Locales<\/a><\/li><li class='ez-toc-page-1 ez-toc-heading-level-3'><a class=\"ez-toc-link ez-toc-heading-9\" href=\"https:\/\/www.belgic.eu\/index.php\/2026\/04\/02\/la-mise-en-peril-de-lethique-environnementale-par-les-derives-de-la-telerealite\/#2_Privilegier_le_Sensationnalisme_au_Detriement_de_lImpact\" >2. Privil\u00e9gier le Sensationnalisme au D\u00e9triement de l&rsquo;Impact<\/a><\/li><li class='ez-toc-page-1 ez-toc-heading-level-3'><a class=\"ez-toc-link ez-toc-heading-10\" href=\"https:\/\/www.belgic.eu\/index.php\/2026\/04\/02\/la-mise-en-peril-de-lethique-environnementale-par-les-derives-de-la-telerealite\/#3_Manque_de_Transparence_sur_les_%C2%AB_Coulisses_%C2%BB_de_Production\" >3. Manque de Transparence sur les \u00ab\u00a0Coulisses\u00a0\u00bb de Production<\/a><\/li><\/ul><\/li><li class='ez-toc-page-1 ez-toc-heading-level-2'><a class=\"ez-toc-link ez-toc-heading-11\" href=\"https:\/\/www.belgic.eu\/index.php\/2026\/04\/02\/la-mise-en-peril-de-lethique-environnementale-par-les-derives-de-la-telerealite\/#Questions_Frequentes_sur_lEthique_Environnementale_et_la_Telerealite\" >Questions Fr\u00e9quentes sur l&rsquo;\u00c9thique Environnementale et la T\u00e9l\u00e9r\u00e9alit\u00e9<\/a><ul class='ez-toc-list-level-3' ><li class='ez-toc-heading-level-3'><a class=\"ez-toc-link ez-toc-heading-12\" href=\"https:\/\/www.belgic.eu\/index.php\/2026\/04\/02\/la-mise-en-peril-de-lethique-environnementale-par-les-derives-de-la-telerealite\/#La_telerealite_peut-elle_etre_eco-responsable\" >La t\u00e9l\u00e9r\u00e9alit\u00e9 peut-elle \u00eatre \u00e9co-responsable ?<\/a><\/li><li class='ez-toc-page-1 ez-toc-heading-level-3'><a class=\"ez-toc-link ez-toc-heading-13\" href=\"https:\/\/www.belgic.eu\/index.php\/2026\/04\/02\/la-mise-en-peril-de-lethique-environnementale-par-les-derives-de-la-telerealite\/#Quel_est_limpact_reel_des_tournages_sur_les_ecosystemes\" >Quel est l&rsquo;impact r\u00e9el des tournages sur les \u00e9cosyst\u00e8mes ?<\/a><\/li><li class='ez-toc-page-1 ez-toc-heading-level-3'><a class=\"ez-toc-link ez-toc-heading-14\" href=\"https:\/\/www.belgic.eu\/index.php\/2026\/04\/02\/la-mise-en-peril-de-lethique-environnementale-par-les-derives-de-la-telerealite\/#Comment_les_telespectateurs_peuvent-ils_agir_face_aux_derives\" >Comment les t\u00e9l\u00e9spectateurs peuvent-ils agir face aux d\u00e9rives ?<\/a><\/li><li class='ez-toc-page-1 ez-toc-heading-level-3'><a class=\"ez-toc-link ez-toc-heading-15\" href=\"https:\/\/www.belgic.eu\/index.php\/2026\/04\/02\/la-mise-en-peril-de-lethique-environnementale-par-les-derives-de-la-telerealite\/#Quels_sont_les_exemples_de_derives_environnementales_en_telerealite\" >Quels sont les exemples de d\u00e9rives environnementales en t\u00e9l\u00e9r\u00e9alit\u00e9 ?<\/a><\/li><li class='ez-toc-page-1 ez-toc-heading-level-3'><a class=\"ez-toc-link ez-toc-heading-16\" href=\"https:\/\/www.belgic.eu\/index.php\/2026\/04\/02\/la-mise-en-peril-de-lethique-environnementale-par-les-derives-de-la-telerealite\/#Existe-t-il_des_labels_pour_une_telerealite_durable\" >Existe-t-il des labels pour une t\u00e9l\u00e9r\u00e9alit\u00e9 durable ?<\/a><\/li><\/ul><\/li><\/ul><\/nav><\/div>\n<h2><span class=\"ez-toc-section\" id=\"Decrypter_les_Enjeux_du_Prisme_Eco-Responsable_de_la_Telerealite_PERT\"><\/span>D\u00e9crypter les Enjeux du Prisme <a href=\"https:\/\/www.belgic.eu\/index.php\/2026\/02\/16\/lintegration-des-equipements-fitness-connectes-dans-une-demarche-eco-responsable\/\">\u00c9co-Responsable<\/a> de la T\u00e9l\u00e9r\u00e9alit\u00e9 (PERT)<span class=\"ez-toc-section-end\"><\/span><\/h2>\n<p>Le monde de la t\u00e9l\u00e9r\u00e9alit\u00e9, avide de sensations fortes, navigue parfois dangereusement loin des pr\u00e9occupations \u00e9cologiques. J&rsquo;ai d\u00e9velopp\u00e9 le Prisme \u00c9co-Responsable de la T\u00e9l\u00e9r\u00e9alit\u00e9 (PERT) pour analyser ces tensions. Il s&rsquo;agit d&rsquo;une grille d&rsquo;\u00e9valuation qui met en lumi\u00e8re les \u00e9carts entre les promesses d&rsquo;un <a href=\"https:\/\/www.belgic.eu\/index.php\/2026\/03\/05\/ladaptation-de-la-presse-de-divertissement-a-lere-numerique\/\">divertissement<\/a> engageant et les r\u00e9alit\u00e9s environnementales.<\/p>\n<p>Ce cadre nous permet de comprendre comment des productions, souvent sous pression pour l&rsquo;audimat, peuvent involontairement \u2014 ou sciemment \u2014 compromettre des \u00e9cosyst\u00e8mes et v\u00e9hiculer des messages probl\u00e9matiques. Nos observations montrent que la recherche du drame prime fr\u00e9quemment sur la durabilit\u00e9.<\/p>\n<h3><span class=\"ez-toc-section\" id=\"1_Analyser_les_Pratiques_a_Risque_sur_les_Lieux_de_Tournage\"><\/span>1. Analyser les Pratiques \u00e0 Risque sur les Lieux de Tournage<span class=\"ez-toc-section-end\"><\/span><\/h3>\n<p>La premi\u00e8re \u00e9tape du PERT consiste \u00e0 identifier les actions concr\u00e8tes des productions qui contreviennent aux principes environnementaux. Cela inclut le gaspillage d&rsquo;eau, d&rsquo;\u00e9nergie, la production de d\u00e9chets non recycl\u00e9s ou la d\u00e9gradation temporaire des habitats naturels.<\/p>\n<p>Lors de mes analyses de plusieurs \u00e9missions d&rsquo;aventure, j&rsquo;ai remarqu\u00e9 que des constructions \u00e9ph\u00e9m\u00e8res, bien que d\u00e9mont\u00e9es, laissaient souvent une empreinte significative. Par exemple, l&rsquo;acheminement de mat\u00e9riaux ou de fausse nourriture pour des d\u00e9fis repr\u00e9sente une aberration \u00e9cologique, m\u00eame si les sc\u00e8nes ne durent que quelques minutes. Ces pratiques, bien que spectaculaires, sont rarement justifiables.<\/p>\n<h3><span class=\"ez-toc-section\" id=\"2_Evaluer_lImpact_sur_les_Ecosystemes_et_Populations_Locales\"><\/span>2. \u00c9valuer l&rsquo;Impact sur les \u00c9cosyst\u00e8mes et Populations Locales<span class=\"ez-toc-section-end\"><\/span><\/h3>\n<p>Au-del\u00e0 des ressources directes, le PERT examine l&rsquo;effet \u00e0 plus long terme sur la biodiversit\u00e9 et les communaut\u00e9s autochtones. Un tournage intensif dans une zone recul\u00e9e peut perturber la faune locale, \u00e9roder des sols fragiles ou exercer une pression indue sur les services locaux.<\/p>\n<p>D&rsquo;apr\u00e8s notre analyse interne, les \u00e9quipes de production omettent parfois d&rsquo;impl\u00e9menter des protocoles de biovigilance stricts, augmentant les risques d&rsquo;introduction d&rsquo;esp\u00e8ces invasives ou de propagation de maladies. J&rsquo;ai constat\u00e9 que les promesses de retomb\u00e9es \u00e9conomiques pour les populations locales ne compensent pas toujours les dommages \u00e9cologiques irr\u00e9versibles.<\/p>\n<h3><span class=\"ez-toc-section\" id=\"3_Decrypter_les_Messages_Implicites_et_lEducation_du_Public\"><\/span>3. D\u00e9crypter les Messages Implicites et l&rsquo;\u00c9ducation du Public<span class=\"ez-toc-section-end\"><\/span><\/h3>\n<p>Le PERT s&rsquo;int\u00e9resse \u00e9galement au message v\u00e9hicul\u00e9 par l&rsquo;\u00e9mission elle-m\u00eame. La t\u00e9l\u00e9r\u00e9alit\u00e9 a un pouvoir d&rsquo;influence consid\u00e9rable, et pr\u00e9senter des comportements irresponsables sans critique peut normaliser ces d\u00e9rives aux yeux du public.<\/p>\n<p>J&rsquo;ai observ\u00e9 des sc\u00e8nes o\u00f9 la surconsommation \u00e9tait glorifi\u00e9e, ou des ressources naturelles exploit\u00e9es sans scrupule pour un d\u00e9fi, sans que cela soit remis en question par la narration. Cela envoie un signal dangereux, contredisant les efforts d&rsquo;\u00e9ducation environnementale et minant les initiatives de <a href=\"https:\/\/www.belgic.eu\/index.php\/2026\/03\/12\/le-financement-vert-des-projets-urbains-pour-des-villes-durables-et-resilientes\/\">d\u00e9veloppement durable<\/a>.<\/p>\n<h3><span class=\"ez-toc-section\" id=\"4_Proposer_des_Alternatives_et_des_Chartes_de_Bonne_Conduite\"><\/span>4. Proposer des Alternatives et des Chartes de Bonne Conduite<span class=\"ez-toc-section-end\"><\/span><\/h3>\n<p>Heureusement, des solutions existent. Le PERT met en avant la n\u00e9cessit\u00e9 d&rsquo;adopter des chartes de production \u00e9co-responsable, comme celles pr\u00f4n\u00e9es par certains labels verts pour le cin\u00e9ma. Ces chartes couvrent tout, de la gestion des d\u00e9chets \u00e0 l&rsquo;optimisation \u00e9nerg\u00e9tique, en passant par le choix des transports.<\/p>\n<p>Des innovations, telles que l&rsquo;utilisation de d\u00e9cors modulables et r\u00e9utilisables, ou la compensation carbone pour les d\u00e9placements a\u00e9riens, montrent qu&rsquo;une t\u00e9l\u00e9r\u00e9alit\u00e9 plus verte est possible. Cela exige un <a href=\"https:\/\/www.belgic.eu\/index.php\/2026\/02\/20\/lachat-dune-residence-principale-suit-plusieurs-etapes-cles\/\">investissement<\/a> initial mais garantit une meilleure image et une l\u00e9gitimit\u00e9 accrue.<\/p>\n<h2><span class=\"ez-toc-section\" id=\"Comparaison_des_Pratiques_de_Production_Telerealite_selon_le_PERT\"><\/span>Comparaison des Pratiques de Production T\u00e9l\u00e9r\u00e9alit\u00e9 selon le PERT<span class=\"ez-toc-section-end\"><\/span><\/h2>\n<p>Voici une \u00e9valuation compar\u00e9e de diff\u00e9rentes approches de la t\u00e9l\u00e9r\u00e9alit\u00e9 face aux crit\u00e8res du Prisme \u00c9co-Responsable.<\/p>\n<table>\n<thead>\n<tr>\n<th>Type de Production<\/th>\n<th>Empreinte Carbone Globale<\/th>\n<th>Respect des \u00c9cosyst\u00e8mes Locaux<\/th>\n<th>Message \u00c9thique V\u00e9hicul\u00e9<\/th>\n<th>Potentiel d&rsquo;Am\u00e9lioration<\/th>\n<\/tr>\n<\/thead>\n<tbody>\n<tr>\n<td>Aventure \/ Survie (Classique)<\/td>\n<td>\u00c9lev\u00e9e (d\u00e9placements, logistique)<\/td>\n<td>Moyen (d\u00e9pend des r\u00e8gles)<\/td>\n<td>Neutre \u00e0 N\u00e9gatif<\/td>\n<td>Faible (changement de mod\u00e8le)<\/td>\n<\/tr>\n<tr>\n<td><a href=\"https:\/\/www.belgic.eu\/index.php\/2026\/04\/21\/la-vie-quotidienne-sous-le-premier-empire-etait-tres-encadree\/\">Vie Quotidienne<\/a> (Int\u00e9rieur)<\/td>\n<td>Mod\u00e9r\u00e9e (studio, domiciles)<\/td>\n<td>\u00c9lev\u00e9 (faible impact direct)<\/td>\n<td>Variable (consommation)<\/td>\n<td>Moyen (sensibilisation des participants)<\/td>\n<\/tr>\n<tr>\n<td>Documentaire-R\u00e9alit\u00e9 (Nature)<\/td>\n<td>Faible \u00e0 Mod\u00e9r\u00e9e<\/td>\n<td>\u00c9lev\u00e9 (respect strict)<\/td>\n<td>Tr\u00e8s Positif (sensibilisation)<\/td>\n<td>\u00c9lev\u00e9 (optimisation continue)<\/td>\n<\/tr>\n<tr>\n<td>D\u00e9fis Urbains \/ \u00c9v\u00e9nements<\/td>\n<td>Mod\u00e9r\u00e9e \u00e0 \u00c9lev\u00e9e<\/td>\n<td>Moyen (d\u00e9pend des lieux)<\/td>\n<td>Neutre<\/td>\n<td>Moyen (partenariats locaux durables)<\/td>\n<\/tr>\n<\/tbody>\n<\/table>\n<h2><span class=\"ez-toc-section\" id=\"Les_Erreurs_Courantes_et_Comment_les_Surmonter\"><\/span>Les Erreurs Courantes et Comment les Surmonter<span class=\"ez-toc-section-end\"><\/span><\/h2>\n<p>Malgr\u00e9 les intentions parfois louables, la t\u00e9l\u00e9r\u00e9alit\u00e9 tombe souvent dans des pi\u00e8ges qui compromettent son \u00e9thique environnementale. Il est crucial d&rsquo;identifier ces \u00e9cueils pour y rem\u00e9dier efficacement.<\/p>\n<h3><span class=\"ez-toc-section\" id=\"1_Ignorer_les_Reglementations_Environnementales_Locales\"><\/span>1. Ignorer les R\u00e9glementations Environnementales Locales<span class=\"ez-toc-section-end\"><\/span><\/h3>\n<p>**Ce qui le cause :** Une connaissance insuffisante des lois locales ou une tendance \u00e0 consid\u00e9rer les r\u00e9glementations comme des entraves au tournage.<br \/>\n**Ce qui se passe :** Amendes, atteinte \u00e0 la r\u00e9putation, mais surtout des dommages irr\u00e9versibles \u00e0 des \u00e9cosyst\u00e8mes ou des esp\u00e8ces prot\u00e9g\u00e9es.<br \/>\n**Comment y rem\u00e9dier :** Int\u00e9grer des experts environnementaux locaux d\u00e8s la phase de pr\u00e9-production et \u00e9tablir un plan de conformit\u00e9 strict, en faisant appel \u00e0 des bureaux d&rsquo;\u00e9tudes sp\u00e9cialis\u00e9s.<\/p>\n<h3><span class=\"ez-toc-section\" id=\"2_Privilegier_le_Sensationnalisme_au_Detriement_de_lImpact\"><\/span>2. Privil\u00e9gier le Sensationnalisme au D\u00e9triement de l&rsquo;Impact<span class=\"ez-toc-section-end\"><\/span><\/h3>\n<p>**Ce qui le cause :** La pression de l&rsquo;audimat et la recherche constante de moments \u00ab\u00a0choc\u00a0\u00bb qui g\u00e9n\u00e8rent des r\u00e9actions \u00e9motionnelles fortes.<br \/>\n**Ce qui se passe :** Des sc\u00e8nes qui impliquent une destruction mat\u00e9rielle excessive, un gaspillage de ressources ou une mise en sc\u00e8ne intrusive pour la faune.<br \/>\n**Comment y rem\u00e9dier :** Repenser la cr\u00e9ativit\u00e9 pour qu&rsquo;elle s&rsquo;aligne sur la durabilit\u00e9. Des d\u00e9fis peuvent \u00eatre tout aussi captivants s&rsquo;ils sont construits autour de l&rsquo;ing\u00e9niosit\u00e9, du respect de l&rsquo;<a href=\"https:\/\/www.belgic.eu\/index.php\/2026\/02\/08\/organiser-un-nettoyage-citoyen-collectif-dans-votre-ville\/\">environnement<\/a> ou de la <a href=\"https:\/\/www.belgic.eu\/index.php\/2026\/04\/17\/un-management-adapte-favorise-linnovation-collective-au-sein-des-equipes\/\">collaboration<\/a> \u00e9co-responsable.<\/p>\n<h3><span class=\"ez-toc-section\" id=\"3_Manque_de_Transparence_sur_les_%C2%AB_Coulisses_%C2%BB_de_Production\"><\/span>3. Manque de Transparence sur les \u00ab\u00a0Coulisses\u00a0\u00bb de Production<span class=\"ez-toc-section-end\"><\/span><\/h3>\n<p>**Ce qui le cause :** La volont\u00e9 de maintenir l&rsquo;illusion du spectacle et de ne pas r\u00e9v\u00e9ler les co\u00fbts \u00e9cologiques r\u00e9els de certaines sc\u00e8nes.<br \/>\n**Ce qui se passe :** Le public reste ignorant de l&rsquo;impact, et les productions ne sont pas tenues responsables de leurs actions au-del\u00e0 de l&rsquo;\u00e9cran.<br \/>\n**Comment y rem\u00e9dier :** Mettre en place des audits \u00e9cologiques ind\u00e9pendants et communiquer sur les efforts r\u00e9alis\u00e9s en mati\u00e8re de <a href=\"https:\/\/www.belgic.eu\/index.php\/2026\/04\/08\/des-exercices-de-coaching-renforcent-progressivement-la-confiance-en-soi\/\">d\u00e9veloppement<\/a> durable. Certains programmes pourraient m\u00eame int\u00e9grer des \u00ab\u00a0making-of\u00a0\u00bb d\u00e9di\u00e9s aux pratiques \u00e9co-responsables.<\/p>\n<p>Les d\u00e9rives de la t\u00e9l\u00e9r\u00e9alit\u00e9 en mati\u00e8re d&rsquo;\u00e9thique environnementale ne sont pas une fatalit\u00e9. En adoptant une approche rigoureuse comme le Prisme \u00c9co-Responsable de la T\u00e9l\u00e9r\u00e9alit\u00e9, les productions ont le pouvoir de transformer leur impact n\u00e9gatif en une opportunit\u00e9 d&rsquo;\u00e9ducation et de sensibilisation. Il est temps que le divertissement de masse assume pleinement sa part de responsabilit\u00e9 face aux d\u00e9fis \u00e9cologiques de notre \u00e9poque, offrant des contenus qui inspirent au lieu de compromettre notre avenir commun.<\/p>\n<h2><span class=\"ez-toc-section\" id=\"Questions_Frequentes_sur_lEthique_Environnementale_et_la_Telerealite\"><\/span>Questions Fr\u00e9quentes sur l&rsquo;\u00c9thique Environnementale et la T\u00e9l\u00e9r\u00e9alit\u00e9<span class=\"ez-toc-section-end\"><\/span><\/h2>\n<h3><span class=\"ez-toc-section\" id=\"La_telerealite_peut-elle_etre_eco-responsable\"><\/span>La t\u00e9l\u00e9r\u00e9alit\u00e9 peut-elle \u00eatre \u00e9co-responsable ?<span class=\"ez-toc-section-end\"><\/span><\/h3>\n<p>Oui, en adoptant des chartes de production verte, en minimisant l&#8217;empreinte carbone et en int\u00e9grant des messages positifs de durabilit\u00e9.<\/p>\n<h3><span class=\"ez-toc-section\" id=\"Quel_est_limpact_reel_des_tournages_sur_les_ecosystemes\"><\/span>Quel est l&rsquo;impact r\u00e9el des tournages sur les \u00e9cosyst\u00e8mes ?<span class=\"ez-toc-section-end\"><\/span><\/h3>\n<p>Les tournages peuvent entra\u00eener une pollution sonore, la d\u00e9gradation des sols, la perturbation de la faune et de la flore, ainsi qu&rsquo;une consommation excessive de ressources.<\/p>\n<h3><span class=\"ez-toc-section\" id=\"Comment_les_telespectateurs_peuvent-ils_agir_face_aux_derives\"><\/span>Comment les t\u00e9l\u00e9spectateurs peuvent-ils agir face aux d\u00e9rives ?<span class=\"ez-toc-section-end\"><\/span><\/h3>\n<p>Les t\u00e9l\u00e9spectateurs peuvent exprimer leurs pr\u00e9occupations aux cha\u00eenes de t\u00e9l\u00e9vision, soutenir les \u00e9missions aux pratiques \u00e9co-responsables et privil\u00e9gier un contenu plus vert.<\/p>\n<h3><span class=\"ez-toc-section\" id=\"Quels_sont_les_exemples_de_derives_environnementales_en_telerealite\"><\/span>Quels sont les exemples de d\u00e9rives environnementales en t\u00e9l\u00e9r\u00e9alit\u00e9 ?<span class=\"ez-toc-section-end\"><\/span><\/h3>\n<p>Les exemples incluent le gaspillage de nourriture pour des \u00e9preuves, l&rsquo;utilisation de transports polluants pour des d\u00e9cors \u00e9ph\u00e9m\u00e8res et la destruction de biens mat\u00e9riels inutiles.<\/p>\n<h3><span class=\"ez-toc-section\" id=\"Existe-t-il_des_labels_pour_une_telerealite_durable\"><\/span>Existe-t-il des labels pour une t\u00e9l\u00e9r\u00e9alit\u00e9 durable ?<span class=\"ez-toc-section-end\"><\/span><\/h3>\n<p>Des initiatives existent pour cr\u00e9er des labels ou des certifications d\u00e9di\u00e9es aux productions audiovisuelles \u00e9co-responsables, encourageant les bonnes pratiques environnementales et sociales.<\/p>\n","protected":false},"excerpt":{"rendered":"<p> &#8230; <a title=\"La mise en p\u00e9ril de l&rsquo;\u00e9thique environnementale par les d\u00e9rives de la t\u00e9l\u00e9r\u00e9alit\u00e9\" class=\"read-more\" href=\"https:\/\/www.belgic.eu\/index.php\/2026\/04\/02\/la-mise-en-peril-de-lethique-environnementale-par-les-derives-de-la-telerealite\/\" aria-label=\"En savoir plus sur La mise en p\u00e9ril de l&rsquo;\u00e9thique environnementale par les d\u00e9rives de la t\u00e9l\u00e9r\u00e9alit\u00e9\">Lire plus<\/a><\/p>\n","protected":false},"author":3,"featured_media":750,"comment_status":"open","ping_status":"open","sticky":false,"template":"","format":"standard","meta":{"fifu_image_url":"","fifu_image_alt":"","footnotes":""},"categories":[1009],"tags":[2559,744,1250,2219,2335,723,2218,2550],"class_list":["post-780","post","type-post","status-publish","format-standard","has-post-thumbnail","hentry","category-alimentation-mode-de-vie","tag-derives","tag-ecologie","tag-environnement","tag-ethique","tag-impact","tag-production","tag-responsabilite","tag-telerealite","resize-featured-image"],"_links":{"self":[{"href":"https:\/\/www.belgic.eu\/index.php\/wp-json\/wp\/v2\/posts\/780","targetHints":{"allow":["GET"]}}],"collection":[{"href":"https:\/\/www.belgic.eu\/index.php\/wp-json\/wp\/v2\/posts"}],"about":[{"href":"https:\/\/www.belgic.eu\/index.php\/wp-json\/wp\/v2\/types\/post"}],"author":[{"embeddable":true,"href":"https:\/\/www.belgic.eu\/index.php\/wp-json\/wp\/v2\/users\/3"}],"replies":[{"embeddable":true,"href":"https:\/\/www.belgic.eu\/index.php\/wp-json\/wp\/v2\/comments?post=780"}],"version-history":[{"count":1,"href":"https:\/\/www.belgic.eu\/index.php\/wp-json\/wp\/v2\/posts\/780\/revisions"}],"predecessor-version":[{"id":1438,"href":"https:\/\/www.belgic.eu\/index.php\/wp-json\/wp\/v2\/posts\/780\/revisions\/1438"}],"wp:featuredmedia":[{"embeddable":true,"href":"https:\/\/www.belgic.eu\/index.php\/wp-json\/wp\/v2\/media\/750"}],"wp:attachment":[{"href":"https:\/\/www.belgic.eu\/index.php\/wp-json\/wp\/v2\/media?parent=780"}],"wp:term":[{"taxonomy":"category","embeddable":true,"href":"https:\/\/www.belgic.eu\/index.php\/wp-json\/wp\/v2\/categories?post=780"},{"taxonomy":"post_tag","embeddable":true,"href":"https:\/\/www.belgic.eu\/index.php\/wp-json\/wp\/v2\/tags?post=780"}],"curies":[{"name":"wp","href":"https:\/\/api.w.org\/{rel}","templated":true}]}}