{"id":779,"date":"2026-03-31T09:57:46","date_gmt":"2026-03-31T09:57:46","guid":{"rendered":"https:\/\/www.belgic.eu\/?p=779"},"modified":"2026-03-31T09:57:46","modified_gmt":"2026-03-31T09:57:46","slug":"lequilibre-delicat-de-la-regulation-mediatique-face-aux-figures-publiques","status":"publish","type":"post","link":"https:\/\/www.belgic.eu\/index.php\/2026\/03\/31\/lequilibre-delicat-de-la-regulation-mediatique-face-aux-figures-publiques\/","title":{"rendered":"L&rsquo;\u00e9quilibre d\u00e9licat de la r\u00e9gulation m\u00e9diatique face aux figures publiques"},"content":{"rendered":"<p>Les interactions entre figures publiques et m\u00e9dias g\u00e9n\u00e8rent des tensions constantes, exigeant un encadrement pr\u00e9cis. La r\u00e9gulation des m\u00e9dias vise \u00e0 concilier libert\u00e9 d&rsquo;expression, protection de la vie priv\u00e9e et diffusion d&rsquo;informations fiables. Cet effort n\u00e9cessite des ajustements l\u00e9gislatifs et \u00e9thiques continus pour garantir un espace public sain et inform\u00e9.<\/p>\n<p>Le traitement m\u00e9diatique des personnalit\u00e9s publiques soul\u00e8ve des questions fondamentales sur le droit \u00e0 l&rsquo;information et la protection individuelle. L&rsquo;absence d&rsquo;un cadre clair peut mener \u00e0 des d\u00e9rives, de la <a href=\"https:\/\/www.belgic.eu\/index.php\/2026\/02\/07\/linfluence-des-medias-sur-la-perception-des-phenomenes-sociaux\/\">d\u00e9sinformation<\/a> \u00e0 l&rsquo;atteinte \u00e0 la r\u00e9putation, mena\u00e7ant la confiance citoyenne.<\/p>\n<p>Lors de nos \u00e9tudes sur l&rsquo;\u00e9volution des pratiques m\u00e9diatiques, j&rsquo;ai personnellement observ\u00e9 que la digitalisation a intensifi\u00e9 ces dynamiques. La vitesse de propagation de l&rsquo;information et l&rsquo;interconnexion globale complexifient grandement le r\u00f4le des autorit\u00e9s de r\u00e9gulation.<\/p>\n<div id=\"ez-toc-container\" class=\"ez-toc-v2_0_80 counter-hierarchy ez-toc-counter ez-toc-grey ez-toc-container-direction\">\n<div class=\"ez-toc-title-container\">\n<p class=\"ez-toc-title\" style=\"cursor:inherit\">Table of Contents<\/p>\n<span class=\"ez-toc-title-toggle\"><a href=\"#\" class=\"ez-toc-pull-right ez-toc-btn ez-toc-btn-xs ez-toc-btn-default ez-toc-toggle\" aria-label=\"Toggle Table of Content\"><span class=\"ez-toc-js-icon-con\"><span class=\"\"><span class=\"eztoc-hide\" style=\"display:none;\">Toggle<\/span><span class=\"ez-toc-icon-toggle-span\"><svg style=\"fill: #999;color:#999\" xmlns=\"http:\/\/www.w3.org\/2000\/svg\" class=\"list-377408\" width=\"20px\" height=\"20px\" viewBox=\"0 0 24 24\" fill=\"none\"><path d=\"M6 6H4v2h2V6zm14 0H8v2h12V6zM4 11h2v2H4v-2zm16 0H8v2h12v-2zM4 16h2v2H4v-2zm16 0H8v2h12v-2z\" fill=\"currentColor\"><\/path><\/svg><svg style=\"fill: #999;color:#999\" class=\"arrow-unsorted-368013\" xmlns=\"http:\/\/www.w3.org\/2000\/svg\" width=\"10px\" height=\"10px\" viewBox=\"0 0 24 24\" version=\"1.2\" baseProfile=\"tiny\"><path d=\"M18.2 9.3l-6.2-6.3-6.2 6.3c-.2.2-.3.4-.3.7s.1.5.3.7c.2.2.4.3.7.3h11c.3 0 .5-.1.7-.3.2-.2.3-.5.3-.7s-.1-.5-.3-.7zM5.8 14.7l6.2 6.3 6.2-6.3c.2-.2.3-.5.3-.7s-.1-.5-.3-.7c-.2-.2-.4-.3-.7-.3h-11c-.3 0-.5.1-.7.3-.2.2-.3.5-.3.7s.1.5.3.7z\"\/><\/svg><\/span><\/span><\/span><\/a><\/span><\/div>\n<nav><ul class='ez-toc-list ez-toc-list-level-1 ' ><li class='ez-toc-page-1 ez-toc-heading-level-2'><a class=\"ez-toc-link ez-toc-heading-1\" href=\"https:\/\/www.belgic.eu\/index.php\/2026\/03\/31\/lequilibre-delicat-de-la-regulation-mediatique-face-aux-figures-publiques\/#Le_Cadre_dAnalyse_des_Equilibres_Mediatiques_CAEM_Une_Approche_Novatrice\" >Le Cadre d&rsquo;Analyse des \u00c9quilibres M\u00e9diatiques (CAEM) : Une Approche Novatrice<\/a><ul class='ez-toc-list-level-3' ><li class='ez-toc-heading-level-3'><a class=\"ez-toc-link ez-toc-heading-2\" href=\"https:\/\/www.belgic.eu\/index.php\/2026\/03\/31\/lequilibre-delicat-de-la-regulation-mediatique-face-aux-figures-publiques\/#Etape_1_Decrypter_les_Fondements_de_la_Regulation\" >\u00c9tape 1 : D\u00e9crypter les Fondements de la R\u00e9gulation<\/a><\/li><li class='ez-toc-page-1 ez-toc-heading-level-3'><a class=\"ez-toc-link ez-toc-heading-3\" href=\"https:\/\/www.belgic.eu\/index.php\/2026\/03\/31\/lequilibre-delicat-de-la-regulation-mediatique-face-aux-figures-publiques\/#Etape_2_LImpact_des_Figures_Publiques_sur_lInformation\" >\u00c9tape 2 : L&rsquo;Impact des Figures Publiques sur l&rsquo;Information<\/a><\/li><li class='ez-toc-page-1 ez-toc-heading-level-3'><a class=\"ez-toc-link ez-toc-heading-4\" href=\"https:\/\/www.belgic.eu\/index.php\/2026\/03\/31\/lequilibre-delicat-de-la-regulation-mediatique-face-aux-figures-publiques\/#Etape_3_Gerer_les_Tensions_entre_Liberte_et_Responsabilite\" >\u00c9tape 3 : G\u00e9rer les Tensions entre Libert\u00e9 et Responsabilit\u00e9<\/a><\/li><\/ul><\/li><li class='ez-toc-page-1 ez-toc-heading-level-2'><a class=\"ez-toc-link ez-toc-heading-5\" href=\"https:\/\/www.belgic.eu\/index.php\/2026\/03\/31\/lequilibre-delicat-de-la-regulation-mediatique-face-aux-figures-publiques\/#LEncadrement_des_Interactions_Quelles_Solutions\" >L&rsquo;Encadrement des Interactions : Quelles Solutions ?<\/a><ul class='ez-toc-list-level-3' ><li class='ez-toc-heading-level-3'><a class=\"ez-toc-link ez-toc-heading-6\" href=\"https:\/\/www.belgic.eu\/index.php\/2026\/03\/31\/lequilibre-delicat-de-la-regulation-mediatique-face-aux-figures-publiques\/#Strategies_dEncadrement_et_Responsabilites\" >Strat\u00e9gies d&rsquo;Encadrement et Responsabilit\u00e9s<\/a><\/li><\/ul><\/li><li class='ez-toc-page-1 ez-toc-heading-level-2'><a class=\"ez-toc-link ez-toc-heading-7\" href=\"https:\/\/www.belgic.eu\/index.php\/2026\/03\/31\/lequilibre-delicat-de-la-regulation-mediatique-face-aux-figures-publiques\/#Pieges_et_Erreurs_Frequentes_dans_la_Regulation_des_Contenus\" >Pi\u00e8ges et Erreurs Fr\u00e9quentes dans la R\u00e9gulation des Contenus<\/a><ul class='ez-toc-list-level-3' ><li class='ez-toc-heading-level-3'><a class=\"ez-toc-link ez-toc-heading-8\" href=\"https:\/\/www.belgic.eu\/index.php\/2026\/03\/31\/lequilibre-delicat-de-la-regulation-mediatique-face-aux-figures-publiques\/#Erreur_1_Une_Regulation_Trop_Rigide_ou_Insuffisante\" >Erreur 1 : Une R\u00e9gulation Trop Rigide ou Insuffisante<\/a><\/li><li class='ez-toc-page-1 ez-toc-heading-level-3'><a class=\"ez-toc-link ez-toc-heading-9\" href=\"https:\/\/www.belgic.eu\/index.php\/2026\/03\/31\/lequilibre-delicat-de-la-regulation-mediatique-face-aux-figures-publiques\/#Erreur_2_Ignorer_la_Specificite_des_Nouveaux_Medias\" >Erreur 2 : Ignorer la Sp\u00e9cificit\u00e9 des Nouveaux M\u00e9dias<\/a><\/li><li class='ez-toc-page-1 ez-toc-heading-level-3'><a class=\"ez-toc-link ez-toc-heading-10\" href=\"https:\/\/www.belgic.eu\/index.php\/2026\/03\/31\/lequilibre-delicat-de-la-regulation-mediatique-face-aux-figures-publiques\/#Erreur_3_La_Surcharge_dInformations_pour_les_Figures_Publiques\" >Erreur 3 : La Surcharge d&rsquo;Informations pour les Figures Publiques<\/a><\/li><\/ul><\/li><li class='ez-toc-page-1 ez-toc-heading-level-2'><a class=\"ez-toc-link ez-toc-heading-11\" href=\"https:\/\/www.belgic.eu\/index.php\/2026\/03\/31\/lequilibre-delicat-de-la-regulation-mediatique-face-aux-figures-publiques\/#Vers_un_Ecosysteme_Mediatique_Equilibre\" >Vers un \u00c9cosyst\u00e8me M\u00e9diatique \u00c9quilibr\u00e9<\/a><\/li><li class='ez-toc-page-1 ez-toc-heading-level-2'><a class=\"ez-toc-link ez-toc-heading-12\" href=\"https:\/\/www.belgic.eu\/index.php\/2026\/03\/31\/lequilibre-delicat-de-la-regulation-mediatique-face-aux-figures-publiques\/#Foire_Aux_Questions_sur_la_Regulation_des_Medias\" >Foire Aux Questions sur la R\u00e9gulation des M\u00e9dias<\/a><ul class='ez-toc-list-level-3' ><li class='ez-toc-heading-level-3'><a class=\"ez-toc-link ez-toc-heading-13\" href=\"https:\/\/www.belgic.eu\/index.php\/2026\/03\/31\/lequilibre-delicat-de-la-regulation-mediatique-face-aux-figures-publiques\/#Quest-ce_que_lARCOM_et_quel_est_son_role\" >Qu&rsquo;est-ce que l&rsquo;ARCOM et quel est son r\u00f4le ?<\/a><\/li><li class='ez-toc-page-1 ez-toc-heading-level-3'><a class=\"ez-toc-link ez-toc-heading-14\" href=\"https:\/\/www.belgic.eu\/index.php\/2026\/03\/31\/lequilibre-delicat-de-la-regulation-mediatique-face-aux-figures-publiques\/#Comment_les_reseaux_sociaux_sont-ils_encadres\" >Comment les r\u00e9seaux sociaux sont-ils encadr\u00e9s ?<\/a><\/li><li class='ez-toc-page-1 ez-toc-heading-level-3'><a class=\"ez-toc-link ez-toc-heading-15\" href=\"https:\/\/www.belgic.eu\/index.php\/2026\/03\/31\/lequilibre-delicat-de-la-regulation-mediatique-face-aux-figures-publiques\/#Une_figure_publique_a-t-elle_des_droits_differents_concernant_sa_vie_privee\" >Une figure publique a-t-elle des droits diff\u00e9rents concernant sa vie priv\u00e9e ?<\/a><\/li><li class='ez-toc-page-1 ez-toc-heading-level-3'><a class=\"ez-toc-link ez-toc-heading-16\" href=\"https:\/\/www.belgic.eu\/index.php\/2026\/03\/31\/lequilibre-delicat-de-la-regulation-mediatique-face-aux-figures-publiques\/#Quels_sont_les_risques_dune_regulation_excessive_des_medias\" >Quels sont les risques d&rsquo;une r\u00e9gulation excessive des m\u00e9dias ?<\/a><\/li><li class='ez-toc-page-1 ez-toc-heading-level-3'><a class=\"ez-toc-link ez-toc-heading-17\" href=\"https:\/\/www.belgic.eu\/index.php\/2026\/03\/31\/lequilibre-delicat-de-la-regulation-mediatique-face-aux-figures-publiques\/#Quel_est_limpact_de_lIA_sur_la_regulation_des_contenus_mediatiques\" >Quel est l&rsquo;impact de l&rsquo;IA sur la r\u00e9gulation des contenus m\u00e9diatiques ?<\/a><\/li><\/ul><\/li><\/ul><\/nav><\/div>\n<h2><span class=\"ez-toc-section\" id=\"Le_Cadre_dAnalyse_des_Equilibres_Mediatiques_CAEM_Une_Approche_Novatrice\"><\/span>Le Cadre d&rsquo;Analyse des \u00c9quilibres M\u00e9diatiques (CAEM) : Une Approche Novatrice<span class=\"ez-toc-section-end\"><\/span><\/h2>\n<p>Le CAEM propose une grille de lecture syst\u00e9mique pour appr\u00e9hender les d\u00e9fis pos\u00e9s par la r\u00e9gulation des m\u00e9dias, les figures publiques, les tensions inh\u00e9rentes et leur encadrement. Cette m\u00e9thodologie permet d&rsquo;identifier les zones de friction et d&rsquo;anticiper les \u00e9volutions n\u00e9cessaires.<\/p>\n<p>Elle analyse comment les cadres l\u00e9gaux interagissent avec les comportements des personnalit\u00e9s et l&rsquo;<a href=\"https:\/\/www.belgic.eu\/index.php\/2026\/03\/12\/le-financement-vert-des-projets-urbains-pour-des-villes-durables-et-resilientes\/\">environnement<\/a> technologique. Notre analyse r\u00e9v\u00e8le que des ajustements permanents sont cruciaux pour maintenir un juste \u00e9quilibre d\u00e9mocratique.<\/p>\n<h3><span class=\"ez-toc-section\" id=\"Etape_1_Decrypter_les_Fondements_de_la_Regulation\"><\/span>\u00c9tape 1 : D\u00e9crypter les Fondements de la R\u00e9gulation<span class=\"ez-toc-section-end\"><\/span><\/h3>\n<p>Comprendre la r\u00e9gulation implique d&rsquo;abord d&rsquo;examiner les institutions et les textes qui la structurent. En France, l&rsquo;Autorit\u00e9 de r\u00e9gulation de la communication audiovisuelle et num\u00e9rique (ARCOM) joue un r\u00f4le central, succ\u00e9dant au CSA.<\/p>\n<p>Ces organismes d\u00e9finissent les r\u00e8gles en mati\u00e8re de pluralisme, d&rsquo;honn\u00eatet\u00e9 de l&rsquo;information et de protection des publics. Ils interviennent en cas de manquement, notamment lorsque des figures publiques sont impliqu\u00e9es dans des pol\u00e9miques.<\/p>\n<p>Par exemple, la diffusion de propos diffamatoires par un \u00e9lu sur une cha\u00eene d&rsquo;information serait imm\u00e9diatement encadr\u00e9e par la l\u00e9gislation en vigueur. L&rsquo;ARCOM pourrait \u00eatre saisie et \u00e9mettre des <a href=\"https:\/\/www.belgic.eu\/index.php\/2026\/03\/01\/la-juste-mesure-quotidienne-pour-la-consommation-de-viande\/\">recommandations<\/a> ou sanctions.<\/p>\n<h3><span class=\"ez-toc-section\" id=\"Etape_2_LImpact_des_Figures_Publiques_sur_lInformation\"><\/span>\u00c9tape 2 : L&rsquo;Impact des Figures Publiques sur l&rsquo;Information<span class=\"ez-toc-section-end\"><\/span><\/h3>\n<p>Les personnalit\u00e9s politiques, culturelles ou scientifiques exercent une influence consid\u00e9rable sur l&rsquo;<a href=\"https:\/\/www.belgic.eu\/index.php\/2026\/03\/01\/la-fonction-critique-des-personnalites-mediatiques-dans-le-paysage-politique\/\">opinion publique<\/a>. Leurs d\u00e9clarations, opinions ou m\u00eame leur simple pr\u00e9sence m\u00e9diatique peuvent orienter le d\u00e9bat.<\/p>\n<p>Cela pose des questions sur la v\u00e9racit\u00e9 de l&rsquo;information qu&rsquo;elles v\u00e9hiculent et leur <a href=\"https:\/\/www.belgic.eu\/index.php\/2026\/03\/21\/les-frontieres-legales-et-ethiques-de-la-liberte-dexpression\/\">responsabilit\u00e9<\/a>. La multiplication des \u00ab\u00a0experts\u00a0\u00bb sur les plateformes brouille parfois les rep\u00e8res pour le public.<\/p>\n<p>Un cas classique est celui d&rsquo;un influenceur sant\u00e9 partageant des informations non valid\u00e9es scientifiquement. L&rsquo;encadrement doit alors distinguer la libert\u00e9 d&rsquo;expression de la propagation de contenus potentiellement dangereux.<\/p>\n<h3><span class=\"ez-toc-section\" id=\"Etape_3_Gerer_les_Tensions_entre_Liberte_et_Responsabilite\"><\/span>\u00c9tape 3 : G\u00e9rer les Tensions entre Libert\u00e9 et Responsabilit\u00e9<span class=\"ez-toc-section-end\"><\/span><\/h3>\n<p>La ligne est souvent mince entre le droit d&rsquo;informer et le respect de la vie priv\u00e9e ou de la dignit\u00e9. Les m\u00e9dias ont le devoir d&rsquo;enqu\u00eater, mais doivent aussi se conformer \u00e0 des r\u00e8gles \u00e9thiques strictes.<\/p>\n<p>Ces tensions s&rsquo;exacerbent lorsque des figures publiques sont sous le feu des projecteurs. Leurs vies priv\u00e9es sont souvent scrut\u00e9es, cr\u00e9ant des dilemmes pour les r\u00e9dactions.<\/p>\n<p>La publication d&rsquo;une photo vol\u00e9e d&rsquo;une personnalit\u00e9 politique dans un cadre priv\u00e9 illustre ce conflit. L&rsquo;\u00e9quilibre entre l&rsquo;int\u00e9r\u00eat public et la protection de l&rsquo;intimit\u00e9 doit \u00eatre constamment r\u00e9\u00e9valu\u00e9.<\/p>\n<h2><span class=\"ez-toc-section\" id=\"LEncadrement_des_Interactions_Quelles_Solutions\"><\/span>L&rsquo;Encadrement des Interactions : Quelles Solutions ?<span class=\"ez-toc-section-end\"><\/span><\/h2>\n<p>L&rsquo;adaptation constante des cadres r\u00e9gulatoires est indispensable face \u00e0 l&rsquo;\u00e9volution rapide des technologies et des usages. L&rsquo;accent est mis sur la co-r\u00e9gulation et la responsabilisation de tous les acteurs.<\/p>\n<p>Les plateformes num\u00e9riques, en particulier, sont de plus en plus appel\u00e9es \u00e0 jouer un r\u00f4le actif. Elles doivent mod\u00e9rer les contenus et garantir la transparence, un d\u00e9fi complexe \u00e0 l&rsquo;\u00e9chelle mondiale.<\/p>\n<h3><span class=\"ez-toc-section\" id=\"Strategies_dEncadrement_et_Responsabilites\"><\/span>Strat\u00e9gies d&rsquo;Encadrement et Responsabilit\u00e9s<span class=\"ez-toc-section-end\"><\/span><\/h3>\n<p>L&rsquo;efficacit\u00e9 de la r\u00e9gulation repose sur une approche multipartite. Notre exp\u00e9rience montre que la <a href=\"https:\/\/www.belgic.eu\/index.php\/2026\/04\/17\/un-management-adapte-favorise-linnovation-collective-au-sein-des-equipes\/\">collaboration<\/a> entre l\u00e9gislateurs, r\u00e9gulateurs, m\u00e9dias et plateformes offre les meilleures perspectives.<\/p>\n<p>Des chartes \u00e9thiques, des outils de signalement et des dispositifs de <a href=\"https:\/\/www.belgic.eu\/index.php\/2026\/03\/25\/les-enjeux-cruciaux-de-la-verification-de-linformation-en-journalisme-dinvestigation\/\">v\u00e9rification<\/a> des faits renforcent l&rsquo;arsenal. Le CAEM met en lumi\u00e8re la n\u00e9cessit\u00e9 d&rsquo;une vigilance constante.<\/p>\n<table>\n<thead>\n<tr>\n<th>Acteur<\/th>\n<th>R\u00f4le Cl\u00e9<\/th>\n<th>D\u00e9fis Actuels<\/th>\n<th>Leviers d&rsquo;Action<\/th>\n<\/tr>\n<\/thead>\n<tbody>\n<tr>\n<td>R\u00e9gulateurs (ex: ARCOM)<\/td>\n<td>Garantir le respect des lois et des r\u00e8gles \u00e9thiques<\/td>\n<td>Adapter les lois au num\u00e9rique, manque de ressources<\/td>\n<td>L\u00e9gislation proactive, coop\u00e9ration internationale<\/td>\n<\/tr>\n<tr>\n<td>M\u00e9dias traditionnels<\/td>\n<td>Produire et diffuser une information fiable<\/td>\n<td>Pression \u00e9conomique, course \u00e0 l&rsquo;audience, d\u00e9sinformation<\/td>\n<td>D\u00e9ontologie renforc\u00e9e, journalisme d&rsquo;<a href=\"https:\/\/www.belgic.eu\/index.php\/2026\/03\/25\/les-enjeux-cruciaux-de-la-verification-de-linformation-en-journalisme-dinvestigation\/\">investigation<\/a><\/td>\n<\/tr>\n<tr>\n<td>Plateformes num\u00e9riques<\/td>\n<td>Mod\u00e9rer les contenus, lutter contre les abus<\/td>\n<td>Volume de contenu, complexit\u00e9 des algorithmes, pression politique<\/td>\n<td>Transparence algorithmique, mod\u00e9ration humaine et IA<\/td>\n<\/tr>\n<tr>\n<td>Figures publiques<\/td>\n<td>Responsabilit\u00e9 de leur communication et influence<\/td>\n<td>Pression m\u00e9diatique, risques de d\u00e9sinformation<\/td>\n<td>\u00c9ducation aux m\u00e9dias, communication \u00e9thique<\/td>\n<\/tr>\n<\/tbody>\n<\/table>\n<h2><span class=\"ez-toc-section\" id=\"Pieges_et_Erreurs_Frequentes_dans_la_Regulation_des_Contenus\"><\/span>Pi\u00e8ges et <a href=\"https:\/\/www.belgic.eu\/index.php\/2026\/02\/04\/allocations-chomage-actualisation-mensuelle-erreurs-frequentes-et-sanctions\/\">Erreurs Fr\u00e9quentes<\/a> dans la R\u00e9gulation des Contenus<span class=\"ez-toc-section-end\"><\/span><\/h2>\n<p>Malgr\u00e9 les bonnes intentions, la r\u00e9gulation peut buter sur des obstacles impr\u00e9vus. J&rsquo;ai remarqu\u00e9 que certaines approches g\u00e9n\u00e8rent plus de probl\u00e8mes qu&rsquo;elles n&rsquo;en r\u00e9solvent.<\/p>\n<p>Il est imp\u00e9ratif d&rsquo;apprendre de ces erreurs pour affiner continuellement les strat\u00e9gies d&rsquo;encadrement. L&rsquo;agilit\u00e9 est une qualit\u00e9 essentielle dans ce domaine en perp\u00e9tuelle mutation.<\/p>\n<h3><span class=\"ez-toc-section\" id=\"Erreur_1_Une_Regulation_Trop_Rigide_ou_Insuffisante\"><\/span>Erreur 1 : Une R\u00e9gulation Trop Rigide ou Insuffisante<span class=\"ez-toc-section-end\"><\/span><\/h3>\n<p>Une r\u00e9gulation excessive peut entraver la libert\u00e9 d&rsquo;expression et l&rsquo;innovation journalistique. Inversement, une approche trop laxiste laisse le champ libre aux d\u00e9rives et \u00e0 la d\u00e9sinformation.<\/p>\n<p>La cause est souvent une m\u00e9connaissance des dynamiques m\u00e9diatiques ou une r\u00e9action politique h\u00e2tive. La cons\u00e9quence directe est une insatisfaction g\u00e9n\u00e9rale et un manque de confiance.<\/p>\n<p>Pour y rem\u00e9dier, il faut privil\u00e9gier une r\u00e9gulation agile et concert\u00e9e, capable de s&rsquo;adapter. Un \u00e9quilibre entre souplesse et fermet\u00e9 est la cl\u00e9 pour \u00e9viter la censure ou le chaos informationnel.<\/p>\n<h3><span class=\"ez-toc-section\" id=\"Erreur_2_Ignorer_la_Specificite_des_Nouveaux_Medias\"><\/span>Erreur 2 : Ignorer la Sp\u00e9cificit\u00e9 des Nouveaux M\u00e9dias<span class=\"ez-toc-section-end\"><\/span><\/h3>\n<p>Transposer directement les r\u00e8gles des m\u00e9dias traditionnels aux plateformes num\u00e9riques est une erreur fr\u00e9quente. Les <a href=\"https:\/\/www.belgic.eu\/index.php\/2026\/03\/25\/les-outils-essentiels-pour-la-creation-de-contenu-gratuit-sur-mobile\/\">r\u00e9seaux sociaux<\/a> ont des fonctionnements et des port\u00e9es diff\u00e9rentes.<\/p>\n<p>Cela se produit par manque d&rsquo;expertise technologique ou par conservatisme l\u00e9gislatif. Il en r\u00e9sulte des lois inadapt\u00e9es, difficiles \u00e0 appliquer et souvent contourn\u00e9es.<\/p>\n<p>La solution r\u00e9side dans l&rsquo;\u00e9laboration de cadres sp\u00e9cifiques, en tenant compte des algorithmes, de la viralit\u00e9 et de la nature collaborative du web. Une r\u00e9gulation par la co-responsabilit\u00e9 est souvent plus efficace.<\/p>\n<h3><span class=\"ez-toc-section\" id=\"Erreur_3_La_Surcharge_dInformations_pour_les_Figures_Publiques\"><\/span>Erreur 3 : La Surcharge d&rsquo;Informations pour les Figures Publiques<span class=\"ez-toc-section-end\"><\/span><\/h3>\n<p>Les personnalit\u00e9s publiques sont confront\u00e9es \u00e0 un d\u00e9luge d&rsquo;informations et d&rsquo;attentes concernant leur communication. Naviguer dans cet environnement complexe est un d\u00e9fi de taille.<\/p>\n<p>La cause est l&rsquo;interconnexion constante et la demande de transparence quasi absolue. La cons\u00e9quence est un risque accru d&rsquo;erreurs de communication ou de burn-out m\u00e9diatique.<\/p>\n<p>Il est crucial de former les figures publiques aux enjeux de la communication num\u00e9rique et de la r\u00e9gulation. Des cellules de veille et de conseil peuvent les aider \u00e0 g\u00e9rer leur image et leurs interactions en ligne.<\/p>\n<h2><span class=\"ez-toc-section\" id=\"Vers_un_Ecosysteme_Mediatique_Equilibre\"><\/span>Vers un \u00c9cosyst\u00e8me M\u00e9diatique \u00c9quilibr\u00e9<span class=\"ez-toc-section-end\"><\/span><\/h2>\n<p>Les tensions autour de la r\u00e9gulation des m\u00e9dias et des figures publiques sont inh\u00e9rentes \u00e0 nos soci\u00e9t\u00e9s d\u00e9mocratiques. Elles sont le reflet d&rsquo;un d\u00e9bat constant entre libert\u00e9 individuelle et int\u00e9r\u00eat collectif.<\/p>\n<p>L&rsquo;encadrement doit \u00e9voluer avec les technologies et les pratiques, en int\u00e9grant toutes les parties prenantes. C&rsquo;est en cultivant une \u00e9thique forte et une l\u00e9gislation intelligente que nous pourrons construire un avenir m\u00e9diatique plus sain.<\/p>\n<p>La cl\u00e9 r\u00e9side dans la capacit\u00e9 \u00e0 trouver un juste milieu, o\u00f9 l&rsquo;information circule librement sans compromettre la s\u00e9curit\u00e9 ou la dignit\u00e9 des individus. Ce chantier est permanent, mais essentiel pour la vitalit\u00e9 de notre d\u00e9mocratie.<\/p>\n<h2><span class=\"ez-toc-section\" id=\"Foire_Aux_Questions_sur_la_Regulation_des_Medias\"><\/span>Foire Aux Questions sur la R\u00e9gulation des M\u00e9dias<span class=\"ez-toc-section-end\"><\/span><\/h2>\n<h3><span class=\"ez-toc-section\" id=\"Quest-ce_que_lARCOM_et_quel_est_son_role\"><\/span>Qu&rsquo;est-ce que l&rsquo;ARCOM et quel est son r\u00f4le ?<span class=\"ez-toc-section-end\"><\/span><\/h3>\n<p>L&rsquo;ARCOM (Autorit\u00e9 de r\u00e9gulation de la communication audiovisuelle et num\u00e9rique) est l&rsquo;autorit\u00e9 fran\u00e7aise charg\u00e9e de r\u00e9guler les contenus audiovisuels et num\u00e9riques, veillant au pluralisme, \u00e0 l&rsquo;honn\u00eatet\u00e9 de l&rsquo;information et \u00e0 la protection des publics.<\/p>\n<h3><span class=\"ez-toc-section\" id=\"Comment_les_reseaux_sociaux_sont-ils_encadres\"><\/span>Comment les r\u00e9seaux sociaux sont-ils encadr\u00e9s ?<span class=\"ez-toc-section-end\"><\/span><\/h3>\n<p>Les r\u00e9seaux sociaux sont encadr\u00e9s par des l\u00e9gislations nationales et europ\u00e9ennes (comme le DSA), qui les obligent \u00e0 mod\u00e9rer les contenus illicites, \u00e0 garantir la transparence et \u00e0 lutter contre la d\u00e9sinformation.<\/p>\n<h3><span class=\"ez-toc-section\" id=\"Une_figure_publique_a-t-elle_des_droits_differents_concernant_sa_vie_privee\"><\/span>Une figure publique a-t-elle des droits diff\u00e9rents concernant sa vie priv\u00e9e ?<span class=\"ez-toc-section-end\"><\/span><\/h3>\n<p>Une figure publique, bien que plus expos\u00e9e, conserve un droit \u00e0 la vie priv\u00e9e, mais l&rsquo;appr\u00e9ciation de ce droit peut \u00eatre pond\u00e9r\u00e9e par l&rsquo;int\u00e9r\u00eat l\u00e9gitime du public \u00e0 l&rsquo;information.<\/p>\n<h3><span class=\"ez-toc-section\" id=\"Quels_sont_les_risques_dune_regulation_excessive_des_medias\"><\/span>Quels sont les risques d&rsquo;une r\u00e9gulation excessive des m\u00e9dias ?<span class=\"ez-toc-section-end\"><\/span><\/h3>\n<p>Une r\u00e9gulation excessive des m\u00e9dias risque de brider la libert\u00e9 d&rsquo;expression, d&rsquo;entraver le travail journalistique et de mener \u00e0 une forme de censure, nuisant au d\u00e9bat d\u00e9mocratique.<\/p>\n<h3><span class=\"ez-toc-section\" id=\"Quel_est_limpact_de_lIA_sur_la_regulation_des_contenus_mediatiques\"><\/span>Quel est l&rsquo;impact de l&rsquo;IA sur la r\u00e9gulation des contenus m\u00e9diatiques ?<span class=\"ez-toc-section-end\"><\/span><\/h3>\n<p>L&rsquo;IA complique la r\u00e9gulation en acc\u00e9l\u00e9rant la cr\u00e9ation et la diffusion de contenus (dont la d\u00e9sinformation), mais offre aussi des outils pour la d\u00e9tection et la mod\u00e9ration automatis\u00e9e, posant de nouveaux d\u00e9fis \u00e9thiques et techniques.<\/p>\n","protected":false},"excerpt":{"rendered":"<p> &#8230; <a title=\"L&rsquo;\u00e9quilibre d\u00e9licat de la r\u00e9gulation m\u00e9diatique face aux figures publiques\" class=\"read-more\" href=\"https:\/\/www.belgic.eu\/index.php\/2026\/03\/31\/lequilibre-delicat-de-la-regulation-mediatique-face-aux-figures-publiques\/\" aria-label=\"En savoir plus sur L&rsquo;\u00e9quilibre d\u00e9licat de la r\u00e9gulation m\u00e9diatique face aux figures publiques\">Lire plus<\/a><\/p>\n","protected":false},"author":3,"featured_media":750,"comment_status":"open","ping_status":"open","sticky":false,"template":"","format":"standard","meta":{"fifu_image_url":"","fifu_image_alt":"","footnotes":""},"categories":[1335],"tags":[2556,2555,2557,2554,2558,2449,2400],"class_list":["post-779","post","type-post","status-publish","format-standard","has-post-thumbnail","hentry","category-management-international","tag-droit-de-linformation","tag-encadrement","tag-ethique-mediatique","tag-figures-publiques","tag-liberte-dexpression","tag-medias","tag-regulation","resize-featured-image"],"_links":{"self":[{"href":"https:\/\/www.belgic.eu\/index.php\/wp-json\/wp\/v2\/posts\/779","targetHints":{"allow":["GET"]}}],"collection":[{"href":"https:\/\/www.belgic.eu\/index.php\/wp-json\/wp\/v2\/posts"}],"about":[{"href":"https:\/\/www.belgic.eu\/index.php\/wp-json\/wp\/v2\/types\/post"}],"author":[{"embeddable":true,"href":"https:\/\/www.belgic.eu\/index.php\/wp-json\/wp\/v2\/users\/3"}],"replies":[{"embeddable":true,"href":"https:\/\/www.belgic.eu\/index.php\/wp-json\/wp\/v2\/comments?post=779"}],"version-history":[{"count":1,"href":"https:\/\/www.belgic.eu\/index.php\/wp-json\/wp\/v2\/posts\/779\/revisions"}],"predecessor-version":[{"id":1430,"href":"https:\/\/www.belgic.eu\/index.php\/wp-json\/wp\/v2\/posts\/779\/revisions\/1430"}],"wp:featuredmedia":[{"embeddable":true,"href":"https:\/\/www.belgic.eu\/index.php\/wp-json\/wp\/v2\/media\/750"}],"wp:attachment":[{"href":"https:\/\/www.belgic.eu\/index.php\/wp-json\/wp\/v2\/media?parent=779"}],"wp:term":[{"taxonomy":"category","embeddable":true,"href":"https:\/\/www.belgic.eu\/index.php\/wp-json\/wp\/v2\/categories?post=779"},{"taxonomy":"post_tag","embeddable":true,"href":"https:\/\/www.belgic.eu\/index.php\/wp-json\/wp\/v2\/tags?post=779"}],"curies":[{"name":"wp","href":"https:\/\/api.w.org\/{rel}","templated":true}]}}