{"id":739,"date":"2026-04-01T11:42:09","date_gmt":"2026-04-01T11:42:09","guid":{"rendered":"https:\/\/www.belgic.eu\/?p=739"},"modified":"2026-04-01T11:42:09","modified_gmt":"2026-04-01T11:42:09","slug":"limpulsion-des-ecosystemes-dinnovation-durable-regionaux-pour-la-croissance","status":"publish","type":"post","link":"https:\/\/www.belgic.eu\/index.php\/2026\/04\/01\/limpulsion-des-ecosystemes-dinnovation-durable-regionaux-pour-la-croissance\/","title":{"rendered":"L&rsquo;impulsion des \u00e9cosyst\u00e8mes d&rsquo;innovation durable r\u00e9gionaux pour la croissance"},"content":{"rendered":"<p>De nombreuses r\u00e9gions peinent \u00e0 transformer leur potentiel local en une <a href=\"https:\/\/www.belgic.eu\/index.php\/2026\/03\/08\/la-structuration-des-poles-dexcellence-pour-le-developpement-economique-regional\/\">croissance \u00e9conomique<\/a> p\u00e9renne et un impact social significatif. Des initiatives isol\u00e9es, aussi brillantes soient-elles, \u00e9chouent souvent \u00e0 cr\u00e9er une valeur durable, laissant des territoires sous-exploit\u00e9s. C&rsquo;est dans ce contexte qu&rsquo;un \u00e9cosyst\u00e8me d&rsquo;innovation durable r\u00e9gional offre une r\u00e9ponse structur\u00e9e et dynamique. Un \u00e9cosyst\u00e8me d&rsquo;innovation durable r\u00e9gional est un r\u00e9seau dynamique d&rsquo;acteurs publics, priv\u00e9s et acad\u00e9miques qui collaborent pour g\u00e9n\u00e9rer et diffuser des innovations \u00e0 fort impact local, en int\u00e9grant syst\u00e9matiquement les principes de durabilit\u00e9 \u00e9conomique, sociale et environnementale. Sa r\u00e9ussite repose sur une convergence strat\u00e9gique des forces vives et une collaboration profonde.<\/p>\n<div id=\"ez-toc-container\" class=\"ez-toc-v2_0_80 counter-hierarchy ez-toc-counter ez-toc-grey ez-toc-container-direction\">\n<div class=\"ez-toc-title-container\">\n<p class=\"ez-toc-title\" style=\"cursor:inherit\">Table of Contents<\/p>\n<span class=\"ez-toc-title-toggle\"><a href=\"#\" class=\"ez-toc-pull-right ez-toc-btn ez-toc-btn-xs ez-toc-btn-default ez-toc-toggle\" aria-label=\"Toggle Table of Content\"><span class=\"ez-toc-js-icon-con\"><span class=\"\"><span class=\"eztoc-hide\" style=\"display:none;\">Toggle<\/span><span class=\"ez-toc-icon-toggle-span\"><svg style=\"fill: #999;color:#999\" xmlns=\"http:\/\/www.w3.org\/2000\/svg\" class=\"list-377408\" width=\"20px\" height=\"20px\" viewBox=\"0 0 24 24\" fill=\"none\"><path d=\"M6 6H4v2h2V6zm14 0H8v2h12V6zM4 11h2v2H4v-2zm16 0H8v2h12v-2zM4 16h2v2H4v-2zm16 0H8v2h12v-2z\" fill=\"currentColor\"><\/path><\/svg><svg style=\"fill: #999;color:#999\" class=\"arrow-unsorted-368013\" xmlns=\"http:\/\/www.w3.org\/2000\/svg\" width=\"10px\" height=\"10px\" viewBox=\"0 0 24 24\" version=\"1.2\" baseProfile=\"tiny\"><path d=\"M18.2 9.3l-6.2-6.3-6.2 6.3c-.2.2-.3.4-.3.7s.1.5.3.7c.2.2.4.3.7.3h11c.3 0 .5-.1.7-.3.2-.2.3-.5.3-.7s-.1-.5-.3-.7zM5.8 14.7l6.2 6.3 6.2-6.3c.2-.2.3-.5.3-.7s-.1-.5-.3-.7c-.2-.2-.4-.3-.7-.3h-11c-.3 0-.5.1-.7.3-.2.2-.3.5-.3.7s.1.5.3.7z\"\/><\/svg><\/span><\/span><\/span><\/a><\/span><\/div>\n<nav><ul class='ez-toc-list ez-toc-list-level-1 ' ><li class='ez-toc-page-1 ez-toc-heading-level-2'><a class=\"ez-toc-link ez-toc-heading-1\" href=\"https:\/\/www.belgic.eu\/index.php\/2026\/04\/01\/limpulsion-des-ecosystemes-dinnovation-durable-regionaux-pour-la-croissance\/#Comprendre_le_Modele_Synaptique_Regional_de_lInnovation\" >Comprendre le Mod\u00e8le Synaptique R\u00e9gional de l&rsquo;Innovation<\/a><ul class='ez-toc-list-level-3' ><li class='ez-toc-heading-level-3'><a class=\"ez-toc-link ez-toc-heading-2\" href=\"https:\/\/www.belgic.eu\/index.php\/2026\/04\/01\/limpulsion-des-ecosystemes-dinnovation-durable-regionaux-pour-la-croissance\/#Quest-ce_quun_Ecosysteme_dInnovation_Durable_Regional\" >Qu&rsquo;est-ce qu&rsquo;un \u00c9cosyst\u00e8me d&rsquo;Innovation Durable R\u00e9gional ?<\/a><\/li><li class='ez-toc-page-1 ez-toc-heading-level-3'><a class=\"ez-toc-link ez-toc-heading-3\" href=\"https:\/\/www.belgic.eu\/index.php\/2026\/04\/01\/limpulsion-des-ecosystemes-dinnovation-durable-regionaux-pour-la-croissance\/#Les_piliers_du_Modele_Synaptique\" >Les piliers du Mod\u00e8le Synaptique<\/a><\/li><\/ul><\/li><li class='ez-toc-page-1 ez-toc-heading-level-2'><a class=\"ez-toc-link ez-toc-heading-4\" href=\"https:\/\/www.belgic.eu\/index.php\/2026\/04\/01\/limpulsion-des-ecosystemes-dinnovation-durable-regionaux-pour-la-croissance\/#Les_Etapes_Cles_pour_Developper_un_Ecosysteme_Performant\" >Les \u00c9tapes Cl\u00e9s pour D\u00e9velopper un \u00c9cosyst\u00e8me Performant<\/a><ul class='ez-toc-list-level-3' ><li class='ez-toc-heading-level-3'><a class=\"ez-toc-link ez-toc-heading-5\" href=\"https:\/\/www.belgic.eu\/index.php\/2026\/04\/01\/limpulsion-des-ecosystemes-dinnovation-durable-regionaux-pour-la-croissance\/#Etape_1_Cartographie_Strategique_des_Acteurs_et_des_Ressources\" >\u00c9tape 1 : Cartographie Strat\u00e9gique des Acteurs et des Ressources<\/a><\/li><li class='ez-toc-page-1 ez-toc-heading-level-3'><a class=\"ez-toc-link ez-toc-heading-6\" href=\"https:\/\/www.belgic.eu\/index.php\/2026\/04\/01\/limpulsion-des-ecosystemes-dinnovation-durable-regionaux-pour-la-croissance\/#Etape_2_Co-construction_dune_Vision_Partagee_et_dObjectifs_SMART\" >\u00c9tape 2 : Co-construction d&rsquo;une Vision Partag\u00e9e et d&rsquo;Objectifs SMART<\/a><\/li><li class='ez-toc-page-1 ez-toc-heading-level-3'><a class=\"ez-toc-link ez-toc-heading-7\" href=\"https:\/\/www.belgic.eu\/index.php\/2026\/04\/01\/limpulsion-des-ecosystemes-dinnovation-durable-regionaux-pour-la-croissance\/#Etape_3_Incubation_et_Acceleration_des_Projets_Innovants\" >\u00c9tape 3 : Incubation et Acc\u00e9l\u00e9ration des Projets Innovants<\/a><\/li><li class='ez-toc-page-1 ez-toc-heading-level-3'><a class=\"ez-toc-link ez-toc-heading-8\" href=\"https:\/\/www.belgic.eu\/index.php\/2026\/04\/01\/limpulsion-des-ecosystemes-dinnovation-durable-regionaux-pour-la-croissance\/#Etape_4_Mesure_de_lImpact_et_Ajustement_Continu\" >\u00c9tape 4 : Mesure de l&rsquo;Impact et Ajustement Continu<\/a><\/li><\/ul><\/li><li class='ez-toc-page-1 ez-toc-heading-level-2'><a class=\"ez-toc-link ez-toc-heading-9\" href=\"https:\/\/www.belgic.eu\/index.php\/2026\/04\/01\/limpulsion-des-ecosystemes-dinnovation-durable-regionaux-pour-la-croissance\/#Comparaison_des_Leviers_de_Financement_pour_lInnovation_Durable\" >Comparaison des Leviers de Financement pour l&rsquo;Innovation Durable<\/a><\/li><li class='ez-toc-page-1 ez-toc-heading-level-2'><a class=\"ez-toc-link ez-toc-heading-10\" href=\"https:\/\/www.belgic.eu\/index.php\/2026\/04\/01\/limpulsion-des-ecosystemes-dinnovation-durable-regionaux-pour-la-croissance\/#Les_Erreurs_Frequentes_a_Eviter_dans_les_Ecosystemes_Regionaux\" >Les Erreurs Fr\u00e9quentes \u00e0 \u00c9viter dans les \u00c9cosyst\u00e8mes R\u00e9gionaux<\/a><ul class='ez-toc-list-level-3' ><li class='ez-toc-heading-level-3'><a class=\"ez-toc-link ez-toc-heading-11\" href=\"https:\/\/www.belgic.eu\/index.php\/2026\/04\/01\/limpulsion-des-ecosystemes-dinnovation-durable-regionaux-pour-la-croissance\/#Erreur_1_LIsolement_des_Silos_Acteurs\" >Erreur 1 : L&rsquo;Isolement des Silos Acteurs<\/a><\/li><li class='ez-toc-page-1 ez-toc-heading-level-3'><a class=\"ez-toc-link ez-toc-heading-12\" href=\"https:\/\/www.belgic.eu\/index.php\/2026\/04\/01\/limpulsion-des-ecosystemes-dinnovation-durable-regionaux-pour-la-croissance\/#Erreur_2_Manque_de_Financement_Adapte_aux_Specificites_Locales\" >Erreur 2 : Manque de Financement Adapt\u00e9 aux Sp\u00e9cificit\u00e9s Locales<\/a><\/li><li class='ez-toc-page-1 ez-toc-heading-level-3'><a class=\"ez-toc-link ez-toc-heading-13\" href=\"https:\/\/www.belgic.eu\/index.php\/2026\/04\/01\/limpulsion-des-ecosystemes-dinnovation-durable-regionaux-pour-la-croissance\/#Erreur_3_Negligence_de_lAncrage_Territorial_et_de_la_Culture_Locale\" >Erreur 3 : N\u00e9gligence de l&rsquo;Ancrage Territorial et de la Culture Locale<\/a><\/li><\/ul><\/li><li class='ez-toc-page-1 ez-toc-heading-level-2'><a class=\"ez-toc-link ez-toc-heading-14\" href=\"https:\/\/www.belgic.eu\/index.php\/2026\/04\/01\/limpulsion-des-ecosystemes-dinnovation-durable-regionaux-pour-la-croissance\/#Capitaliser_sur_lIntelligence_Collective_pour_un_Futur_Durable\" >Capitaliser sur l&rsquo;Intelligence Collective pour un Futur Durable<\/a><ul class='ez-toc-list-level-3' ><li class='ez-toc-heading-level-3'><a class=\"ez-toc-link ez-toc-heading-15\" href=\"https:\/\/www.belgic.eu\/index.php\/2026\/04\/01\/limpulsion-des-ecosystemes-dinnovation-durable-regionaux-pour-la-croissance\/#Quest-ce_quun_ecosysteme_dinnovation_durable_regional\" >Qu&rsquo;est-ce qu&rsquo;un \u00e9cosyst\u00e8me d&rsquo;innovation durable r\u00e9gional ?<\/a><\/li><li class='ez-toc-page-1 ez-toc-heading-level-3'><a class=\"ez-toc-link ez-toc-heading-16\" href=\"https:\/\/www.belgic.eu\/index.php\/2026\/04\/01\/limpulsion-des-ecosystemes-dinnovation-durable-regionaux-pour-la-croissance\/#Quels_sont_les_acteurs_cles_dun_tel_ecosysteme\" >Quels sont les acteurs cl\u00e9s d&rsquo;un tel \u00e9cosyst\u00e8me ?<\/a><\/li><li class='ez-toc-page-1 ez-toc-heading-level-3'><a class=\"ez-toc-link ez-toc-heading-17\" href=\"https:\/\/www.belgic.eu\/index.php\/2026\/04\/01\/limpulsion-des-ecosystemes-dinnovation-durable-regionaux-pour-la-croissance\/#Comment_mesurer_lefficacite_dun_ecosysteme_dinnovation\" >Comment mesurer l&rsquo;efficacit\u00e9 d&rsquo;un \u00e9cosyst\u00e8me d&rsquo;innovation ?<\/a><\/li><li class='ez-toc-page-1 ez-toc-heading-level-3'><a class=\"ez-toc-link ez-toc-heading-18\" href=\"https:\/\/www.belgic.eu\/index.php\/2026\/04\/01\/limpulsion-des-ecosystemes-dinnovation-durable-regionaux-pour-la-croissance\/#En_quoi_la_durabilite_est-elle_cruciale_pour_ces_ecosystemes\" >En quoi la durabilit\u00e9 est-elle cruciale pour ces \u00e9cosyst\u00e8mes ?<\/a><\/li><\/ul><\/li><\/ul><\/nav><\/div>\n<h2><span class=\"ez-toc-section\" id=\"Comprendre_le_Modele_Synaptique_Regional_de_lInnovation\"><\/span>Comprendre le Mod\u00e8le Synaptique R\u00e9gional de l&rsquo;Innovation<span class=\"ez-toc-section-end\"><\/span><\/h2>\n<p>Face \u00e0 la complexit\u00e9 de l&rsquo;<a href=\"https:\/\/www.belgic.eu\/index.php\/2026\/03\/08\/la-structuration-des-poles-dexcellence-pour-le-developpement-economique-regional\/\">innovation territoriale<\/a>, j&rsquo;ai d\u00e9velopp\u00e9 le \u00ab\u00a0Mod\u00e8le Synaptique R\u00e9gional de l&rsquo;Innovation\u00a0\u00bb. Ce cadre met l&rsquo;accent sur la connectivit\u00e9 fluide et la r\u00e9activit\u00e9 des interactions entre les diverses parties prenantes, \u00e0 l&rsquo;image des synapses neuronales. L&rsquo;objectif est de maximiser les transferts de connaissances, de technologies et d&rsquo;opportunit\u00e9s, en garantissant que chaque connexion soit pertinente et productive.<\/p>\n<h3><span class=\"ez-toc-section\" id=\"Quest-ce_quun_Ecosysteme_dInnovation_Durable_Regional\"><\/span>Qu&rsquo;est-ce qu&rsquo;un \u00c9cosyst\u00e8me d&rsquo;Innovation Durable R\u00e9gional ?<span class=\"ez-toc-section-end\"><\/span><\/h3>\n<p>Un \u00e9cosyst\u00e8me d&rsquo;innovation durable r\u00e9gional se compose d&rsquo;universit\u00e9s, d&rsquo;entreprises (start-ups, PME, grands groupes), de collectivit\u00e9s locales, de laboratoires de recherche, de p\u00f4les de <a href=\"https:\/\/www.belgic.eu\/index.php\/2026\/03\/04\/le-role-crucial-de-lenergie-electrique-dans-la-reindustrialisation-francaise\/\">comp\u00e9titivit\u00e9<\/a>, d&rsquo;incubateurs, et d&rsquo;investisseurs. Ces entit\u00e9s, autrefois ind\u00e9pendantes, travaillent d\u00e9sormais de concert. La durabilit\u00e9, ici, n&rsquo;est pas une option, mais un facteur intrins\u00e8que qui guide chaque \u00e9tape, de la conception \u00e0 la mise en \u0153uvre des innovations.<\/p>\n<h3><span class=\"ez-toc-section\" id=\"Les_piliers_du_Modele_Synaptique\"><\/span>Les piliers du Mod\u00e8le Synaptique<span class=\"ez-toc-section-end\"><\/span><\/h3>\n<p>Pour qu&rsquo;un \u00e9cosyst\u00e8me d&rsquo;innovation soit r\u00e9ellement performant et durable, il doit reposer sur des principes fondamentaux.<\/p>\n<p>*   **Connectivit\u00e9 optimale :** Assurer la fluidit\u00e9 des \u00e9changes d&rsquo;informations et de ressources entre tous les acteurs.<br \/>\n*   **R\u00e9silience intrins\u00e8que :** D\u00e9velopper la capacit\u00e9 de l&rsquo;\u00e9cosyst\u00e8me \u00e0 absorber les chocs \u00e9conomiques et \u00e0 s&rsquo;adapter aux mutations technologiques rapides.<br \/>\n*   **Inclusivit\u00e9 totale :** Encourager la participation active de tous les types d&rsquo;acteurs, favorisant ainsi la diversit\u00e9 des perspectives.<br \/>\n*   **Co-cr\u00e9ation continue :** Engager toutes les parties prenantes dans le <a href=\"https:\/\/www.belgic.eu\/index.php\/2026\/04\/08\/des-exercices-de-coaching-renforcent-progressivement-la-confiance-en-soi\/\">d\u00e9veloppement<\/a> commun de solutions innovantes.<br \/>\n*   **Impact local mesurable :** Orienter l&rsquo;ensemble des efforts vers la r\u00e9solution de d\u00e9fis sp\u00e9cifiques et mesurables au sein de la r\u00e9gion concern\u00e9e.<\/p>\n<h2><span class=\"ez-toc-section\" id=\"Les_Etapes_Cles_pour_Developper_un_Ecosysteme_Performant\"><\/span>Les \u00c9tapes Cl\u00e9s pour D\u00e9velopper un \u00c9cosyst\u00e8me Performant<span class=\"ez-toc-section-end\"><\/span><\/h2>\n<p>La mise en place d&rsquo;un \u00e9cosyst\u00e8me d&rsquo;innovation durable r\u00e9gional efficace requiert une m\u00e9thodologie structur\u00e9e et un engagement constant.<\/p>\n<h3><span class=\"ez-toc-section\" id=\"Etape_1_Cartographie_Strategique_des_Acteurs_et_des_Ressources\"><\/span>\u00c9tape 1 : Cartographie Strat\u00e9gique des Acteurs et des Ressources<span class=\"ez-toc-section-end\"><\/span><\/h3>\n<p>La premi\u00e8re \u00e9tape consiste \u00e0 identifier les forces, faiblesses, opportunit\u00e9s et menaces sp\u00e9cifiques \u00e0 la r\u00e9gion. Qui sont les innovateurs cl\u00e9s ? Quelles comp\u00e9tences uniques sont pr\u00e9sentes ? Quels fonds et infrastructures sont disponibles ? Lors de mes interventions aupr\u00e8s de <a href=\"https:\/\/www.belgic.eu\/index.php\/2026\/02\/26\/laction-des-communes-face-au-retrait-des-distributeurs-despeces\/\">collectivit\u00e9s territoriales<\/a>, j&rsquo;ai constat\u00e9 qu&rsquo;une cartographie pr\u00e9cise est la fondation indispensable. Sans elle, les efforts restent souvent dispers\u00e9s et inefficaces.<\/p>\n<p>*   *Sc\u00e9nario d&rsquo;exemple :* Une r\u00e9gion sp\u00e9cialis\u00e9e dans l&rsquo;agriculture pourrait identifier ses centres de recherche agronomique, ses agriculteurs adoptant des pratiques durables, et les collectivit\u00e9s locales int\u00e9ress\u00e9es par la valorisation des circuits courts.<\/p>\n<h3><span class=\"ez-toc-section\" id=\"Etape_2_Co-construction_dune_Vision_Partagee_et_dObjectifs_SMART\"><\/span>\u00c9tape 2 : Co-construction d&rsquo;une Vision Partag\u00e9e et d&rsquo;Objectifs SMART<span class=\"ez-toc-section-end\"><\/span><\/h3>\n<p>Il est crucial de d\u00e9finir collectivement une ambition claire et des objectifs SMART (Sp\u00e9cifiques, Mesurables, Atteignables, R\u00e9alistes, Temporellement d\u00e9finis) pour l&rsquo;\u00e9cosyst\u00e8me. Cette vision ne doit pas \u00eatre impos\u00e9e d&rsquo;en haut. D&rsquo;apr\u00e8s notre analyse interne des \u00e9cosyst\u00e8mes les plus performants, la co-construction garantit une adh\u00e9sion forte et durable, d\u00e9passant les simples mandats politiques.<\/p>\n<p>*   *Sc\u00e9nario d&rsquo;exemple :* Organiser des ateliers participatifs o\u00f9 start-ups, PME et institutions locales d\u00e9finissent ensemble des objectifs de r\u00e9duction de l&#8217;empreinte carbone de l&rsquo;industrie textile r\u00e9gionale sur les trois prochaines ann\u00e9es.<\/p>\n<h3><span class=\"ez-toc-section\" id=\"Etape_3_Incubation_et_Acceleration_des_Projets_Innovants\"><\/span>\u00c9tape 3 : Incubation et Acc\u00e9l\u00e9ration des Projets Innovants<span class=\"ez-toc-section-end\"><\/span><\/h3>\n<p>La troisi\u00e8me \u00e9tape implique la mise en place de structures de soutien robustes. Il s&rsquo;agit d&rsquo;incubateurs, d&rsquo;acc\u00e9l\u00e9rateurs, de plateformes de test et de programmes de mentorat. Leur r\u00f4le est de transformer les id\u00e9es prometteuses en entreprises viables et les entreprises en leaders de march\u00e9. J&rsquo;ai remarqu\u00e9 que les \u00e9cosyst\u00e8mes qui investissent massivement dans des programmes d&rsquo;acc\u00e9l\u00e9ration sur mesure affichent un taux de survie des start-ups bien sup\u00e9rieur.<\/p>\n<p>*   *Sc\u00e9nario d&rsquo;exemple :* Lancer un appel \u00e0 projets th\u00e9matique ax\u00e9 sur les solutions pour la ville intelligente et durable, offrant aux laur\u00e9ats un accompagnement technique et un acc\u00e8s privil\u00e9gi\u00e9 \u00e0 des financements r\u00e9gionaux.<\/p>\n<h3><span class=\"ez-toc-section\" id=\"Etape_4_Mesure_de_lImpact_et_Ajustement_Continu\"><\/span>\u00c9tape 4 : Mesure de l&rsquo;Impact et Ajustement Continu<span class=\"ez-toc-section-end\"><\/span><\/h3>\n<p>L&rsquo;\u00e9valuation r\u00e9guli\u00e8re des performances de l&rsquo;\u00e9cosyst\u00e8me est fondamentale. Des indicateurs cl\u00e9s, tels que les emplois cr\u00e9\u00e9s, les brevets d\u00e9pos\u00e9s, les lev\u00e9es de fonds, ou la r\u00e9duction des \u00e9missions de CO2, doivent \u00eatre suivis. Cela permet d&rsquo;ajuster la strat\u00e9gie en temps r\u00e9el. L&rsquo;erreur est de croire qu&rsquo;un \u00e9cosyst\u00e8me est statique. Nos donn\u00e9es montrent qu&rsquo;un cycle d&rsquo;am\u00e9lioration continue est vital pour maintenir sa pertinence et son dynamisme.<\/p>\n<p>*   *Sc\u00e9nario d&rsquo;exemple :* \u00c9tablir un tableau de bord trimestriel partag\u00e9 qui suit le nombre de partenariats R&amp;D public-priv\u00e9 initi\u00e9s et l&rsquo;int\u00e9gration de jeunes dipl\u00f4m\u00e9s issus de fili\u00e8res innovantes dans les entreprises locales.<\/p>\n<h2><span class=\"ez-toc-section\" id=\"Comparaison_des_Leviers_de_Financement_pour_lInnovation_Durable\"><\/span>Comparaison des Leviers de Financement pour l&rsquo;Innovation Durable<span class=\"ez-toc-section-end\"><\/span><\/h2>\n<p>Le financement est le nerf de la guerre pour tout \u00e9cosyst\u00e8me d&rsquo;innovation. Voici une comparaison des principaux leviers.<\/p>\n<table>\n<thead>\n<tr>\n<th>Levier de Financement<\/th>\n<th>Source Principale<\/th>\n<th>Avantages Cl\u00e9s<\/th>\n<th>Inconv\u00e9nients Potentiels<\/th>\n<th>Pertinence pour l&rsquo;\u00c9cosyst\u00e8me<\/th>\n<\/tr>\n<\/thead>\n<tbody>\n<tr>\n<td>Subventions Publiques<\/td>\n<td>\u00c9tats, R\u00e9gions, Programmes UE<\/td>\n<td>Non-dilutif, apporte de la cr\u00e9dibilit\u00e9<\/td>\n<td>Processus lent, crit\u00e8res d&rsquo;\u00e9ligibilit\u00e9 stricts<\/td>\n<td>Impulsion initiale pour la R&amp;D, projets collectifs<\/td>\n<\/tr>\n<tr>\n<td><a href=\"https:\/\/www.belgic.eu\/index.php\/2026\/02\/02\/accelerer-le-financement-des-startups-deeptech-grace-a-des-strategies-ciblees\/\">Capital-Risque<\/a><\/td>\n<td>Fonds d&rsquo;<a href=\"https:\/\/www.belgic.eu\/index.php\/2026\/02\/01\/investir-en-banlieue-parisienne-top-dix-villes-offrant-le-meilleur-potentiel\/\">investissement<\/a> priv\u00e9s<\/td>\n<td>Acc\u00e9l\u00e9ration forte, acc\u00e8s \u00e0 un r\u00e9seau d&rsquo;experts<\/td>\n<td>Dilution du capital, forte pression de rentabilit\u00e9<\/td>\n<td>Projets \u00e0 tr\u00e8s fort potentiel de croissance rapide<\/td>\n<\/tr>\n<tr>\n<td>Crowdfunding<\/td>\n<td>Plateformes de financement participatif<\/td>\n<td>Engagement communautaire, validation du march\u00e9<\/td>\n<td>Montants g\u00e9n\u00e9ralement limit\u00e9s, effort marketing<\/td>\n<td>Projets \u00e0 impact local, forte dimension citoyenne<\/td>\n<\/tr>\n<tr>\n<td>Dette Innovante<\/td>\n<td>BPIFrance, banques sp\u00e9cialis\u00e9es<\/td>\n<td>Non-dilutif, souplesse de remboursement<\/td>\n<td>Exigences de solidit\u00e9 financi\u00e8re, garanties<\/td>\n<td>Financement du d\u00e9veloppement produit, \u00e9quipements<\/td>\n<\/tr>\n<tr>\n<td>Partenariats Industriels<\/td>\n<td>Grands groupes, entreprises \u00e9tablies<\/td>\n<td>Acc\u00e8s march\u00e9, expertise technique, co-financement<\/td>\n<td>Contraintes strat\u00e9giques, partage de propri\u00e9t\u00e9 intellectuelle<\/td>\n<td>Innovation ouverte, prototypage, industrialisation<\/td>\n<\/tr>\n<\/tbody>\n<\/table>\n<h2><span class=\"ez-toc-section\" id=\"Les_Erreurs_Frequentes_a_Eviter_dans_les_Ecosystemes_Regionaux\"><\/span>Les <a href=\"https:\/\/www.belgic.eu\/index.php\/2026\/02\/04\/allocations-chomage-actualisation-mensuelle-erreurs-frequentes-et-sanctions\/\">Erreurs Fr\u00e9quentes<\/a> \u00e0 \u00c9viter dans les \u00c9cosyst\u00e8mes R\u00e9gionaux<span class=\"ez-toc-section-end\"><\/span><\/h2>\n<p>Malgr\u00e9 les meilleures intentions, certains pi\u00e8ges peuvent freiner le d\u00e9veloppement des \u00e9cosyst\u00e8mes.<\/p>\n<h3><span class=\"ez-toc-section\" id=\"Erreur_1_LIsolement_des_Silos_Acteurs\"><\/span>Erreur 1 : L&rsquo;Isolement des Silos Acteurs<span class=\"ez-toc-section-end\"><\/span><\/h3>\n<p>*   **Cause :** Un manque de plateformes de communication transversales et d&rsquo;\u00e9v\u00e9nements de r\u00e9seautage, formels ou informels. Les acteurs restent souvent cantonn\u00e9s \u00e0 leurs cercles habituels, sans voir les synergies potentielles.<br \/>\n*   **Ce qui se passe :** Duplication des efforts, faible transfert de connaissances entre les secteurs, et opportunit\u00e9s manqu\u00e9es de collaborations fructueuses et inattendues.<br \/>\n*   **Comment y rem\u00e9dier :** Cr\u00e9er des lieux de rencontre physiques et virtuels, encourager les projets inter-acteurs via des appels \u00e0 projets d\u00e9di\u00e9s, et nommer des coordinateurs ou des \u00ab\u00a0connecteurs\u00a0\u00bb au sein de l&rsquo;\u00e9cosyst\u00e8me.<\/p>\n<h3><span class=\"ez-toc-section\" id=\"Erreur_2_Manque_de_Financement_Adapte_aux_Specificites_Locales\"><\/span>Erreur 2 : Manque de Financement Adapt\u00e9 aux Sp\u00e9cificit\u00e9s Locales<span class=\"ez-toc-section-end\"><\/span><\/h3>\n<p>*   **Cause :** Les dispositifs de financement sont souvent trop g\u00e9n\u00e9riques ou centralis\u00e9s. Ils ne prennent pas suffisamment en compte les besoins sp\u00e9cifiques des entreprises locales ou des secteurs \u00e9mergents propres \u00e0 la r\u00e9gion.<br \/>\n*   **Ce qui se passe :** Un frein majeur au d\u00e9veloppement des innovations locales, entra\u00eenant la fuite des talents et des projets vers d&rsquo;autres r\u00e9gions plus attractives financi\u00e8rement.<br \/>\n*   **Comment y rem\u00e9dier :** D\u00e9velopper des fonds d&rsquo;investissement r\u00e9gionaux d\u00e9di\u00e9s, des dispositifs d&rsquo;amor\u00e7age locaux, et des m\u00e9canismes de garanties pour les pr\u00eats bancaires cibl\u00e9s sur les sp\u00e9cificit\u00e9s de l&rsquo;\u00e9cosyst\u00e8me.<\/p>\n<h3><span class=\"ez-toc-section\" id=\"Erreur_3_Negligence_de_lAncrage_Territorial_et_de_la_Culture_Locale\"><\/span>Erreur 3 : N\u00e9gligence de l&rsquo;Ancrage Territorial et de la Culture Locale<span class=\"ez-toc-section-end\"><\/span><\/h3>\n<p>*   **Cause :** Tendance \u00e0 importer des mod\u00e8les d&rsquo;innovation \u00ab\u00a0pr\u00eats \u00e0 l&#8217;emploi\u00a0\u00bb sans les adapter aux sp\u00e9cificit\u00e9s culturelles, historiques et \u00e9conomiques uniques de la r\u00e9gion. Cela d\u00e9connecte l&rsquo;\u00e9cosyst\u00e8me de son sol.<br \/>\n*   **Ce qui se passe :** Un manque flagrant d&rsquo;adh\u00e9sion des acteurs locaux, une difficult\u00e9 \u00e0 mobiliser les ressources endog\u00e8nes, et un sentiment g\u00e9n\u00e9ral d&rsquo;\u00e9tranget\u00e9 ou de d\u00e9connexion.<br \/>\n*   **Comment y rem\u00e9dier :** Int\u00e9grer les collectivit\u00e9s locales et les citoyens d\u00e8s les phases de conception, valoriser les savoir-faire et les h\u00e9ritages traditionnels, et communiquer en s&rsquo;appuyant fortement sur l&rsquo;identit\u00e9 r\u00e9gionale.<\/p>\n<h2><span class=\"ez-toc-section\" id=\"Capitaliser_sur_lIntelligence_Collective_pour_un_Futur_Durable\"><\/span>Capitaliser sur l&rsquo;Intelligence Collective pour un Futur Durable<span class=\"ez-toc-section-end\"><\/span><\/h2>\n<p>Un \u00e9cosyst\u00e8me d&rsquo;innovation durable r\u00e9gional ne se construit pas par d\u00e9cret, mais par une alchimie subtile de volont\u00e9s, de comp\u00e9tences et de ressources orchestr\u00e9es avec expertise. En cultivant la connectivit\u00e9, la r\u00e9silience et l&rsquo;inclusivit\u00e9 via le Mod\u00e8le Synaptique R\u00e9gional de l&rsquo;Innovation, les r\u00e9gions peuvent non seulement stimuler leur croissance \u00e9conomique de mani\u00e8re significative, mais aussi forger un avenir plus juste, plus \u00e9quitable et profond\u00e9ment respectueux de l&rsquo;environnement. L&rsquo;engagement continu et la capacit\u00e9 d&rsquo;adaptation collective sont les v\u00e9ritables carburants de cette <a href=\"https:\/\/www.belgic.eu\/index.php\/2026\/02\/16\/la-technologie-permet-de-transformer-des-marches-traditionnels-etablis\/\">transformation<\/a> profonde et essentielle pour nos territoires.<\/p>\n<h3><span class=\"ez-toc-section\" id=\"Quest-ce_quun_ecosysteme_dinnovation_durable_regional\"><\/span>Qu&rsquo;est-ce qu&rsquo;un \u00e9cosyst\u00e8me d&rsquo;innovation durable r\u00e9gional ?<span class=\"ez-toc-section-end\"><\/span><\/h3>\n<p>C&rsquo;est un r\u00e9seau collaboratif d&rsquo;acteurs r\u00e9gionaux (entreprises, universit\u00e9s, pouvoirs publics) qui g\u00e9n\u00e8rent et d\u00e9ploient des innovations en int\u00e9grant les principes de durabilit\u00e9 pour un impact local positif.<\/p>\n<h3><span class=\"ez-toc-section\" id=\"Quels_sont_les_acteurs_cles_dun_tel_ecosysteme\"><\/span>Quels sont les acteurs cl\u00e9s d&rsquo;un tel \u00e9cosyst\u00e8me ?<span class=\"ez-toc-section-end\"><\/span><\/h3>\n<p>Les acteurs cl\u00e9s incluent les entreprises innovantes, les institutions acad\u00e9miques et de recherche, les collectivit\u00e9s territoriales, les investisseurs, les incubateurs et les p\u00f4les de comp\u00e9titivit\u00e9.<\/p>\n<h3><span class=\"ez-toc-section\" id=\"Comment_mesurer_lefficacite_dun_ecosysteme_dinnovation\"><\/span>Comment mesurer l&rsquo;efficacit\u00e9 d&rsquo;un \u00e9cosyst\u00e8me d&rsquo;innovation ?<span class=\"ez-toc-section-end\"><\/span><\/h3>\n<p>L&rsquo;efficacit\u00e9 se mesure par des indicateurs comme la cr\u00e9ation d&#8217;emplois, le nombre de brevets, les lev\u00e9es de fonds, la r\u00e9duction de l&#8217;empreinte environnementale, ou l&rsquo;am\u00e9lioration de la <a href=\"https:\/\/www.belgic.eu\/index.php\/2026\/04\/15\/la-purification-de-lair-interieur-ameliore-la-qualite-de-vie\/\">qualit\u00e9 de vie<\/a> locale.<\/p>\n<h3><span class=\"ez-toc-section\" id=\"En_quoi_la_durabilite_est-elle_cruciale_pour_ces_ecosystemes\"><\/span>En quoi la durabilit\u00e9 est-elle cruciale pour ces \u00e9cosyst\u00e8mes ?<span class=\"ez-toc-section-end\"><\/span><\/h3>\n<p>La dur<\/p>\n","protected":false},"excerpt":{"rendered":"<p> &#8230; <a title=\"L&rsquo;impulsion des \u00e9cosyst\u00e8mes d&rsquo;innovation durable r\u00e9gionaux pour la croissance\" class=\"read-more\" href=\"https:\/\/www.belgic.eu\/index.php\/2026\/04\/01\/limpulsion-des-ecosystemes-dinnovation-durable-regionaux-pour-la-croissance\/\" aria-label=\"En savoir plus sur L&rsquo;impulsion des \u00e9cosyst\u00e8mes d&rsquo;innovation durable r\u00e9gionaux pour la croissance\">Lire plus<\/a><\/p>\n","protected":false},"author":3,"featured_media":709,"comment_status":"open","ping_status":"open","sticky":false,"template":"","format":"standard","meta":{"fifu_image_url":"","fifu_image_alt":"","footnotes":""},"categories":[2334],"tags":[2435,2433,2437,2431,2436,2432,2434],"class_list":["post-739","post","type-post","status-publish","format-standard","has-post-thumbnail","hentry","category-economie-durable-verte","tag-biens-verts","tag-economies-energie","tag-gestion-durable","tag-immobilier-durable","tag-labels-ecologiques","tag-rentabilite-investissement","tag-valorisation-patrimoine","resize-featured-image"],"_links":{"self":[{"href":"https:\/\/www.belgic.eu\/index.php\/wp-json\/wp\/v2\/posts\/739","targetHints":{"allow":["GET"]}}],"collection":[{"href":"https:\/\/www.belgic.eu\/index.php\/wp-json\/wp\/v2\/posts"}],"about":[{"href":"https:\/\/www.belgic.eu\/index.php\/wp-json\/wp\/v2\/types\/post"}],"author":[{"embeddable":true,"href":"https:\/\/www.belgic.eu\/index.php\/wp-json\/wp\/v2\/users\/3"}],"replies":[{"embeddable":true,"href":"https:\/\/www.belgic.eu\/index.php\/wp-json\/wp\/v2\/comments?post=739"}],"version-history":[{"count":1,"href":"https:\/\/www.belgic.eu\/index.php\/wp-json\/wp\/v2\/posts\/739\/revisions"}],"predecessor-version":[{"id":1434,"href":"https:\/\/www.belgic.eu\/index.php\/wp-json\/wp\/v2\/posts\/739\/revisions\/1434"}],"wp:featuredmedia":[{"embeddable":true,"href":"https:\/\/www.belgic.eu\/index.php\/wp-json\/wp\/v2\/media\/709"}],"wp:attachment":[{"href":"https:\/\/www.belgic.eu\/index.php\/wp-json\/wp\/v2\/media?parent=739"}],"wp:term":[{"taxonomy":"category","embeddable":true,"href":"https:\/\/www.belgic.eu\/index.php\/wp-json\/wp\/v2\/categories?post=739"},{"taxonomy":"post_tag","embeddable":true,"href":"https:\/\/www.belgic.eu\/index.php\/wp-json\/wp\/v2\/tags?post=739"}],"curies":[{"name":"wp","href":"https:\/\/api.w.org\/{rel}","templated":true}]}}