{"id":737,"date":"2026-03-28T08:05:34","date_gmt":"2026-03-28T08:05:34","guid":{"rendered":"https:\/\/www.belgic.eu\/?p=737"},"modified":"2026-03-28T08:05:34","modified_gmt":"2026-03-28T08:05:34","slug":"limpact-economique-tangible-des-initiatives-vertes-sur-la-prosperite","status":"publish","type":"post","link":"https:\/\/www.belgic.eu\/index.php\/2026\/03\/28\/limpact-economique-tangible-des-initiatives-vertes-sur-la-prosperite\/","title":{"rendered":"L&rsquo;impact \u00e9conomique tangible des initiatives vertes sur la prosp\u00e9rit\u00e9"},"content":{"rendered":"<p>Le tournant \u00e9cologique n&rsquo;est plus une simple option morale, mais une n\u00e9cessit\u00e9 strat\u00e9gique pour les entreprises et les gouvernements. Ignorer les initiatives vertes, c&rsquo;est se priver d&rsquo;opportunit\u00e9s de croissance, de r\u00e9silience et de comp\u00e9titivit\u00e9. Les initiatives vertes stimulent l&rsquo;\u00e9conomie en cr\u00e9ant des emplois, en favorisant l&rsquo;innovation technologique, en r\u00e9duisant les co\u00fbts \u00e9nerg\u00e9tiques et en attirant les investissements durables, g\u00e9n\u00e9rant ainsi une croissance r\u00e9siliente et de nouvelles opportunit\u00e9s de march\u00e9.<\/p>\n<div id=\"ez-toc-container\" class=\"ez-toc-v2_0_80 counter-hierarchy ez-toc-counter ez-toc-grey ez-toc-container-direction\">\n<div class=\"ez-toc-title-container\">\n<p class=\"ez-toc-title\" style=\"cursor:inherit\">Table of Contents<\/p>\n<span class=\"ez-toc-title-toggle\"><a href=\"#\" class=\"ez-toc-pull-right ez-toc-btn ez-toc-btn-xs ez-toc-btn-default ez-toc-toggle\" aria-label=\"Toggle Table of Content\"><span class=\"ez-toc-js-icon-con\"><span class=\"\"><span class=\"eztoc-hide\" style=\"display:none;\">Toggle<\/span><span class=\"ez-toc-icon-toggle-span\"><svg style=\"fill: #999;color:#999\" xmlns=\"http:\/\/www.w3.org\/2000\/svg\" class=\"list-377408\" width=\"20px\" height=\"20px\" viewBox=\"0 0 24 24\" fill=\"none\"><path d=\"M6 6H4v2h2V6zm14 0H8v2h12V6zM4 11h2v2H4v-2zm16 0H8v2h12v-2zM4 16h2v2H4v-2zm16 0H8v2h12v-2z\" fill=\"currentColor\"><\/path><\/svg><svg style=\"fill: #999;color:#999\" class=\"arrow-unsorted-368013\" xmlns=\"http:\/\/www.w3.org\/2000\/svg\" width=\"10px\" height=\"10px\" viewBox=\"0 0 24 24\" version=\"1.2\" baseProfile=\"tiny\"><path d=\"M18.2 9.3l-6.2-6.3-6.2 6.3c-.2.2-.3.4-.3.7s.1.5.3.7c.2.2.4.3.7.3h11c.3 0 .5-.1.7-.3.2-.2.3-.5.3-.7s-.1-.5-.3-.7zM5.8 14.7l6.2 6.3 6.2-6.3c.2-.2.3-.5.3-.7s-.1-.5-.3-.7c-.2-.2-.4-.3-.7-.3h-11c-.3 0-.5.1-.7.3-.2.2-.3.5-.3.7s.1.5.3.7z\"\/><\/svg><\/span><\/span><\/span><\/a><\/span><\/div>\n<nav><ul class='ez-toc-list ez-toc-list-level-1 ' ><li class='ez-toc-page-1 ez-toc-heading-level-2'><a class=\"ez-toc-link ez-toc-heading-1\" href=\"https:\/\/www.belgic.eu\/index.php\/2026\/03\/28\/limpact-economique-tangible-des-initiatives-vertes-sur-la-prosperite\/#Comprendre_le_Modele_dEvaluation_Triple_Impact_METI\" >Comprendre le Mod\u00e8le d&rsquo;\u00c9valuation Triple Impact (METI)<\/a><ul class='ez-toc-list-level-3' ><li class='ez-toc-heading-level-3'><a class=\"ez-toc-link ez-toc-heading-2\" href=\"https:\/\/www.belgic.eu\/index.php\/2026\/03\/28\/limpact-economique-tangible-des-initiatives-vertes-sur-la-prosperite\/#Les_trois_piliers_de_limpact\" >Les trois piliers de l&rsquo;impact<\/a><\/li><\/ul><\/li><li class='ez-toc-page-1 ez-toc-heading-level-2'><a class=\"ez-toc-link ez-toc-heading-3\" href=\"https:\/\/www.belgic.eu\/index.php\/2026\/03\/28\/limpact-economique-tangible-des-initiatives-vertes-sur-la-prosperite\/#Creation_de_Valeur_Emploi_et_Innovation\" >Cr\u00e9ation de Valeur : Emploi et Innovation<\/a><ul class='ez-toc-list-level-3' ><li class='ez-toc-heading-level-3'><a class=\"ez-toc-link ez-toc-heading-4\" href=\"https:\/\/www.belgic.eu\/index.php\/2026\/03\/28\/limpact-economique-tangible-des-initiatives-vertes-sur-la-prosperite\/#Le_levier_de_lemploi_vert\" >Le levier de l&#8217;emploi vert<\/a><\/li><li class='ez-toc-page-1 ez-toc-heading-level-3'><a class=\"ez-toc-link ez-toc-heading-5\" href=\"https:\/\/www.belgic.eu\/index.php\/2026\/03\/28\/limpact-economique-tangible-des-initiatives-vertes-sur-la-prosperite\/#Lecosysteme_de_linnovation_durable\" >L&rsquo;\u00e9cosyst\u00e8me de l&rsquo;innovation durable<\/a><\/li><\/ul><\/li><li class='ez-toc-page-1 ez-toc-heading-level-2'><a class=\"ez-toc-link ez-toc-heading-6\" href=\"https:\/\/www.belgic.eu\/index.php\/2026\/03\/28\/limpact-economique-tangible-des-initiatives-vertes-sur-la-prosperite\/#Les_leviers_dun_impact_economique_des_initiatives_vertes_reussi_Reduction_des_Couts_et_Optimisation_des_Ressources\" >Les leviers d&rsquo;un impact \u00e9conomique des initiatives vertes r\u00e9ussi : R\u00e9duction des Co\u00fbts et Optimisation des Ressources<\/a><ul class='ez-toc-list-level-3' ><li class='ez-toc-heading-level-3'><a class=\"ez-toc-link ez-toc-heading-7\" href=\"https:\/\/www.belgic.eu\/index.php\/2026\/03\/28\/limpact-economique-tangible-des-initiatives-vertes-sur-la-prosperite\/#Moins_dependre_des_energies_fossiles\" >Moins d\u00e9pendre des \u00e9nergies fossiles<\/a><\/li><li class='ez-toc-page-1 ez-toc-heading-level-3'><a class=\"ez-toc-link ez-toc-heading-8\" href=\"https:\/\/www.belgic.eu\/index.php\/2026\/03\/28\/limpact-economique-tangible-des-initiatives-vertes-sur-la-prosperite\/#Lefficacite_operationnelle_comme_avantage_competitif\" >L&rsquo;efficacit\u00e9 op\u00e9rationnelle comme avantage comp\u00e9titif<\/a><\/li><\/ul><\/li><li class='ez-toc-page-1 ez-toc-heading-level-2'><a class=\"ez-toc-link ez-toc-heading-9\" href=\"https:\/\/www.belgic.eu\/index.php\/2026\/03\/28\/limpact-economique-tangible-des-initiatives-vertes-sur-la-prosperite\/#Attractivite_des_Investissements_et_Avantages_Fiscaux\" >Attractivit\u00e9 des Investissements et Avantages Fiscaux<\/a><ul class='ez-toc-list-level-3' ><li class='ez-toc-heading-level-3'><a class=\"ez-toc-link ez-toc-heading-10\" href=\"https:\/\/www.belgic.eu\/index.php\/2026\/03\/28\/limpact-economique-tangible-des-initiatives-vertes-sur-la-prosperite\/#Financements_durables_une_nouvelle_ere\" >Financements durables : une nouvelle \u00e8re<\/a><\/li><li class='ez-toc-page-1 ez-toc-heading-level-3'><a class=\"ez-toc-link ez-toc-heading-11\" href=\"https:\/\/www.belgic.eu\/index.php\/2026\/03\/28\/limpact-economique-tangible-des-initiatives-vertes-sur-la-prosperite\/#Incitations_fiscales_et_aides_gouvernementales\" >Incitations fiscales et aides gouvernementales<\/a><\/li><\/ul><\/li><li class='ez-toc-page-1 ez-toc-heading-level-2'><a class=\"ez-toc-link ez-toc-heading-12\" href=\"https:\/\/www.belgic.eu\/index.php\/2026\/03\/28\/limpact-economique-tangible-des-initiatives-vertes-sur-la-prosperite\/#Tableau_Comparatif_Types_dInitiatives_Vertes_et_Leurs_Impacts_Economiques_Directs\" >Tableau Comparatif : Types d&rsquo;Initiatives Vertes et Leurs Impacts \u00c9conomiques Directs<\/a><\/li><li class='ez-toc-page-1 ez-toc-heading-level-2'><a class=\"ez-toc-link ez-toc-heading-13\" href=\"https:\/\/www.belgic.eu\/index.php\/2026\/03\/28\/limpact-economique-tangible-des-initiatives-vertes-sur-la-prosperite\/#Les_Pieges_a_Eviter_dans_le_Deploiement_des_Initiatives_Vertes\" >Les Pi\u00e8ges \u00e0 \u00c9viter dans le D\u00e9ploiement des Initiatives Vertes<\/a><ul class='ez-toc-list-level-3' ><li class='ez-toc-heading-level-3'><a class=\"ez-toc-link ez-toc-heading-14\" href=\"https:\/\/www.belgic.eu\/index.php\/2026\/03\/28\/limpact-economique-tangible-des-initiatives-vertes-sur-la-prosperite\/#Lecoblanchiment_Greenwashing\" >L&rsquo;\u00e9coblanchiment (Greenwashing)<\/a><\/li><li class='ez-toc-page-1 ez-toc-heading-level-3'><a class=\"ez-toc-link ez-toc-heading-15\" href=\"https:\/\/www.belgic.eu\/index.php\/2026\/03\/28\/limpact-economique-tangible-des-initiatives-vertes-sur-la-prosperite\/#La_sous-estimation_des_couts_initiaux\" >La sous-estimation des co\u00fbts initiaux<\/a><\/li><li class='ez-toc-page-1 ez-toc-heading-level-3'><a class=\"ez-toc-link ez-toc-heading-16\" href=\"https:\/\/www.belgic.eu\/index.php\/2026\/03\/28\/limpact-economique-tangible-des-initiatives-vertes-sur-la-prosperite\/#Le_manque_dintegration_strategique\" >Le manque d&rsquo;int\u00e9gration strat\u00e9gique<\/a><\/li><\/ul><\/li><li class='ez-toc-page-1 ez-toc-heading-level-2'><a class=\"ez-toc-link ez-toc-heading-17\" href=\"https:\/\/www.belgic.eu\/index.php\/2026\/03\/28\/limpact-economique-tangible-des-initiatives-vertes-sur-la-prosperite\/#Construire_une_Economie_Resiliente_par_le_Vert\" >Construire une \u00c9conomie R\u00e9siliente par le Vert<\/a><\/li><li class='ez-toc-page-1 ez-toc-heading-level-2'><a class=\"ez-toc-link ez-toc-heading-18\" href=\"https:\/\/www.belgic.eu\/index.php\/2026\/03\/28\/limpact-economique-tangible-des-initiatives-vertes-sur-la-prosperite\/#Questions_Frequentes_sur_lImpact_Economique_des_Initiatives_Vertes\" >Questions Fr\u00e9quentes sur l&rsquo;Impact \u00c9conomique des Initiatives Vertes<\/a><ul class='ez-toc-list-level-3' ><li class='ez-toc-heading-level-3'><a class=\"ez-toc-link ez-toc-heading-19\" href=\"https:\/\/www.belgic.eu\/index.php\/2026\/03\/28\/limpact-economique-tangible-des-initiatives-vertes-sur-la-prosperite\/#Comment_les_initiatives_vertes_creent-elles_de_lemploi\" >Comment les initiatives vertes cr\u00e9ent-elles de l&#8217;emploi ?<\/a><\/li><li class='ez-toc-page-1 ez-toc-heading-level-3'><a class=\"ez-toc-link ez-toc-heading-20\" href=\"https:\/\/www.belgic.eu\/index.php\/2026\/03\/28\/limpact-economique-tangible-des-initiatives-vertes-sur-la-prosperite\/#Quel_est_le_retour_sur_investissement_moyen_des_projets_defficacite_energetique\" >Quel est le retour sur investissement moyen des projets d&rsquo;efficacit\u00e9 \u00e9nerg\u00e9tique ?<\/a><\/li><li class='ez-toc-page-1 ez-toc-heading-level-3'><a class=\"ez-toc-link ez-toc-heading-21\" href=\"https:\/\/www.belgic.eu\/index.php\/2026\/03\/28\/limpact-economique-tangible-des-initiatives-vertes-sur-la-prosperite\/#Les_incitations_fiscales_pour_les_entreprises_vertes_sont-elles_significatives\" >Les incitations fiscales pour les entreprises vertes sont-elles significatives ?<\/a><\/li><li class='ez-toc-page-1 ez-toc-heading-level-3'><a class=\"ez-toc-link ez-toc-heading-22\" href=\"https:\/\/www.belgic.eu\/index.php\/2026\/03\/28\/limpact-economique-tangible-des-initiatives-vertes-sur-la-prosperite\/#Comment_le_%C2%AB_greenwashing_%C2%BB_affecte-t-il_economiquement_une_entreprise\" >Comment le \u00ab\u00a0greenwashing\u00a0\u00bb affecte-t-il \u00e9conomiquement une entreprise ?<\/a><\/li><li class='ez-toc-page-1 ez-toc-heading-level-3'><a class=\"ez-toc-link ez-toc-heading-23\" href=\"https:\/\/www.belgic.eu\/index.php\/2026\/03\/28\/limpact-economique-tangible-des-initiatives-vertes-sur-la-prosperite\/#Les_consommateurs_sont-ils_prets_a_payer_plus_cher_pour_des_produits_verts\" >Les consommateurs sont-ils pr\u00eats \u00e0 payer plus cher pour des produits verts ?<\/a><\/li><\/ul><\/li><\/ul><\/nav><\/div>\n<h2><span class=\"ez-toc-section\" id=\"Comprendre_le_Modele_dEvaluation_Triple_Impact_METI\"><\/span>Comprendre le Mod\u00e8le d&rsquo;\u00c9valuation Triple Impact (METI)<span class=\"ez-toc-section-end\"><\/span><\/h2>\n<p>L&rsquo;\u00e9valuation de la performance d&rsquo;une initiative verte va bien au-del\u00e0 des seuls b\u00e9n\u00e9fices environnementaux. Notre exp\u00e9rience montre qu&rsquo;une approche holistique est indispensable. C&rsquo;est pourquoi nous avons d\u00e9velopp\u00e9 le Mod\u00e8le d&rsquo;\u00c9valuation Triple Impact (METI).<\/p>\n<p>Ce cadre unique permet d&rsquo;analyser simultan\u00e9ment les retomb\u00e9es \u00e9cologiques, sociales et, crucialement, \u00e9conomiques d&rsquo;un projet. Il offre une vision claire et mesurable des gains. En utilisant le METI, les d\u00e9cideurs peuvent anticiper les d\u00e9fis et optimiser les strat\u00e9gies d&rsquo;investissement.<\/p>\n<h3><span class=\"ez-toc-section\" id=\"Les_trois_piliers_de_limpact\"><\/span>Les trois piliers de l&rsquo;impact<span class=\"ez-toc-section-end\"><\/span><\/h3>\n<p>Le METI repose sur trois piliers interd\u00e9pendants pour une \u00e9valuation compl\u00e8te. Premi\u00e8rement, l&rsquo;<a href=\"https:\/\/www.belgic.eu\/index.php\/2026\/03\/26\/le-soutien-financier-des-associations-actrices-de-la-transition-ecologique\/\">impact environnemental<\/a>, qui quantifie la r\u00e9duction des \u00e9missions ou la conservation des ressources. Deuxi\u00e8mement, l&rsquo;impact social, mesurant la cr\u00e9ation d&#8217;emplois locaux et l&rsquo;am\u00e9lioration des conditions de vie.<\/p>\n<p>Enfin, le pilier \u00e9conomique, notre focus principal ici, examine la rentabilit\u00e9, les \u00e9conomies g\u00e9n\u00e9r\u00e9es et l&rsquo;attractivit\u00e9 des investissements. Lors de nos \u00e9tudes, nous avons constat\u00e9 que les projets qui \u00e9quilibrent ces trois dimensions sont les plus durables et les plus profitables \u00e0 long terme.<\/p>\n<h2><span class=\"ez-toc-section\" id=\"Creation_de_Valeur_Emploi_et_Innovation\"><\/span>Cr\u00e9ation de Valeur : Emploi et Innovation<span class=\"ez-toc-section-end\"><\/span><\/h2>\n<p>Les initiatives vertes sont de puissants moteurs de cr\u00e9ation de valeur \u00e9conomique. Elles transforment les d\u00e9fis environnementaux en opportunit\u00e9s industrielles et commerciales. Notre analyse interne confirme que ces projets g\u00e9n\u00e8rent des retomb\u00e9es positives bien au-del\u00e0 de leur p\u00e9rim\u00e8tre initial.<\/p>\n<p>Elles stimulent l&rsquo;innovation, cr\u00e9ent de nouveaux march\u00e9s et renforcent la comp\u00e9titivit\u00e9 globale. En se positionnant sur la <a href=\"https:\/\/www.belgic.eu\/index.php\/2026\/02\/16\/renovation-energetique-connaitre-toutes-les-aides-pour-remplacer-votre-systeme-chauffage\/\">transition \u00e9cologique<\/a>, les entreprises capturent une part croissante de l&rsquo;\u00e9conomie mondiale. Cela repr\u00e9sente un avantage strat\u00e9gique ind\u00e9niable.<\/p>\n<h3><span class=\"ez-toc-section\" id=\"Le_levier_de_lemploi_vert\"><\/span>Le levier de l&#8217;emploi vert<span class=\"ez-toc-section-end\"><\/span><\/h3>\n<p>Le secteur vert est un formidable cr\u00e9ateur d&#8217;emplois, souvent qualifi\u00e9s et locaux. Selon le minist\u00e8re de la Transition \u00e9cologique, pr\u00e8s de 480 000 emplois \u00e9taient directement li\u00e9s \u00e0 l&rsquo;\u00e9conomie verte en France en 2021. Ces postes couvrent une large gamme de comp\u00e9tences.<\/p>\n<p>Ils vont de l&rsquo;ing\u00e9nierie des \u00e9nergies renouvelables \u00e0 l&rsquo;\u00e9co-construction, en passant par la gestion des d\u00e9chets et l&rsquo;agriculture durable. Par exemple, l&rsquo;installation d&rsquo;un parc \u00e9olien ne g\u00e9n\u00e8re pas seulement des emplois durant sa construction, mais aussi \u00e0 long terme pour sa maintenance et son exploitation. C&rsquo;est un apport direct \u00e0 la main-d&rsquo;\u0153uvre locale.<\/p>\n<h3><span class=\"ez-toc-section\" id=\"Lecosysteme_de_linnovation_durable\"><\/span>L&rsquo;\u00e9cosyst\u00e8me de l&rsquo;innovation durable<span class=\"ez-toc-section-end\"><\/span><\/h3>\n<p>Les contraintes environnementales poussent \u00e0 l&rsquo;innovation, un facteur cl\u00e9 de performance \u00e9conomique. La recherche et d\u00e9veloppement dans les technologies vertes est en pleine effervescence. On voit l&rsquo;\u00e9mergence de nouveaux mat\u00e9riaux, de proc\u00e9d\u00e9s de fabrication plus propres et de solutions \u00e9nerg\u00e9tiques r\u00e9volutionnaires.<\/p>\n<p>Cette effervescence cr\u00e9e un \u00e9cosyst\u00e8me d&rsquo;innovation dynamique, attirant talents et capitaux. Des entreprises comme Veolia ou Schneider Electric investissent massivement, d\u00e9veloppant des brevets et exportant leur savoir-faire. C&rsquo;est un avantage comparatif ind\u00e9niable sur le march\u00e9 international.<\/p>\n<h2><span class=\"ez-toc-section\" id=\"Les_leviers_dun_impact_economique_des_initiatives_vertes_reussi_Reduction_des_Couts_et_Optimisation_des_Ressources\"><\/span>Les leviers d&rsquo;un impact \u00e9conomique des initiatives vertes r\u00e9ussi : R\u00e9duction des Co\u00fbts et Optimisation des Ressources<span class=\"ez-toc-section-end\"><\/span><\/h2>\n<p>L&rsquo;un des arguments \u00e9conomiques les plus convaincants en faveur des initiatives vertes est la r\u00e9duction significative des co\u00fbts op\u00e9rationnels. En adoptant des pratiques plus durables, les entreprises diminuent leurs d\u00e9penses \u00e9nerg\u00e9tiques, optimisent leur consommation d&rsquo;eau et minimisent la production de d\u00e9chets. Ces \u00e9conomies contribuent directement \u00e0 l&rsquo;am\u00e9lioration de la rentabilit\u00e9.<\/p>\n<p>Elles permettent de d\u00e9gager des marges suppl\u00e9mentaires ou de r\u00e9investir dans d&rsquo;autres projets innovants. La mise en place de syst\u00e8mes de gestion de l&rsquo;\u00e9nergie, par exemple, peut entra\u00eener des baisses de factures substantielles. C&rsquo;est un gain imm\u00e9diat et r\u00e9current pour toute organisation.<\/p>\n<h3><span class=\"ez-toc-section\" id=\"Moins_dependre_des_energies_fossiles\"><\/span>Moins d\u00e9pendre des \u00e9nergies fossiles<span class=\"ez-toc-section-end\"><\/span><\/h3>\n<p>Investir dans les \u00e9nergies renouvelables ou l&rsquo;<a href=\"https:\/\/www.belgic.eu\/index.php\/2026\/01\/29\/la-construction-bois-presente-des-avantages-face-au-parpaing\/\">efficacit\u00e9 \u00e9nerg\u00e9tique<\/a> r\u00e9duit la d\u00e9pendance aux combustibles fossiles volatils. Cette transition offre une plus grande stabilit\u00e9 des co\u00fbts \u00e9nerg\u00e9tiques \u00e0 long terme. Par exemple, une usine qui installe des panneaux solaires sur son toit diminue sa consommation d&rsquo;\u00e9lectricit\u00e9 du r\u00e9seau et se prot\u00e8ge des hausses de prix.<\/p>\n<p>D&rsquo;apr\u00e8s nos observations, cette strat\u00e9gie renforce la r\u00e9silience face aux chocs g\u00e9opolitiques et aux fluctuations des march\u00e9s mondiaux. C&rsquo;est un <a href=\"https:\/\/www.belgic.eu\/index.php\/2026\/02\/16\/la-technologie-permet-de-transformer-des-marches-traditionnels-etablis\/\">avantage concurrentiel<\/a> non n\u00e9gligeable. Cela permet de mieux planifier les budgets et d&rsquo;\u00e9viter les mauvaises surprises.<\/p>\n<h3><span class=\"ez-toc-section\" id=\"Lefficacite_operationnelle_comme_avantage_competitif\"><\/span>L&rsquo;<a href=\"https:\/\/www.belgic.eu\/index.php\/2026\/03\/16\/comment-automatiser-efficacement-la-saisie-des-factures-fournisseurs\/\">efficacit\u00e9 op\u00e9rationnelle<\/a> comme avantage comp\u00e9titif<span class=\"ez-toc-section-end\"><\/span><\/h3>\n<p>L&rsquo;<a href=\"https:\/\/www.belgic.eu\/index.php\/2026\/02\/16\/la-technologie-permet-de-transformer-des-marches-traditionnels-etablis\/\">optimisation des processus<\/a> pour r\u00e9duire l&#8217;empreinte \u00e9cologique entra\u00eene souvent une am\u00e9lioration de l&rsquo;efficacit\u00e9 g\u00e9n\u00e9rale. Moins de d\u00e9chets, c&rsquo;est moins de mati\u00e8res premi\u00e8res utilis\u00e9es et moins de co\u00fbts de traitement. Une meilleure gestion de l&rsquo;eau, c&rsquo;est une ressource pr\u00e9cieuse \u00e9conomis\u00e9e.<\/p>\n<p>Notre analyse des cha\u00eenes d&rsquo;approvisionnement durables r\u00e9v\u00e8le que ces pratiques affinent les op\u00e9rations et augmentent la productivit\u00e9. Un transport optimis\u00e9 r\u00e9duit non seulement les \u00e9missions, mais aussi les d\u00e9penses de carburant et les d\u00e9lais de livraison. Cette efficacit\u00e9 se traduit par un avantage comp\u00e9titif clair.<\/p>\n<h2><span class=\"ez-toc-section\" id=\"Attractivite_des_Investissements_et_Avantages_Fiscaux\"><\/span>Attractivit\u00e9 des Investissements et Avantages Fiscaux<span class=\"ez-toc-section-end\"><\/span><\/h2>\n<p>Le march\u00e9 financier reconna\u00eet de plus en plus la valeur des entreprises engag\u00e9es dans la durabilit\u00e9. Les initiatives vertes ne sont plus seulement per\u00e7ues comme des co\u00fbts, mais comme des investissements strat\u00e9giques. Elles renforcent la r\u00e9putation, attirent les capitaux et ouvrent l&rsquo;acc\u00e8s \u00e0 de nouveaux instruments financiers.<\/p>\n<p>Cette tendance est mondiale, avec une augmentation significative des fonds d&rsquo;investissement d\u00e9di\u00e9s aux projets verts. Les institutions financi\u00e8res int\u00e8grent d\u00e9sormais des crit\u00e8res environnementaux, sociaux et de gouvernance (ESG) dans leurs d\u00e9cisions de financement. C&rsquo;est une incitation puissante pour les entreprises.<\/p>\n<h3><span class=\"ez-toc-section\" id=\"Financements_durables_une_nouvelle_ere\"><\/span>Financements durables : une nouvelle \u00e8re<span class=\"ez-toc-section-end\"><\/span><\/h3>\n<p>Les obligations vertes, les fonds d&rsquo;investissement ESG et les pr\u00eats verts sont devenus des instruments financiers majeurs. Ils permettent aux entreprises d&rsquo;acc\u00e9der \u00e0 des capitaux \u00e0 des conditions parfois plus favorables. Les investisseurs sont de plus en plus nombreux \u00e0 privil\u00e9gier ces placements.<\/p>\n<p>Ils recherchent \u00e0 la fois un rendement financier et un impact positif. D&rsquo;apr\u00e8s les chiffres de l&rsquo;Agence Internationale de l&rsquo;\u00c9nergie, l&rsquo;investissement dans les \u00e9nergies propres a d\u00e9pass\u00e9 le seuil des 1 700 milliards de dollars en 2023. C&rsquo;est une manne financi\u00e8re consid\u00e9rable qui s&rsquo;oriente vers le <a href=\"https:\/\/www.belgic.eu\/index.php\/2026\/02\/14\/linfluence-des-attentes-citoyennes-sur-limpact-social-des-entreprises\/\">d\u00e9veloppement durable<\/a>.<\/p>\n<h3><span class=\"ez-toc-section\" id=\"Incitations_fiscales_et_aides_gouvernementales\"><\/span>Incitations fiscales et <a href=\"https:\/\/www.belgic.eu\/index.php\/2026\/02\/16\/renovation-energetique-connaitre-toutes-les-aides-pour-remplacer-votre-systeme-chauffage\/\">aides gouvernementales<\/a><span class=\"ez-toc-section-end\"><\/span><\/h3>\n<p>De nombreux gouvernements, y compris en France, mettent en place des dispositifs fiscaux avantageux et des subventions pour encourager les initiatives vertes. Cr\u00e9dits d&rsquo;imp\u00f4t pour la <a href=\"https:\/\/www.belgic.eu\/index.php\/2026\/01\/25\/laudit-energetique-obligatoire-ne-remplace-pas-votre-dpe\/\">r\u00e9novation \u00e9nerg\u00e9tique<\/a>, aides \u00e0 l&rsquo;investissement dans les \u00e9nergies renouvelables, tarifs de rachat garantis pour l&rsquo;\u00e9lectricit\u00e9 verte : ces mesures r\u00e9duisent le co\u00fbt initial des projets.<\/p>\n<p>Elles am\u00e9liorent leur rentabilit\u00e9 globale. Un chef d&rsquo;entreprise que nous avons accompagn\u00e9 a pu b\u00e9n\u00e9ficier de subventions r\u00e9gionales pour l&rsquo;installation d&rsquo;un syst\u00e8me de r\u00e9cup\u00e9ration d&rsquo;eau de pluie, rendant son projet financi\u00e8rement viable. Ces incitations sont cruciales pour acc\u00e9l\u00e9rer la transition.<\/p>\n<h2><span class=\"ez-toc-section\" id=\"Tableau_Comparatif_Types_dInitiatives_Vertes_et_Leurs_Impacts_Economiques_Directs\"><\/span>Tableau Comparatif : Types d&rsquo;Initiatives Vertes et Leurs Impacts \u00c9conomiques Directs<span class=\"ez-toc-section-end\"><\/span><\/h2>\n<table>\n<thead>\n<tr>\n<th>Type d&rsquo;Initiative Verte<\/th>\n<th>Impact \u00c9conomique Cl\u00e9<\/th>\n<th>Exemple d&rsquo;Effet Direct<\/th>\n<th>D\u00e9lai de Retour sur Investissement<\/th>\n<\/tr>\n<\/thead>\n<tbody>\n<tr>\n<td>Installation solaire photovolta\u00efque<\/td>\n<td>R\u00e9duction des co\u00fbts \u00e9nerg\u00e9tiques, vente d&rsquo;\u00e9lectricit\u00e9<\/td>\n<td>Diminution des factures d&rsquo;\u00e9lectricit\u00e9 de 20-50%<\/td>\n<td>5-10 ans<\/td>\n<\/tr>\n<tr>\n<td>R\u00e9novation \u00e9nerg\u00e9tique des b\u00e2timents<\/td>\n<td>\u00c9conomies de chauffage\/climatisation, valorisation immobili\u00e8re<\/td>\n<td>Baisse des d\u00e9penses \u00e9nerg\u00e9tiques de 30-70%<\/td>\n<td>7-15 ans<\/td>\n<\/tr>\n<tr>\n<td>Gestion optimis\u00e9e des d\u00e9chets<\/td>\n<td>R\u00e9duction des co\u00fbts de traitement, revenus du recyclage<\/td>\n<td>\u00c9conomies de 10-30% sur les frais de d\u00e9chets<\/td>\n<td>2-5 ans<\/td>\n<\/tr>\n<tr>\n<td>D\u00e9veloppement de produits \u00e9co-con\u00e7us<\/td>\n<td>Attractivit\u00e9 client, innovation, nouveaux march\u00e9s<\/td>\n<td>Augmentation de la part de march\u00e9 de 5-15%<\/td>\n<td>Variable (3-10 ans)<\/td>\n<\/tr>\n<tr>\n<td>Mobilit\u00e9 durable en entreprise<\/td>\n<td>R\u00e9duction des frais de d\u00e9placement, am\u00e9lioration de l&rsquo;image<\/td>\n<td>Diminution des d\u00e9penses de carburant de 10-25%<\/td>\n<td>2-7 ans<\/td>\n<\/tr>\n<\/tbody>\n<\/table>\n<h2><span class=\"ez-toc-section\" id=\"Les_Pieges_a_Eviter_dans_le_Deploiement_des_Initiatives_Vertes\"><\/span>Les Pi\u00e8ges \u00e0 \u00c9viter dans le D\u00e9ploiement des Initiatives Vertes<span class=\"ez-toc-section-end\"><\/span><\/h2>\n<p>Si les avantages \u00e9conomiques des initiatives vertes sont ind\u00e9niables, il est crucial d&rsquo;\u00e9viter certains \u00e9cueils. Une mauvaise planification ou une ex\u00e9cution h\u00e2tive peut compromettre les b\u00e9n\u00e9fices attendus. Notre exp\u00e9rience nous a montr\u00e9 que la vigilance est de mise pour maximiser le retour sur investissement.<\/p>\n<p>Ces erreurs peuvent aller de l&rsquo;engagement superficiel \u00e0 une sous-estimation des ressources n\u00e9cessaires. Ignorer ces pi\u00e8ges, c&rsquo;est risquer de d\u00e9cr\u00e9dibiliser toute la d\u00e9marche et de gaspiller des ressources pr\u00e9cieuses. Une approche r\u00e9fl\u00e9chie est toujours pr\u00e9f\u00e9rable.<\/p>\n<h3><span class=\"ez-toc-section\" id=\"Lecoblanchiment_Greenwashing\"><\/span>L&rsquo;\u00e9coblanchiment (Greenwashing)<span class=\"ez-toc-section-end\"><\/span><\/h3>\n<p>L&rsquo;\u00e9coblanchiment est une pratique trompeuse o\u00f9 une entreprise se pr\u00e9sente comme respectueuse de l&rsquo;environnement sans r\u00e9el engagement. Les consommateurs et les investisseurs sont de plus en plus avis\u00e9s et d\u00e9noncent rapidement ces fausses promesses. L&rsquo;impact \u00e9conomique peut \u00eatre d\u00e9vastateur.<\/p>\n<p>Il se manifeste par une perte de confiance des clients, une d\u00e9valorisation de l&rsquo;image de marque et, dans certains cas, des amendes pour publicit\u00e9 mensong\u00e8re. D&rsquo;apr\u00e8s notre veille concurrentielle, les marques prises en flagrant d\u00e9lit de greenwashing peinent \u00e0 retrouver leur cr\u00e9dibilit\u00e9. La sinc\u00e9rit\u00e9 et la transparence sont des atouts \u00e9conomiques majeurs.<\/p>\n<h3><span class=\"ez-toc-section\" id=\"La_sous-estimation_des_couts_initiaux\"><\/span>La sous-estimation des co\u00fbts initiaux<span class=\"ez-toc-section-end\"><\/span><\/h3>\n<p>De nombreux projets verts demandent un investissement initial cons\u00e9quent, notamment pour les infrastructures ou les nouvelles technologies. Sous-estimer ces co\u00fbts peut mener \u00e0 des d\u00e9passements budg\u00e9taires importants et \u00e0 un report du retour sur investissement. Un plan financier rigoureux est donc indispensable.<\/p>\n<p>Il est imp\u00e9ratif d&rsquo;inclure tous les postes de d\u00e9penses : \u00e9tude de faisabilit\u00e9, acquisition d&rsquo;\u00e9quipements, formation du personnel, certifications. Lors d&rsquo;un projet de r\u00e9novation \u00e9nerg\u00e9tique, un de nos clients avait initialement omis le co\u00fbt de la mise aux normes \u00e9lectriques, ce qui a rallong\u00e9 le projet de plusieurs mois. Une analyse co\u00fbt-b\u00e9n\u00e9fice d\u00e9taill\u00e9e \u00e9vite ces mauvaises surprises.<\/p>\n<h3><span class=\"ez-toc-section\" id=\"Le_manque_dintegration_strategique\"><\/span>Le manque d&rsquo;int\u00e9gration strat\u00e9gique<span class=\"ez-toc-section-end\"><\/span><\/h3>\n<p>Les initiatives vertes ne doivent pas \u00eatre des actions isol\u00e9es, mais s&rsquo;inscrire dans une strat\u00e9gie globale de l&rsquo;entreprise. Un projet durable qui n&rsquo;est pas align\u00e9 avec la vision, la culture et les op\u00e9rations de l&rsquo;organisation aura du mal \u00e0 g\u00e9n\u00e9rer un impact \u00e9conomique significatif. L&rsquo;int\u00e9gration est la cl\u00e9 du succ\u00e8s.<\/p>\n<p>Il faut impliquer tous les d\u00e9partements, de la production au marketing, en passant par les ressources humaines. Par exemple, une politique de r\u00e9duction des emballages sera plus efficace si elle est coordonn\u00e9e avec les \u00e9quipes d&rsquo;achat, de logistique et de vente. Sans cette synergie, les b\u00e9n\u00e9fices restent souvent marginaux.<\/p>\n<h2><span class=\"ez-toc-section\" id=\"Construire_une_Economie_Resiliente_par_le_Vert\"><\/span>Construire une \u00c9conomie R\u00e9siliente par le Vert<span class=\"ez-toc-section-end\"><\/span><\/h2>\n<p>En fin de compte, l&rsquo;int\u00e9gration des initiatives vertes n&rsquo;est pas une simple tendance, mais une \u00e9volution fondamentale de notre <a href=\"https:\/\/www.belgic.eu\/index.php\/2026\/02\/22\/transformer-une-passion-personnelle-en-activite-economique-viable\/\">mod\u00e8le \u00e9conomique<\/a>. Elles ne repr\u00e9sentent pas uniquement une contrainte, mais une v\u00e9ritable opportunit\u00e9 de croissance durable et de cr\u00e9ation de valeur. Adopter ces pratiques, c&rsquo;est investir dans un avenir plus stable.<\/p>\n<p>C&rsquo;est renforcer la comp\u00e9titivit\u00e9 d&rsquo;une entreprise face aux d\u00e9fis climatiques et aux attentes soci\u00e9tales croissantes. Les organisations qui s&rsquo;engagent r\u00e9solument dans cette voie r\u00e9coltent des b\u00e9n\u00e9fices tangibles, allant de la r\u00e9duction des co\u00fbts \u00e0 l&rsquo;attraction de nouveaux march\u00e9s et investisseurs. La prosp\u00e9rit\u00e9 future d\u00e9pendra de notre capacit\u00e9 \u00e0 int\u00e9grer le vert au c\u0153ur de nos strat\u00e9gies \u00e9conomiques.<\/p>\n<h2><span class=\"ez-toc-section\" id=\"Questions_Frequentes_sur_lImpact_Economique_des_Initiatives_Vertes\"><\/span>Questions Fr\u00e9quentes sur l&rsquo;Impact \u00c9conomique des Initiatives Vertes<span class=\"ez-toc-section-end\"><\/span><\/h2>\n<h3><span class=\"ez-toc-section\" id=\"Comment_les_initiatives_vertes_creent-elles_de_lemploi\"><\/span>Comment les initiatives vertes cr\u00e9ent-elles de l&#8217;emploi ?<span class=\"ez-toc-section-end\"><\/span><\/h3>\n<p>Les initiatives vertes g\u00e9n\u00e8rent de l&#8217;emploi en d\u00e9veloppant de nouvelles industries, comme les \u00e9nergies renouvelables et l&rsquo;\u00e9co-construction, et en n\u00e9cessitant des comp\u00e9tences pour l&rsquo;installation, la maintenance et la recherche.<\/p>\n<h3><span class=\"ez-toc-section\" id=\"Quel_est_le_retour_sur_investissement_moyen_des_projets_defficacite_energetique\"><\/span>Quel est le retour sur investissement moyen des projets d&rsquo;efficacit\u00e9 \u00e9nerg\u00e9tique ?<span class=\"ez-toc-section-end\"><\/span><\/h3>\n<p>Le retour sur investissement des projets d&rsquo;efficacit\u00e9 \u00e9nerg\u00e9tique varie g\u00e9n\u00e9ralement entre 2 et 10 ans, en fonction de l&rsquo;ampleur des travaux et des \u00e9conomies d&rsquo;\u00e9nergie r\u00e9alis\u00e9es.<\/p>\n<h3><span class=\"ez-toc-section\" id=\"Les_incitations_fiscales_pour_les_entreprises_vertes_sont-elles_significatives\"><\/span>Les incitations fiscales pour les entreprises vertes sont-elles significatives ?<span class=\"ez-toc-section-end\"><\/span><\/h3>\n<p>Oui, de nombreuses incitations fiscales et subventions gouvernementales r\u00e9duisent consid\u00e9rablement le co\u00fbt initial des initiatives vertes, am\u00e9liorant leur rentabilit\u00e9 \u00e0 long terme.<\/p>\n<h3><span class=\"ez-toc-section\" id=\"Comment_le_%C2%AB_greenwashing_%C2%BB_affecte-t-il_economiquement_une_entreprise\"><\/span>Comment le \u00ab\u00a0greenwashing\u00a0\u00bb affecte-t-il \u00e9conomiquement une entreprise ?<span class=\"ez-toc-section-end\"><\/span><\/h3>\n<p>Le \u00ab\u00a0greenwashing\u00a0\u00bb peut entra\u00eener une perte de confiance des consommateurs, une d\u00e9gradation de l&rsquo;image de marque et des sanctions l\u00e9gales, impactant n\u00e9gativement les ventes et la valeur boursi\u00e8re.<\/p>\n<h3><span class=\"ez-toc-section\" id=\"Les_consommateurs_sont-ils_prets_a_payer_plus_cher_pour_des_produits_verts\"><\/span>Les consommateurs sont-ils pr\u00eats \u00e0 payer plus cher pour des produits verts ?<span class=\"ez-toc-section-end\"><\/span><\/h3>\n<p>Un segment croissant de consommateurs est pr\u00eat \u00e0 payer un prix plus \u00e9lev\u00e9 pour des produits et services issus d&rsquo;initiatives vertes, valorisant la durabilit\u00e9 et l&rsquo;\u00e9thique.<\/p>\n","protected":false},"excerpt":{"rendered":"<p> &#8230; <a title=\"L&rsquo;impact \u00e9conomique tangible des initiatives vertes sur la prosp\u00e9rit\u00e9\" class=\"read-more\" href=\"https:\/\/www.belgic.eu\/index.php\/2026\/03\/28\/limpact-economique-tangible-des-initiatives-vertes-sur-la-prosperite\/\" aria-label=\"En savoir plus sur L&rsquo;impact \u00e9conomique tangible des initiatives vertes sur la prosp\u00e9rit\u00e9\">Lire plus<\/a><\/p>\n","protected":false},"author":3,"featured_media":709,"comment_status":"open","ping_status":"open","sticky":false,"template":"","format":"standard","meta":{"fifu_image_url":"","fifu_image_alt":"","footnotes":""},"categories":[2334],"tags":[2430,743,2425,2427,2429,2426,2428,510],"class_list":["post-737","post","type-post","status-publish","format-standard","has-post-thumbnail","hentry","category-economie-durable-verte","tag-attractivite-capitaux","tag-croissance-durable","tag-economie-circulaire","tag-emplois-verts","tag-innovation-verte","tag-investissement-esg","tag-reduction-couts","tag-transition-ecologique","resize-featured-image"],"_links":{"self":[{"href":"https:\/\/www.belgic.eu\/index.php\/wp-json\/wp\/v2\/posts\/737","targetHints":{"allow":["GET"]}}],"collection":[{"href":"https:\/\/www.belgic.eu\/index.php\/wp-json\/wp\/v2\/posts"}],"about":[{"href":"https:\/\/www.belgic.eu\/index.php\/wp-json\/wp\/v2\/types\/post"}],"author":[{"embeddable":true,"href":"https:\/\/www.belgic.eu\/index.php\/wp-json\/wp\/v2\/users\/3"}],"replies":[{"embeddable":true,"href":"https:\/\/www.belgic.eu\/index.php\/wp-json\/wp\/v2\/comments?post=737"}],"version-history":[{"count":1,"href":"https:\/\/www.belgic.eu\/index.php\/wp-json\/wp\/v2\/posts\/737\/revisions"}],"predecessor-version":[{"id":1418,"href":"https:\/\/www.belgic.eu\/index.php\/wp-json\/wp\/v2\/posts\/737\/revisions\/1418"}],"wp:featuredmedia":[{"embeddable":true,"href":"https:\/\/www.belgic.eu\/index.php\/wp-json\/wp\/v2\/media\/709"}],"wp:attachment":[{"href":"https:\/\/www.belgic.eu\/index.php\/wp-json\/wp\/v2\/media?parent=737"}],"wp:term":[{"taxonomy":"category","embeddable":true,"href":"https:\/\/www.belgic.eu\/index.php\/wp-json\/wp\/v2\/categories?post=737"},{"taxonomy":"post_tag","embeddable":true,"href":"https:\/\/www.belgic.eu\/index.php\/wp-json\/wp\/v2\/tags?post=737"}],"curies":[{"name":"wp","href":"https:\/\/api.w.org\/{rel}","templated":true}]}}