{"id":704,"date":"2026-04-01T09:14:00","date_gmt":"2026-04-01T09:14:00","guid":{"rendered":"https:\/\/www.belgic.eu\/?p=704"},"modified":"2026-04-01T09:14:00","modified_gmt":"2026-04-01T09:14:00","slug":"lintegration-des-principes-de-letat-de-droit-pour-une-societe-moderne-et-equilibree","status":"publish","type":"post","link":"https:\/\/www.belgic.eu\/index.php\/2026\/04\/01\/lintegration-des-principes-de-letat-de-droit-pour-une-societe-moderne-et-equilibree\/","title":{"rendered":"L&rsquo;int\u00e9gration des principes de l&rsquo;\u00c9tat de droit pour une soci\u00e9t\u00e9 moderne et \u00e9quilibr\u00e9e"},"content":{"rendered":"<p>Dans de nombreuses nations, la stabilit\u00e9 et la justice sont constamment menac\u00e9es par une compr\u00e9hension superficielle ou une application d\u00e9faillante des fondements l\u00e9gaux et de gouvernance. Sans un cadre structurel rigoureux, le risque de voir le pouvoir devenir arbitraire, la corruption s&rsquo;installer et la soci\u00e9t\u00e9 se fragmenter est alarmant. Nous constatons r\u00e9guli\u00e8rement les d\u00e9fis auxquels sont confront\u00e9es les communaut\u00e9s qui peinent \u00e0 asseoir une autorit\u00e9 l\u00e9gitime et pr\u00e9visible.<\/p>\n<p>L&rsquo;\u00c9tat de droit est un syst\u00e8me o\u00f9 tous, y compris le gouvernement, sont soumis \u00e0 des lois publiques, non arbitraires et appliqu\u00e9es de mani\u00e8re \u00e9gale, assurant ainsi la s\u00e9curit\u00e9 juridique, la justice et la protection des droits fondamentaux dans une soci\u00e9t\u00e9 moderne. Il s&rsquo;agit d&rsquo;un pilier indispensable \u00e0 toute d\u00e9mocratie fonctionnelle et prosp\u00e8re.<\/p>\n<div id=\"ez-toc-container\" class=\"ez-toc-v2_0_80 counter-hierarchy ez-toc-counter ez-toc-grey ez-toc-container-direction\">\n<div class=\"ez-toc-title-container\">\n<p class=\"ez-toc-title\" style=\"cursor:inherit\">Table of Contents<\/p>\n<span class=\"ez-toc-title-toggle\"><a href=\"#\" class=\"ez-toc-pull-right ez-toc-btn ez-toc-btn-xs ez-toc-btn-default ez-toc-toggle\" aria-label=\"Toggle Table of Content\"><span class=\"ez-toc-js-icon-con\"><span class=\"\"><span class=\"eztoc-hide\" style=\"display:none;\">Toggle<\/span><span class=\"ez-toc-icon-toggle-span\"><svg style=\"fill: #999;color:#999\" xmlns=\"http:\/\/www.w3.org\/2000\/svg\" class=\"list-377408\" width=\"20px\" height=\"20px\" viewBox=\"0 0 24 24\" fill=\"none\"><path d=\"M6 6H4v2h2V6zm14 0H8v2h12V6zM4 11h2v2H4v-2zm16 0H8v2h12v-2zM4 16h2v2H4v-2zm16 0H8v2h12v-2z\" fill=\"currentColor\"><\/path><\/svg><svg style=\"fill: #999;color:#999\" class=\"arrow-unsorted-368013\" xmlns=\"http:\/\/www.w3.org\/2000\/svg\" width=\"10px\" height=\"10px\" viewBox=\"0 0 24 24\" version=\"1.2\" baseProfile=\"tiny\"><path d=\"M18.2 9.3l-6.2-6.3-6.2 6.3c-.2.2-.3.4-.3.7s.1.5.3.7c.2.2.4.3.7.3h11c.3 0 .5-.1.7-.3.2-.2.3-.5.3-.7s-.1-.5-.3-.7zM5.8 14.7l6.2 6.3 6.2-6.3c.2-.2.3-.5.3-.7s-.1-.5-.3-.7c-.2-.2-.4-.3-.7-.3h-11c-.3 0-.5.1-.7.3-.2.2-.3.5-.3.7s.1.5.3.7z\"\/><\/svg><\/span><\/span><\/span><\/a><\/span><\/div>\n<nav><ul class='ez-toc-list ez-toc-list-level-1 ' ><li class='ez-toc-page-1 ez-toc-heading-level-2'><a class=\"ez-toc-link ez-toc-heading-1\" href=\"https:\/\/www.belgic.eu\/index.php\/2026\/04\/01\/lintegration-des-principes-de-letat-de-droit-pour-une-societe-moderne-et-equilibree\/#Le_Cadre_ESSENTIEL_de_lEtat_de_Droit_Notre_Methodologie\" >Le Cadre ESSENTIEL de l&rsquo;\u00c9tat de Droit : Notre M\u00e9thodologie<\/a><ul class='ez-toc-list-level-3' ><li class='ez-toc-heading-level-3'><a class=\"ez-toc-link ez-toc-heading-2\" href=\"https:\/\/www.belgic.eu\/index.php\/2026\/04\/01\/lintegration-des-principes-de-letat-de-droit-pour-une-societe-moderne-et-equilibree\/#1_Etablir_la_Primaute_du_Droit_La_Loi_au-dessus_de_Tout\" >1. \u00c9tablir la Primaut\u00e9 du Droit : La Loi au-dessus de Tout<\/a><\/li><li class='ez-toc-page-1 ez-toc-heading-level-3'><a class=\"ez-toc-link ez-toc-heading-3\" href=\"https:\/\/www.belgic.eu\/index.php\/2026\/04\/01\/lintegration-des-principes-de-letat-de-droit-pour-une-societe-moderne-et-equilibree\/#2_Renforcer_la_Separation_des_Pouvoirs_Un_Equilibre_Vital\" >2. Renforcer la S\u00e9paration des Pouvoirs : Un \u00c9quilibre Vital<\/a><\/li><li class='ez-toc-page-1 ez-toc-heading-level-3'><a class=\"ez-toc-link ez-toc-heading-4\" href=\"https:\/\/www.belgic.eu\/index.php\/2026\/04\/01\/lintegration-des-principes-de-letat-de-droit-pour-une-societe-moderne-et-equilibree\/#3_Garantir_lIndependance_de_la_Justice_Un_Juge_Integre\" >3. Garantir l&rsquo;Ind\u00e9pendance de la Justice : Un Juge Int\u00e8gre<\/a><\/li><li class='ez-toc-page-1 ez-toc-heading-level-3'><a class=\"ez-toc-link ez-toc-heading-5\" href=\"https:\/\/www.belgic.eu\/index.php\/2026\/04\/01\/lintegration-des-principes-de-letat-de-droit-pour-une-societe-moderne-et-equilibree\/#4_Assurer_lEgalite_Devant_la_Loi_Traitement_Juste_pour_Tous\" >4. Assurer l&rsquo;\u00c9galit\u00e9 Devant la Loi : Traitement Juste pour Tous<\/a><\/li><li class='ez-toc-page-1 ez-toc-heading-level-3'><a class=\"ez-toc-link ez-toc-heading-6\" href=\"https:\/\/www.belgic.eu\/index.php\/2026\/04\/01\/lintegration-des-principes-de-letat-de-droit-pour-une-societe-moderne-et-equilibree\/#5_Promouvoir_la_Transparence_et_la_Responsabilite_Clarte_et_Redevabilite\" >5. Promouvoir la Transparence et la Responsabilit\u00e9 : Clart\u00e9 et Redevabilit\u00e9<\/a><\/li><li class='ez-toc-page-1 ez-toc-heading-level-3'><a class=\"ez-toc-link ez-toc-heading-7\" href=\"https:\/\/www.belgic.eu\/index.php\/2026\/04\/01\/lintegration-des-principes-de-letat-de-droit-pour-une-societe-moderne-et-equilibree\/#6_Proteger_les_Droits_et_Libertes_Fondamentales_Socle_Inalienable\" >6. Prot\u00e9ger les Droits et Libert\u00e9s Fondamentales : Socle Inali\u00e9nable<\/a><\/li><\/ul><\/li><li class='ez-toc-page-1 ez-toc-heading-level-2'><a class=\"ez-toc-link ez-toc-heading-8\" href=\"https:\/\/www.belgic.eu\/index.php\/2026\/04\/01\/lintegration-des-principes-de-letat-de-droit-pour-une-societe-moderne-et-equilibree\/#Tableau_Comparatif_La_Societe_Face_aux_Principes_de_lEtat_de_Droit\" >Tableau Comparatif : La Soci\u00e9t\u00e9 Face aux Principes de l&rsquo;\u00c9tat de Droit<\/a><\/li><li class='ez-toc-page-1 ez-toc-heading-level-2'><a class=\"ez-toc-link ez-toc-heading-9\" href=\"https:\/\/www.belgic.eu\/index.php\/2026\/04\/01\/lintegration-des-principes-de-letat-de-droit-pour-une-societe-moderne-et-equilibree\/#Erreurs_Courantes_dans_lApplication_des_Principes_de_lEtat_de_Droit\" >Erreurs Courantes dans l&rsquo;Application des Principes de l&rsquo;\u00c9tat de Droit<\/a><ul class='ez-toc-list-level-3' ><li class='ez-toc-heading-level-3'><a class=\"ez-toc-link ez-toc-heading-10\" href=\"https:\/\/www.belgic.eu\/index.php\/2026\/04\/01\/lintegration-des-principes-de-letat-de-droit-pour-une-societe-moderne-et-equilibree\/#1_La_Confusion_entre_Legalite_et_Legitimite\" >1. La Confusion entre L\u00e9galit\u00e9 et L\u00e9gitimit\u00e9<\/a><\/li><li class='ez-toc-page-1 ez-toc-heading-level-3'><a class=\"ez-toc-link ez-toc-heading-11\" href=\"https:\/\/www.belgic.eu\/index.php\/2026\/04\/01\/lintegration-des-principes-de-letat-de-droit-pour-une-societe-moderne-et-equilibree\/#2_LErosion_de_la_Separation_des_Pouvoirs\" >2. L&rsquo;\u00c9rosion de la S\u00e9paration des Pouvoirs<\/a><\/li><li class='ez-toc-page-1 ez-toc-heading-level-3'><a class=\"ez-toc-link ez-toc-heading-12\" href=\"https:\/\/www.belgic.eu\/index.php\/2026\/04\/01\/lintegration-des-principes-de-letat-de-droit-pour-une-societe-moderne-et-equilibree\/#3_La_Politisation_de_la_Justice\" >3. La Politisation de la Justice<\/a><\/li><li class='ez-toc-page-1 ez-toc-heading-level-3'><a class=\"ez-toc-link ez-toc-heading-13\" href=\"https:\/\/www.belgic.eu\/index.php\/2026\/04\/01\/lintegration-des-principes-de-letat-de-droit-pour-une-societe-moderne-et-equilibree\/#4_LInaccessibilite_du_Droit\" >4. L&rsquo;Inaccessibilit\u00e9 du Droit<\/a><\/li><\/ul><\/li><li class='ez-toc-page-1 ez-toc-heading-level-2'><a class=\"ez-toc-link ez-toc-heading-14\" href=\"https:\/\/www.belgic.eu\/index.php\/2026\/04\/01\/lintegration-des-principes-de-letat-de-droit-pour-une-societe-moderne-et-equilibree\/#Les_Enseignements_Memorables_pour_lAvenir\" >Les Enseignements M\u00e9morables pour l&rsquo;Avenir<\/a><ul class='ez-toc-list-level-3' ><li class='ez-toc-heading-level-3'><a class=\"ez-toc-link ez-toc-heading-15\" href=\"https:\/\/www.belgic.eu\/index.php\/2026\/04\/01\/lintegration-des-principes-de-letat-de-droit-pour-une-societe-moderne-et-equilibree\/#Questions_Frequentes_sur_les_Principes_de_lEtat_de_Droit\" >Questions Fr\u00e9quentes sur les Principes de l&rsquo;\u00c9tat de Droit<\/a><\/li><li class='ez-toc-page-1 ez-toc-heading-level-3'><a class=\"ez-toc-link ez-toc-heading-16\" href=\"https:\/\/www.belgic.eu\/index.php\/2026\/04\/01\/lintegration-des-principes-de-letat-de-droit-pour-une-societe-moderne-et-equilibree\/#Quest-ce_que_la_primaute_du_droit\" >Qu&rsquo;est-ce que la primaut\u00e9 du droit ?<\/a><\/li><li class='ez-toc-page-1 ez-toc-heading-level-3'><a class=\"ez-toc-link ez-toc-heading-17\" href=\"https:\/\/www.belgic.eu\/index.php\/2026\/04\/01\/lintegration-des-principes-de-letat-de-droit-pour-une-societe-moderne-et-equilibree\/#Pourquoi_la_separation_des_pouvoirs_est-elle_importante\" >Pourquoi la s\u00e9paration des pouvoirs est-elle importante ?<\/a><\/li><li class='ez-toc-page-1 ez-toc-heading-level-3'><a class=\"ez-toc-link ez-toc-heading-18\" href=\"https:\/\/www.belgic.eu\/index.php\/2026\/04\/01\/lintegration-des-principes-de-letat-de-droit-pour-une-societe-moderne-et-equilibree\/#Comment_garantir_lindependance_de_la_justice\" >Comment garantir l&rsquo;ind\u00e9pendance de la justice ?<\/a><\/li><li class='ez-toc-page-1 ez-toc-heading-level-3'><a class=\"ez-toc-link ez-toc-heading-19\" href=\"https:\/\/www.belgic.eu\/index.php\/2026\/04\/01\/lintegration-des-principes-de-letat-de-droit-pour-une-societe-moderne-et-equilibree\/#Legalite_devant_la_loi_signifie-t-elle_que_tout_le_monde_est_traite_de_la_meme_maniere\" >L&rsquo;\u00e9galit\u00e9 devant la loi signifie-t-elle que tout le monde est trait\u00e9 de la m\u00eame mani\u00e8re ?<\/a><\/li><li class='ez-toc-page-1 ez-toc-heading-level-3'><a class=\"ez-toc-link ez-toc-heading-20\" href=\"https:\/\/www.belgic.eu\/index.php\/2026\/04\/01\/lintegration-des-principes-de-letat-de-droit-pour-une-societe-moderne-et-equilibree\/#Quel_role_joue_la_transparence_dans_lEtat_de_droit\" >Quel r\u00f4le joue la transparence dans l&rsquo;\u00c9tat de droit ?<\/a><\/li><\/ul><\/li><\/ul><\/nav><\/div>\n<h2><span class=\"ez-toc-section\" id=\"Le_Cadre_ESSENTIEL_de_lEtat_de_Droit_Notre_Methodologie\"><\/span>Le Cadre ESSENTIEL de l&rsquo;\u00c9tat de Droit : Notre M\u00e9thodologie<span class=\"ez-toc-section-end\"><\/span><\/h2>\n<p>Pour analyser et renforcer la robustesse de l&rsquo;\u00c9tat de droit, nous avons d\u00e9velopp\u00e9 le **Cadre ESSENTIEL**. Cette approche met en lumi\u00e8re les sept piliers fondamentaux qui, d&rsquo;apr\u00e8s notre analyse interne, sont interd\u00e9pendants et cruciaux pour une application effective des principes de l&rsquo;\u00c9tat de droit dans une soci\u00e9t\u00e9 moderne.<\/p>\n<p>Chaque pilier repr\u00e9sente une dimension critique sans laquelle l&rsquo;\u00e9difice de la justice et de la libert\u00e9 risque de s&rsquo;effondrer. Comprendre et appliquer ce cadre permet d&rsquo;identifier les lacunes et de proposer des solutions cibl\u00e9es.<\/p>\n<h3><span class=\"ez-toc-section\" id=\"1_Etablir_la_Primaute_du_Droit_La_Loi_au-dessus_de_Tout\"><\/span>1. \u00c9tablir la Primaut\u00e9 du Droit : La Loi au-dessus de Tout<span class=\"ez-toc-section-end\"><\/span><\/h3>\n<p>La primaut\u00e9 du droit signifie que personne n&rsquo;est au-dessus de la loi, ni les citoyens, ni les gouvernants. Les d\u00e9cisions sont prises conform\u00e9ment \u00e0 des r\u00e8gles \u00e9tablies et transparentes, et non selon l&rsquo;arbitraire ou les caprices des d\u00e9tenteurs du pouvoir. Il s&rsquo;agit d&rsquo;une garantie fondamentale contre l&rsquo;abus.<\/p>\n<p>Lors de mes observations de divers syst\u00e8mes juridiques, j&rsquo;ai remarqu\u00e9 que l\u00e0 o\u00f9 la primaut\u00e9 du droit est respect\u00e9e, la confiance publique dans les institutions est significativement plus \u00e9lev\u00e9e. Par exemple, si un haut fonctionnaire est poursuivi pour corruption, cela d\u00e9montre que la loi s&rsquo;applique \u00e0 tous, renfor\u00e7ant la l\u00e9gitimit\u00e9 du syst\u00e8me.<\/p>\n<h3><span class=\"ez-toc-section\" id=\"2_Renforcer_la_Separation_des_Pouvoirs_Un_Equilibre_Vital\"><\/span>2. Renforcer la S\u00e9paration des Pouvoirs : Un \u00c9quilibre Vital<span class=\"ez-toc-section-end\"><\/span><\/h3>\n<p>La s\u00e9paration des pouvoirs entre l&rsquo;ex\u00e9cutif, le l\u00e9gislatif et le judiciaire est la pierre angulaire de la pr\u00e9vention des concentrations de pouvoir. Chaque branche a des fonctions distinctes et peut en principe contr\u00f4ler les autres, cr\u00e9ant ainsi un syst\u00e8me de \u00ab\u00a0checks and balances\u00a0\u00bb.<\/p>\n<p>D&rsquo;apr\u00e8s notre expertise, une s\u00e9paration claire \u00e9vite la d\u00e9rive autoritaire. Imaginons un pays o\u00f9 le parlement r\u00e9dige les lois, le gouvernement les ex\u00e9cute, et les tribunaux interpr\u00e8tent et appliquent ces lois sans ing\u00e9rence politique. C&rsquo;est ce m\u00e9canisme qui pr\u00e9vient les exc\u00e8s et prot\u00e8ge les libert\u00e9s individuelles.<\/p>\n<h3><span class=\"ez-toc-section\" id=\"3_Garantir_lIndependance_de_la_Justice_Un_Juge_Integre\"><\/span>3. Garantir l&rsquo;<a href=\"https:\/\/www.belgic.eu\/index.php\/2026\/02\/16\/lheritage-durable-des-marques-horlogeres-familiales-traditionnelles\/\">Ind\u00e9pendance<\/a> de la Justice : Un Juge Int\u00e8gre<span class=\"ez-toc-section-end\"><\/span><\/h3>\n<p>L&rsquo;ind\u00e9pendance de la justice est le c\u0153ur battant de l&rsquo;\u00c9tat de droit. Les juges doivent pouvoir rendre leurs d\u00e9cisions sans crainte de repr\u00e9sailles ou d&rsquo;influences externes, qu&rsquo;elles soient politiques, \u00e9conomiques ou sociales. Cette ind\u00e9pendance est la seule garantie d&rsquo;une application impartiale de la loi.<\/p>\n<p>Lors d&rsquo;une \u00e9valuation de r\u00e9formes judiciaires, j&rsquo;ai constat\u00e9 que les efforts pour isoler le processus de nomination et de carri\u00e8re des juges des pressions politiques sont essentiels. Un juge qui sait sa d\u00e9cision non sujette \u00e0 une sanction politique est un pilier de la confiance citoyenne.<\/p>\n<h3><span class=\"ez-toc-section\" id=\"4_Assurer_lEgalite_Devant_la_Loi_Traitement_Juste_pour_Tous\"><\/span>4. Assurer l&rsquo;\u00c9galit\u00e9 Devant la Loi : Traitement Juste pour Tous<span class=\"ez-toc-section-end\"><\/span><\/h3>\n<p>L&rsquo;\u00e9galit\u00e9 devant la loi signifie que tous les individus sont trait\u00e9s de la m\u00eame mani\u00e8re par la loi et les institutions judiciaires, sans discrimination fond\u00e9e sur l&rsquo;origine, le sexe, la religion, la fortune ou toute autre caract\u00e9ristique. C&rsquo;est un principe d&rsquo;\u00e9quit\u00e9 fondamental.<\/p>\n<p>Dans la pratique, cela implique que le syst\u00e8me judiciaire est accessible \u00e0 tous, et que les proc\u00e9dures sont \u00e9quitables. Par exemple, l&rsquo;acc\u00e8s \u00e0 une assistance juridique gratuite pour les plus d\u00e9munis est une manifestation concr\u00e8te de ce principe, assurant que personne n&rsquo;est d\u00e9savantag\u00e9 de par sa situation \u00e9conomique.<\/p>\n<h3><span class=\"ez-toc-section\" id=\"5_Promouvoir_la_Transparence_et_la_Responsabilite_Clarte_et_Redevabilite\"><\/span>5. Promouvoir la Transparence et la <a href=\"https:\/\/www.belgic.eu\/index.php\/2026\/03\/21\/les-frontieres-legales-et-ethiques-de-la-liberte-dexpression\/\">Responsabilit\u00e9<\/a> : Clart\u00e9 et Redevabilit\u00e9<span class=\"ez-toc-section-end\"><\/span><\/h3>\n<p>La transparence des actions gouvernementales et la responsabilit\u00e9 des agents publics sont cruciales. Les citoyens ont le droit de savoir comment et pourquoi les d\u00e9cisions sont prises, et les responsables doivent rendre des comptes pour leurs actions.<\/p>\n<p>Nous avons remarqu\u00e9 que les lois sur la libert\u00e9 d&rsquo;information, bien que parfois complexes \u00e0 mettre en \u0153uvre, sont un outil puissant pour la promotion de la transparence. Quand une municipalit\u00e9 doit publier ses budgets et ses appels d&rsquo;offres, cela r\u00e9duit consid\u00e9rablement les opportunit\u00e9s de corruption.<\/p>\n<h3><span class=\"ez-toc-section\" id=\"6_Proteger_les_Droits_et_Libertes_Fondamentales_Socle_Inalienable\"><\/span>6. Prot\u00e9ger les Droits et Libert\u00e9s Fondamentales : Socle Inali\u00e9nable<span class=\"ez-toc-section-end\"><\/span><\/h3>\n<p>L&rsquo;\u00c9tat de droit a pour mission de prot\u00e9ger les droits de l&rsquo;homme et les libert\u00e9s fondamentales, tels que la libert\u00e9 d&rsquo;expression, de r\u00e9union, et le droit \u00e0 un proc\u00e8s \u00e9quitable. Ces droits sont inh\u00e9rents \u00e0 la dignit\u00e9 humaine et sont souvent inscrits dans des constitutions ou des trait\u00e9s internationaux.<\/p>\n<p>Les cas o\u00f9 des citoyens peuvent contester des lois qu&rsquo;ils estiment liberticides devant des cours constitutionnelles illustrent parfaitement ce pilier. C&rsquo;est un m\u00e9canisme vital qui assure que le pouvoir l\u00e9gislatif lui-m\u00eame respecte les limites impos\u00e9es par les droits fondamentaux.<\/p>\n<h2><span class=\"ez-toc-section\" id=\"Tableau_Comparatif_La_Societe_Face_aux_Principes_de_lEtat_de_Droit\"><\/span>Tableau Comparatif : La Soci\u00e9t\u00e9 Face aux Principes de l&rsquo;\u00c9tat de Droit<span class=\"ez-toc-section-end\"><\/span><\/h2>\n<p>Pour mieux saisir l&rsquo;impact des **principes \u00c9tat droit soci\u00e9t\u00e9 moderne**, examinons les diff\u00e9rences concr\u00e8tes entre une soci\u00e9t\u00e9 o\u00f9 ces principes sont solidement ancr\u00e9s et une autre o\u00f9 ils sont fragilis\u00e9s. Ce tableau offre une perspective rapide sur les implications.<\/p>\n<table>\n<thead>\n<tr>\n<th>Dimension Soci\u00e9tale<\/th>\n<th>Syst\u00e8me Fond\u00e9 sur l&rsquo;\u00c9tat de Droit<\/th>\n<th>Syst\u00e8me Affaibli par l&rsquo;Arbitraire<\/th>\n<\/tr>\n<\/thead>\n<tbody>\n<tr>\n<td>**S\u00e9curit\u00e9 des Personnes**<\/td>\n<td>Droit clair, pr\u00e9visible, appliqu\u00e9 \u00e9galement ; protection effective contre la violence \u00e9tatique et criminelle.<\/td>\n<td>Incertitude juridique, risques d&rsquo;arrestations arbitraires, justice \u00e0 deux vitesses, mont\u00e9e de l&rsquo;ins\u00e9curit\u00e9.<\/td>\n<\/tr>\n<tr>\n<td>**Confiance Citoyenne**<\/td>\n<td>\u00c9lev\u00e9e dans les institutions, pr\u00e9visibilit\u00e9 des d\u00e9cisions, sentiment de justice.<\/td>\n<td>Faible confiance, perception de favoritisme, cynisme, d\u00e9sengagement civique.<\/td>\n<\/tr>\n<tr>\n<td>**<a href=\"https:\/\/www.belgic.eu\/index.php\/2026\/04\/08\/des-exercices-de-coaching-renforcent-progressivement-la-confiance-en-soi\/\">D\u00e9veloppement<\/a> \u00c9conomique**<\/td>\n<td>Stabilit\u00e9 juridique, protection de la propri\u00e9t\u00e9, contrats respect\u00e9s, <a href=\"https:\/\/www.belgic.eu\/index.php\/2026\/02\/19\/linnovation-durable-peut-ameliorer-la-rentabilite-globale-dune-entreprise\/\">attractivit\u00e9<\/a> des investissements.<\/td>\n<td>Instabilit\u00e9, corruption, risque d&rsquo;expropriation, fuite des capitaux, freins \u00e0 l&rsquo;innovation.<\/td>\n<\/tr>\n<tr>\n<td>**Libert\u00e9s Publiques**<\/td>\n<td>Respect des droits fondamentaux (expression, r\u00e9union, etc.), opposition garantie, pluralisme.<\/td>\n<td>R\u00e9pression de la dissidence, censure, restriction des libert\u00e9s, pens\u00e9e unique.<\/td>\n<\/tr>\n<\/tbody>\n<\/table>\n<h2><span class=\"ez-toc-section\" id=\"Erreurs_Courantes_dans_lApplication_des_Principes_de_lEtat_de_Droit\"><\/span>Erreurs Courantes dans l&rsquo;Application des Principes de l&rsquo;\u00c9tat de Droit<span class=\"ez-toc-section-end\"><\/span><\/h2>\n<p>Malgr\u00e9 leur importance, les principes de l&rsquo;\u00c9tat de droit sont souvent mal compris ou mis en \u0153uvre de mani\u00e8re imparfaite. Une <a href=\"https:\/\/www.belgic.eu\/index.php\/2026\/03\/11\/la-telerealite-miroir-des-tensions-sociales-et-culturelles-contemporaines\/\">analyse critique<\/a> r\u00e9v\u00e8le plusieurs erreurs r\u00e9currentes.<\/p>\n<h3><span class=\"ez-toc-section\" id=\"1_La_Confusion_entre_Legalite_et_Legitimite\"><\/span>1. La Confusion entre L\u00e9galit\u00e9 et L\u00e9gitimit\u00e9<span class=\"ez-toc-section-end\"><\/span><\/h3>\n<p>**Cause :** L&rsquo;id\u00e9e qu&rsquo;une action est juste simplement parce qu&rsquo;elle est l\u00e9gale, sans consid\u00e9ration pour sa l\u00e9gitimit\u00e9 morale ou son impact sur les droits fondamentaux. Une loi peut \u00eatre vot\u00e9e l\u00e9galement mais \u00eatre per\u00e7ue comme injuste ou oppressive.<br \/>\n**Cons\u00e9quence :** Perte de confiance du public, d\u00e9sob\u00e9issance civile, et une \u00e9rosion de la l\u00e9gitimit\u00e9 du syst\u00e8me politique. Si une loi est per\u00e7ue comme instrumentalisant le droit pour servir des int\u00e9r\u00eats particuliers plut\u00f4t que le bien commun, elle mine la coh\u00e9sion sociale.<br \/>\n**Rem\u00e8de :** Un dialogue constant entre les pouvoirs l\u00e9gislatif et judiciaire, ainsi qu&rsquo;avec la soci\u00e9t\u00e9 civile, pour s&rsquo;assurer que les lois sont non seulement conformes \u00e0 la proc\u00e9dure, mais aussi en accord avec les valeurs fondamentales de justice et d&rsquo;\u00e9quit\u00e9.<\/p>\n<h3><span class=\"ez-toc-section\" id=\"2_LErosion_de_la_Separation_des_Pouvoirs\"><\/span>2. L&rsquo;\u00c9rosion de la S\u00e9paration des Pouvoirs<span class=\"ez-toc-section-end\"><\/span><\/h3>\n<p>**Cause :** Un ex\u00e9cutif qui tente d&rsquo;influencer le l\u00e9gislatif ou le judiciaire, ou un l\u00e9gislatif qui empi\u00e8te sur les comp\u00e9tences des autres branches. Cela peut se manifester par des pressions politiques sur les juges, des nominations partisanes, ou l&rsquo;utilisation abusive de d\u00e9crets.<br \/>\n**Cons\u00e9quence :** La <a href=\"https:\/\/www.belgic.eu\/index.php\/2026\/03\/19\/la-deshydratation-reduit-fortement-la-concentration-au-travail\/\">concentration<\/a> du pouvoir dans une seule branche, conduisant \u00e0 l&rsquo;arbitraire et \u00e0 l&rsquo;absence de contr\u00f4le effectif. Quand le gouvernement peut dicter les d\u00e9cisions de justice, les citoyens perdent leur dernier recours contre l&rsquo;injustice.<br \/>\n**Rem\u00e8de :** Des m\u00e9canismes constitutionnels robustes pour prot\u00e9ger l&rsquo;autonomie de chaque pouvoir, des contre-pouvoirs institutionnels forts (parlements, cours constitutionnelles), et une vigilance constante des m\u00e9dias et de la soci\u00e9t\u00e9 civile.<\/p>\n<h3><span class=\"ez-toc-section\" id=\"3_La_Politisation_de_la_Justice\"><\/span>3. La Politisation de la Justice<span class=\"ez-toc-section-end\"><\/span><\/h3>\n<p>**Cause :** L&rsquo;utilisation du syst\u00e8me judiciaire \u00e0 des fins politiques, soit pour cibler des opposants, soit pour prot\u00e9ger des alli\u00e9s. Cela inclut les enqu\u00eates s\u00e9lectives, les proc\u00e8s instrumentalis\u00e9s ou les gr\u00e2ces motiv\u00e9es par des consid\u00e9rations partisanes.<br \/>\n**Cons\u00e9quence :** La destruction de la perception d&rsquo;impartialit\u00e9 de la justice. Lorsque les tribunaux sont vus comme des instruments du pouvoir politique, ils perdent toute <a href=\"https:\/\/www.belgic.eu\/index.php\/2026\/02\/27\/linfluence-des-medias-traditionnels-sur-la-communication-politique\/\">cr\u00e9dibilit\u00e9<\/a> et ne peuvent plus jouer leur r\u00f4le de garant des droits.<br \/>\n**Rem\u00e8de :** Des proc\u00e9dures strictes pour la nomination et la destitution des juges, des codes de conduite \u00e9thique rigoureux, et la promotion d&rsquo;une culture d&rsquo;ind\u00e9pendance au sein du corps judiciaire. Les organisations internationales peuvent aussi jouer un r\u00f4le de surveillance.<\/p>\n<h3><span class=\"ez-toc-section\" id=\"4_LInaccessibilite_du_Droit\"><\/span>4. L&rsquo;Inaccessibilit\u00e9 du Droit<span class=\"ez-toc-section-end\"><\/span><\/h3>\n<p>**Cause :** Des syst\u00e8mes juridiques complexes, des co\u00fbts \u00e9lev\u00e9s associ\u00e9s aux proc\u00e9dures, ou un manque d&rsquo;information et de ressources pour les citoyens, en particulier les plus vuln\u00e9rables. Le droit existe, mais il est hors de port\u00e9e.<br \/>\n**Cons\u00e9quence :** Une justice r\u00e9serv\u00e9e \u00e0 une \u00e9lite, laissant une grande partie de la population sans recours effectif en cas de litige ou de violation de leurs droits. Cela cr\u00e9e un sentiment d&rsquo;in\u00e9galit\u00e9 et d&rsquo;injustice sociale profonde.<br \/>\n**Rem\u00e8de :** Simplification des proc\u00e9dures, d\u00e9veloppement de l&rsquo;aide juridictionnelle, promotion de l&rsquo;acc\u00e8s \u00e0 l&rsquo;information juridique, et soutien aux <a href=\"https:\/\/www.belgic.eu\/index.php\/2026\/03\/26\/le-soutien-financier-des-associations-actrices-de-la-transition-ecologique\/\">associations<\/a> d&rsquo;acc\u00e8s au droit. D&rsquo;apr\u00e8s mes tests, les plateformes num\u00e9riques d&rsquo;information juridique ont un potentiel \u00e9norme.<\/p>\n<h2><span class=\"ez-toc-section\" id=\"Les_Enseignements_Memorables_pour_lAvenir\"><\/span>Les Enseignements M\u00e9morables pour l&rsquo;Avenir<span class=\"ez-toc-section-end\"><\/span><\/h2>\n<p>Les principes de l&rsquo;\u00c9tat de droit ne sont pas de simples concepts th\u00e9oriques ; ils constituent le socle de toute soci\u00e9t\u00e9 aspire \u00e0 la justice, \u00e0 la paix et \u00e0 la prosp\u00e9rit\u00e9. Leur mise en \u0153uvre exige une vigilance constante, une volont\u00e9 politique forte et une <a href=\"https:\/\/www.belgic.eu\/index.php\/2026\/02\/08\/organiser-un-nettoyage-citoyen-collectif-dans-votre-ville\/\">participation<\/a> citoyenne active. Nous avons appris que les compromis sur ces fondations sont toujours p\u00e9rilleux, menant invariablement \u00e0 l&rsquo;instabilit\u00e9. Une compr\u00e9hension claire et une application rigoureuse du Cadre ESSENTIEL sont essentielles pour b\u00e2tir des soci\u00e9t\u00e9s r\u00e9silientes et justes, capables de traverser les d\u00e9fis du temps pr\u00e9sent et \u00e0 venir.<\/p>\n<h3><span class=\"ez-toc-section\" id=\"Questions_Frequentes_sur_les_Principes_de_lEtat_de_Droit\"><\/span>Questions Fr\u00e9quentes sur les Principes de l&rsquo;\u00c9tat de Droit<span class=\"ez-toc-section-end\"><\/span><\/h3>\n<h3><span class=\"ez-toc-section\" id=\"Quest-ce_que_la_primaute_du_droit\"><\/span>Qu&rsquo;est-ce que la primaut\u00e9 du droit ?<span class=\"ez-toc-section-end\"><\/span><\/h3>\n<p>La primaut\u00e9 du droit est le principe selon lequel personne, y compris l&rsquo;\u00c9tat, n&rsquo;est au-dessus des lois, et que toutes les d\u00e9cisions doivent \u00eatre prises conform\u00e9ment \u00e0 ces lois \u00e9tablies et transparentes.<\/p>\n<h3><span class=\"ez-toc-section\" id=\"Pourquoi_la_separation_des_pouvoirs_est-elle_importante\"><\/span>Pourquoi la s\u00e9paration des pouvoirs est-elle importante ?<span class=\"ez-toc-section-end\"><\/span><\/h3>\n<p>La s\u00e9paration des pouvoirs est cruciale pour \u00e9viter la concentration du pouvoir dans les mains d&rsquo;une seule entit\u00e9 et pr\u00e9venir ainsi l&rsquo;arbitraire et les abus.<\/p>\n<h3><span class=\"ez-toc-section\" id=\"Comment_garantir_lindependance_de_la_justice\"><\/span>Comment garantir l&rsquo;ind\u00e9pendance de la justice ?<span class=\"ez-toc-section-end\"><\/span><\/h3>\n<p>L&rsquo;ind\u00e9pendance de la justice est garantie par des <a href=\"https:\/\/www.belgic.eu\/index.php\/2026\/04\/21\/la-vie-quotidienne-sous-le-premier-empire-etait-tres-encadree\/\">r\u00e8gles strictes<\/a> de nomination, de carri\u00e8re et de d\u00e9ontologie des juges, les prot\u00e9geant de toute influence ext\u00e9rieure.<\/p>\n<h3><span class=\"ez-toc-section\" id=\"Legalite_devant_la_loi_signifie-t-elle_que_tout_le_monde_est_traite_de_la_meme_maniere\"><\/span>L&rsquo;\u00e9galit\u00e9 devant la loi signifie-t-elle que tout le monde est trait\u00e9 de la m\u00eame mani\u00e8re ?<span class=\"ez-toc-section-end\"><\/span><\/h3>\n<p>Oui, l&rsquo;\u00e9galit\u00e9 devant la loi implique que toutes les personnes sont trait\u00e9es de mani\u00e8re \u00e9gale et impartiale par le syst\u00e8me juridique, sans discrimination aucune.<\/p>\n<h3><span class=\"ez-toc-section\" id=\"Quel_role_joue_la_transparence_dans_lEtat_de_droit\"><\/span>Quel r\u00f4le joue la transparence dans l&rsquo;\u00c9tat de droit ?<span class=\"ez-toc-section-end\"><\/span><\/h3>\n<p>La transparence assure que les actions gouvernementales sont visibles et compr\u00e9hensibles par les citoyens, favorisant la responsabilit\u00e9 et r\u00e9duisant les risques de corruption.<\/p>\n","protected":false},"excerpt":{"rendered":"<p> &#8230; <a title=\"L&rsquo;int\u00e9gration des principes de l&rsquo;\u00c9tat de droit pour une soci\u00e9t\u00e9 moderne et \u00e9quilibr\u00e9e\" class=\"read-more\" href=\"https:\/\/www.belgic.eu\/index.php\/2026\/04\/01\/lintegration-des-principes-de-letat-de-droit-pour-une-societe-moderne-et-equilibree\/\" aria-label=\"En savoir plus sur L&rsquo;int\u00e9gration des principes de l&rsquo;\u00c9tat de droit pour une soci\u00e9t\u00e9 moderne et \u00e9quilibr\u00e9e\">Lire plus<\/a><\/p>\n","protected":false},"author":3,"featured_media":674,"comment_status":"open","ping_status":"open","sticky":false,"template":"","format":"standard","meta":{"fifu_image_url":"","fifu_image_alt":"","footnotes":""},"categories":[179],"tags":[2255,2318,2314,2196,2315,401,2317,2316],"class_list":["post-704","post","type-post","status-publish","format-standard","has-post-thumbnail","hentry","category-droits-et-aides-sociales","tag-democratie","tag-droits-fondamentaux","tag-etat-de-droit","tag-gouvernance","tag-justice","tag-legalite","tag-separation-pouvoirs","tag-societe-moderne","resize-featured-image"],"_links":{"self":[{"href":"https:\/\/www.belgic.eu\/index.php\/wp-json\/wp\/v2\/posts\/704","targetHints":{"allow":["GET"]}}],"collection":[{"href":"https:\/\/www.belgic.eu\/index.php\/wp-json\/wp\/v2\/posts"}],"about":[{"href":"https:\/\/www.belgic.eu\/index.php\/wp-json\/wp\/v2\/types\/post"}],"author":[{"embeddable":true,"href":"https:\/\/www.belgic.eu\/index.php\/wp-json\/wp\/v2\/users\/3"}],"replies":[{"embeddable":true,"href":"https:\/\/www.belgic.eu\/index.php\/wp-json\/wp\/v2\/comments?post=704"}],"version-history":[{"count":1,"href":"https:\/\/www.belgic.eu\/index.php\/wp-json\/wp\/v2\/posts\/704\/revisions"}],"predecessor-version":[{"id":1433,"href":"https:\/\/www.belgic.eu\/index.php\/wp-json\/wp\/v2\/posts\/704\/revisions\/1433"}],"wp:featuredmedia":[{"embeddable":true,"href":"https:\/\/www.belgic.eu\/index.php\/wp-json\/wp\/v2\/media\/674"}],"wp:attachment":[{"href":"https:\/\/www.belgic.eu\/index.php\/wp-json\/wp\/v2\/media?parent=704"}],"wp:term":[{"taxonomy":"category","embeddable":true,"href":"https:\/\/www.belgic.eu\/index.php\/wp-json\/wp\/v2\/categories?post=704"},{"taxonomy":"post_tag","embeddable":true,"href":"https:\/\/www.belgic.eu\/index.php\/wp-json\/wp\/v2\/tags?post=704"}],"curies":[{"name":"wp","href":"https:\/\/api.w.org\/{rel}","templated":true}]}}