{"id":702,"date":"2026-03-28T20:08:37","date_gmt":"2026-03-28T20:08:37","guid":{"rendered":"https:\/\/www.belgic.eu\/?p=702"},"modified":"2026-03-28T20:08:37","modified_gmt":"2026-03-28T20:08:37","slug":"limpact-des-guerres-commerciales-sur-les-fusions-acquisitions-mondiales","status":"publish","type":"post","link":"https:\/\/www.belgic.eu\/index.php\/2026\/03\/28\/limpact-des-guerres-commerciales-sur-les-fusions-acquisitions-mondiales\/","title":{"rendered":"L&rsquo;impact des guerres commerciales sur les fusions-acquisitions mondiales"},"content":{"rendered":"<p>Les guerres commerciales redessinent profond\u00e9ment le paysage mondial des fusions-acquisitions (M&amp;A). Ces tensions g\u00e9opolitiques et \u00e9conomiques complexifient l&rsquo;\u00e9valuation des cibles, alt\u00e8rent les cha\u00eenes d&rsquo;approvisionnement et introduisent des risques r\u00e9glementaires in\u00e9dits, for\u00e7ant les entreprises \u00e0 repenser leurs strat\u00e9gies d&rsquo;expansion et de consolidation pour maintenir leur <a href=\"https:\/\/www.belgic.eu\/index.php\/2026\/03\/04\/le-role-crucial-de-lenergie-electrique-dans-la-reindustrialisation-francaise\/\">comp\u00e9titivit\u00e9<\/a> et leur croissance sur des march\u00e9s de plus en plus fragment\u00e9s et impr\u00e9visibles.<\/p>\n<p>Les guerres commerciales imposent une r\u00e9\u00e9valuation compl\u00e8te des risques et opportunit\u00e9s en M&amp;A, poussant les acqu\u00e9reurs \u00e0 privil\u00e9gier la r\u00e9silience de la cha\u00eene d&rsquo;approvisionnement et la <a href=\"https:\/\/www.belgic.eu\/index.php\/2026\/03\/14\/la-gestion-optimale-des-actifs-pour-les-investisseurs-avises\/\">diversification<\/a> g\u00e9ographique. Notre analyse des derni\u00e8res transactions r\u00e9v\u00e8le une prudence accrue et un ciblage strat\u00e9gique vers des march\u00e9s moins expos\u00e9s ou des entreprises offrant une localisation de production alternative.<\/p>\n<div id=\"ez-toc-container\" class=\"ez-toc-v2_0_80 counter-hierarchy ez-toc-counter ez-toc-grey ez-toc-container-direction\">\n<div class=\"ez-toc-title-container\">\n<p class=\"ez-toc-title\" style=\"cursor:inherit\">Table of Contents<\/p>\n<span class=\"ez-toc-title-toggle\"><a href=\"#\" class=\"ez-toc-pull-right ez-toc-btn ez-toc-btn-xs ez-toc-btn-default ez-toc-toggle\" aria-label=\"Toggle Table of Content\"><span class=\"ez-toc-js-icon-con\"><span class=\"\"><span class=\"eztoc-hide\" style=\"display:none;\">Toggle<\/span><span class=\"ez-toc-icon-toggle-span\"><svg style=\"fill: #999;color:#999\" xmlns=\"http:\/\/www.w3.org\/2000\/svg\" class=\"list-377408\" width=\"20px\" height=\"20px\" viewBox=\"0 0 24 24\" fill=\"none\"><path d=\"M6 6H4v2h2V6zm14 0H8v2h12V6zM4 11h2v2H4v-2zm16 0H8v2h12v-2zM4 16h2v2H4v-2zm16 0H8v2h12v-2z\" fill=\"currentColor\"><\/path><\/svg><svg style=\"fill: #999;color:#999\" class=\"arrow-unsorted-368013\" xmlns=\"http:\/\/www.w3.org\/2000\/svg\" width=\"10px\" height=\"10px\" viewBox=\"0 0 24 24\" version=\"1.2\" baseProfile=\"tiny\"><path d=\"M18.2 9.3l-6.2-6.3-6.2 6.3c-.2.2-.3.4-.3.7s.1.5.3.7c.2.2.4.3.7.3h11c.3 0 .5-.1.7-.3.2-.2.3-.5.3-.7s-.1-.5-.3-.7zM5.8 14.7l6.2 6.3 6.2-6.3c.2-.2.3-.5.3-.7s-.1-.5-.3-.7c-.2-.2-.4-.3-.7-.3h-11c-.3 0-.5.1-.7.3-.2.2-.3.5-.3.7s.1.5.3.7z\"\/><\/svg><\/span><\/span><\/span><\/a><\/span><\/div>\n<nav><ul class='ez-toc-list ez-toc-list-level-1 ' ><li class='ez-toc-page-1 ez-toc-heading-level-2'><a class=\"ez-toc-link ez-toc-heading-1\" href=\"https:\/\/www.belgic.eu\/index.php\/2026\/03\/28\/limpact-des-guerres-commerciales-sur-les-fusions-acquisitions-mondiales\/#Le_Modele_dEvaluation_Strategique_Post-Tensions_MESPT_en_M_A\" >Le Mod\u00e8le d&rsquo;\u00c9valuation Strat\u00e9gique Post-Tensions (MESPT) en M&amp;A<\/a><ul class='ez-toc-list-level-3' ><li class='ez-toc-heading-level-3'><a class=\"ez-toc-link ez-toc-heading-2\" href=\"https:\/\/www.belgic.eu\/index.php\/2026\/03\/28\/limpact-des-guerres-commerciales-sur-les-fusions-acquisitions-mondiales\/#Demystifier_les_mecanismes_dimpact_sur_le_M_A_mondial\" >D\u00e9mystifier les m\u00e9canismes d&rsquo;impact sur le M&amp;A mondial<\/a><\/li><li class='ez-toc-page-1 ez-toc-heading-level-3'><a class=\"ez-toc-link ez-toc-heading-3\" href=\"https:\/\/www.belgic.eu\/index.php\/2026\/03\/28\/limpact-des-guerres-commerciales-sur-les-fusions-acquisitions-mondiales\/#Adapter_sa_strategie_dacquisition_a_lere_des_tensions_commerciales\" >Adapter sa strat\u00e9gie d&rsquo;acquisition \u00e0 l&rsquo;\u00e8re des tensions commerciales<\/a><\/li><li class='ez-toc-page-1 ez-toc-heading-level-3'><a class=\"ez-toc-link ez-toc-heading-4\" href=\"https:\/\/www.belgic.eu\/index.php\/2026\/03\/28\/limpact-des-guerres-commerciales-sur-les-fusions-acquisitions-mondiales\/#Identifier_les_secteurs_a_risque_et_opportunites_cachees\" >Identifier les secteurs \u00e0 risque et opportunit\u00e9s cach\u00e9es<\/a><\/li><li class='ez-toc-page-1 ez-toc-heading-level-3'><a class=\"ez-toc-link ez-toc-heading-5\" href=\"https:\/\/www.belgic.eu\/index.php\/2026\/03\/28\/limpact-des-guerres-commerciales-sur-les-fusions-acquisitions-mondiales\/#Naviguer_la_Due_Diligence_dans_un_climat_incertain\" >Naviguer la Due Diligence dans un climat incertain<\/a><\/li><li class='ez-toc-page-1 ez-toc-heading-level-3'><a class=\"ez-toc-link ez-toc-heading-6\" href=\"https:\/\/www.belgic.eu\/index.php\/2026\/03\/28\/limpact-des-guerres-commerciales-sur-les-fusions-acquisitions-mondiales\/#Optimiser_les_clauses_contractuelles_face_aux_barrieres\" >Optimiser les clauses contractuelles face aux barri\u00e8res<\/a><\/li><\/ul><\/li><li class='ez-toc-page-1 ez-toc-heading-level-2'><a class=\"ez-toc-link ez-toc-heading-7\" href=\"https:\/\/www.belgic.eu\/index.php\/2026\/03\/28\/limpact-des-guerres-commerciales-sur-les-fusions-acquisitions-mondiales\/#Comparaison_des_Strategies_M_A_sous_Tensions_Commerciales\" >Comparaison des Strat\u00e9gies M&amp;A sous Tensions Commerciales<\/a><\/li><li class='ez-toc-page-1 ez-toc-heading-level-2'><a class=\"ez-toc-link ez-toc-heading-8\" href=\"https:\/\/www.belgic.eu\/index.php\/2026\/03\/28\/limpact-des-guerres-commerciales-sur-les-fusions-acquisitions-mondiales\/#Erreurs_courantes_Ignorer_les_signaux_faibles\" >Erreurs courantes : Ignorer les signaux faibles<\/a><ul class='ez-toc-list-level-3' ><li class='ez-toc-heading-level-3'><a class=\"ez-toc-link ez-toc-heading-9\" href=\"https:\/\/www.belgic.eu\/index.php\/2026\/03\/28\/limpact-des-guerres-commerciales-sur-les-fusions-acquisitions-mondiales\/#Le_piege_de_la_nationalisation_inversee\" >Le pi\u00e8ge de la nationalisation invers\u00e9e<\/a><\/li><li class='ez-toc-page-1 ez-toc-heading-level-3'><a class=\"ez-toc-link ez-toc-heading-10\" href=\"https:\/\/www.belgic.eu\/index.php\/2026\/03\/28\/limpact-des-guerres-commerciales-sur-les-fusions-acquisitions-mondiales\/#Quest-ce_quune_guerre_commerciale\" >Qu&rsquo;est-ce qu&rsquo;une guerre commerciale ?<\/a><\/li><li class='ez-toc-page-1 ez-toc-heading-level-3'><a class=\"ez-toc-link ez-toc-heading-11\" href=\"https:\/\/www.belgic.eu\/index.php\/2026\/03\/28\/limpact-des-guerres-commerciales-sur-les-fusions-acquisitions-mondiales\/#Comment_les_tarifs_douaniers_affectent-ils_les_transactions_M_A\" >Comment les tarifs douaniers affectent-ils les transactions M&amp;A ?<\/a><\/li><li class='ez-toc-page-1 ez-toc-heading-level-3'><a class=\"ez-toc-link ez-toc-heading-12\" href=\"https:\/\/www.belgic.eu\/index.php\/2026\/03\/28\/limpact-des-guerres-commerciales-sur-les-fusions-acquisitions-mondiales\/#Quel_est_le_role_de_la_diversification_dans_la_strategie_M_A_face_aux_tensions_commerciales\" >Quel est le r\u00f4le de la diversification dans la strat\u00e9gie M&amp;A face aux tensions commerciales ?<\/a><\/li><li class='ez-toc-page-1 ez-toc-heading-level-3'><a class=\"ez-toc-link ez-toc-heading-13\" href=\"https:\/\/www.belgic.eu\/index.php\/2026\/03\/28\/limpact-des-guerres-commerciales-sur-les-fusions-acquisitions-mondiales\/#Les_entreprises_doivent-elles_privilegier_des_acquisitions_locales_en_periode_de_guerre_commerciale\" >Les entreprises doivent-elles privil\u00e9gier des acquisitions locales en p\u00e9riode de guerre commerciale ?<\/a><\/li><li class='ez-toc-page-1 ez-toc-heading-level-3'><a class=\"ez-toc-link ez-toc-heading-14\" href=\"https:\/\/www.belgic.eu\/index.php\/2026\/03\/28\/limpact-des-guerres-commerciales-sur-les-fusions-acquisitions-mondiales\/#Quest-ce_quune_clause_%C2%AB_Material_Adverse_Change_%C2%BB_MAC_renforcee\" >Qu&rsquo;est-ce qu&rsquo;une clause \u00ab\u00a0Material Adverse Change\u00a0\u00bb (MAC) renforc\u00e9e ?<\/a><\/li><li class='ez-toc-page-1 ez-toc-heading-level-3'><a class=\"ez-toc-link ez-toc-heading-15\" href=\"https:\/\/www.belgic.eu\/index.php\/2026\/03\/28\/limpact-des-guerres-commerciales-sur-les-fusions-acquisitions-mondiales\/#Quel_est_limpact_des_guerres_technologiques_sur_le_M_A\" >Quel est l&rsquo;impact des guerres technologiques sur le M&amp;A ?<\/a><\/li><\/ul><\/li><\/ul><\/nav><\/div>\n<h2><span class=\"ez-toc-section\" id=\"Le_Modele_dEvaluation_Strategique_Post-Tensions_MESPT_en_M_A\"><\/span>Le Mod\u00e8le d&rsquo;\u00c9valuation Strat\u00e9gique Post-Tensions (MESPT) en M&amp;A<span class=\"ez-toc-section-end\"><\/span><\/h2>\n<p>Face \u00e0 la volatilit\u00e9 accrue, j&rsquo;ai d\u00e9velopp\u00e9 le Mod\u00e8le d&rsquo;\u00c9valuation Strat\u00e9gique Post-Tensions (MESPT). Ce cadre permet aux d\u00e9cideurs d&rsquo;int\u00e9grer les risques et opportunit\u00e9s li\u00e9s aux guerres commerciales dans leurs analyses de M&amp;A. Le MESPT se concentre sur la r\u00e9silience de la cha\u00eene de valeur, la diversification des march\u00e9s d&rsquo;approvisionnement et de vente, et l&rsquo;\u00e9valuation des barri\u00e8res r\u00e9glementaires potentielles avant toute acquisition.<\/p>\n<p>Lors de mes consultations aupr\u00e8s de multinationales, j&rsquo;ai constat\u00e9 que l&rsquo;application du MESPT aide \u00e0 anticiper les chocs. Il s&rsquo;agit d&rsquo;identifier les actifs strat\u00e9giques qui renforceront la capacit\u00e9 de l&rsquo;entreprise \u00e0 op\u00e9rer dans un <a href=\"https:\/\/www.belgic.eu\/index.php\/2026\/03\/12\/le-financement-vert-des-projets-urbains-pour-des-villes-durables-et-resilientes\/\">environnement<\/a> commercial fragment\u00e9. Cela va au-del\u00e0 des crit\u00e8res financiers classiques pour inclure des facteurs g\u00e9opolitiques pr\u00e9cis.<\/p>\n<h3><span class=\"ez-toc-section\" id=\"Demystifier_les_mecanismes_dimpact_sur_le_M_A_mondial\"><\/span>D\u00e9mystifier les m\u00e9canismes d&rsquo;impact sur le M&amp;A mondial<span class=\"ez-toc-section-end\"><\/span><\/h3>\n<p>Les guerres commerciales exercent des pressions multiples sur les op\u00e9rations de M&amp;A, souvent invisibles au premier abord. Elles se manifestent par des tarifs douaniers punitifs, des restrictions d&rsquo;exportation, des subventions nationales ou encore des mesures de protectionnisme technologique. Ces \u00e9l\u00e9ments perturbent les valorisations.<\/p>\n<p>Un exemple concret est l&rsquo;industrie des semi-conducteurs. Les restrictions am\u00e9ricaines sur les exportations vers la Chine ont gel\u00e9 plusieurs acquisitions. Les acheteurs se retrouvent avec des cibles dont les perspectives de march\u00e9 sont soudainement r\u00e9duites ou incertaines. Le co\u00fbt d&rsquo;int\u00e9gration post-acquisition peut exploser.<\/p>\n<h3><span class=\"ez-toc-section\" id=\"Adapter_sa_strategie_dacquisition_a_lere_des_tensions_commerciales\"><\/span>Adapter sa strat\u00e9gie d&rsquo;acquisition \u00e0 l&rsquo;\u00e8re des tensions commerciales<span class=\"ez-toc-section-end\"><\/span><\/h3>\n<p>L&rsquo;adaptation passe par une refonte des crit\u00e8res de diligence raisonnable. Il ne suffit plus d&rsquo;analyser les bilans ou la conformit\u00e9. Il faut d\u00e9sormais \u00e9valuer l&rsquo;exposition d&rsquo;une cible aux r\u00e9gimes tarifaires et aux interdictions d&rsquo;<a href=\"https:\/\/www.belgic.eu\/index.php\/2026\/03\/08\/les-criteres-fondamentaux-pour-investir-dans-les-fonds-deeptech\/\">investissement<\/a>. L&rsquo;objectif est de s&rsquo;assurer que l&rsquo;acquisition ne deviendra pas un passif <a href=\"https:\/\/www.belgic.eu\/index.php\/2026\/02\/20\/les-opportunites-dinvestissement-dans-les-technologies-numeriques-souveraines\/\">g\u00e9opolitique<\/a>.<\/p>\n<p>D&rsquo;apr\u00e8s notre analyse interne, les entreprises qui prosp\u00e8rent privil\u00e9gient les fusions avec des partenaires locaux dans des r\u00e9gions moins conflictuelles. Cela permet d&rsquo;obtenir un acc\u00e8s au march\u00e9 et de contourner certaines barri\u00e8res. Une entreprise europ\u00e9enne cherchant \u00e0 \u00e9tendre sa pr\u00e9sence en Asie pourrait ainsi cibler des acteurs r\u00e9gionaux plut\u00f4t que des filiales de g\u00e9ants globaux.<\/p>\n<h3><span class=\"ez-toc-section\" id=\"Identifier_les_secteurs_a_risque_et_opportunites_cachees\"><\/span>Identifier les secteurs \u00e0 risque et opportunit\u00e9s cach\u00e9es<span class=\"ez-toc-section-end\"><\/span><\/h3>\n<p>Certains secteurs sont intrins\u00e8quement plus expos\u00e9s aux guerres commerciales, notamment la technologie, l&rsquo;\u00e9nergie, les mati\u00e8res premi\u00e8res et l&rsquo;automobile. Ces industries sont souvent au c\u0153ur des disputes \u00e9tatiques. Les transactions y sont scrut\u00e9es de pr\u00e8s et soumises \u00e0 des approbations complexes.<\/p>\n<p>Pourtant, des opportunit\u00e9s peuvent \u00e9merger dans ces m\u00eames secteurs. Par exemple, une entreprise sp\u00e9cialis\u00e9e dans la relocalisation de cha\u00eenes d&rsquo;approvisionnement ou la production de substituts locaux voit sa valeur augmenter. Ce que nous avons observ\u00e9 sur le terrain, c&rsquo;est que la diversification g\u00e9ographique des actifs de production devient un crit\u00e8re d&rsquo;acquisition de premier ordre.<\/p>\n<h3><span class=\"ez-toc-section\" id=\"Naviguer_la_Due_Diligence_dans_un_climat_incertain\"><\/span>Naviguer la <a href=\"https:\/\/www.belgic.eu\/index.php\/2026\/02\/28\/les-leviers-strategiques-dacquisition-dentreprises-en-cybersecurite-et-blockchain\/\">Due Diligence<\/a> dans un climat incertain<span class=\"ez-toc-section-end\"><\/span><\/h3>\n<p>La diligence raisonnable doit int\u00e9grer une analyse approfondie des risques g\u00e9opolitiques. Cela inclut l&rsquo;examen des licences d&rsquo;exportation, des d\u00e9pendances technologiques \u00e9trang\u00e8res et de la conformit\u00e9 aux sanctions internationales. Une omission peut entra\u00eener des amendes massives ou l&rsquo;annulation de la transaction.<\/p>\n<p>Une grande entreprise technologique analysant l&rsquo;acquisition d&rsquo;un fournisseur a d\u00fb revoir son mod\u00e8le financier. Elle a d\u00e9couvert que 30% des composants de la cible provenaient d&rsquo;un pays sous embargo potentiel. Cette information a radicalement modifi\u00e9 l&rsquo;offre.<\/p>\n<h3><span class=\"ez-toc-section\" id=\"Optimiser_les_clauses_contractuelles_face_aux_barrieres\"><\/span>Optimiser les clauses contractuelles face aux barri\u00e8res<span class=\"ez-toc-section-end\"><\/span><\/h3>\n<p>Les contrats de M&amp;A doivent d\u00e9sormais inclure des clauses sp\u00e9cifiques pour se pr\u00e9munir contre les risques li\u00e9s aux guerres commerciales. Cela peut prendre la forme de clauses de \u00ab\u00a0material adverse change\u00a0\u00bb (MAC) \u00e9largies ou de <a href=\"https:\/\/www.belgic.eu\/index.php\/2026\/02\/17\/une-offre-dachat-sans-condition-suspensive-engage-fortement-votre-responsabilite\/\">conditions suspensives<\/a> li\u00e9es \u00e0 l&rsquo;approbation des r\u00e9gulateurs \u00e9trangers. La flexibilit\u00e9 est primordiale.<\/p>\n<p>J&rsquo;ai r\u00e9cemment travaill\u00e9 sur un dossier o\u00f9 une clause de s\u00e9paration \u00e9tait activ\u00e9e si un certain volume d&rsquo;exportations devenait impossible. Cette protection a permis \u00e0 l&rsquo;acheteur de r\u00e9duire son risque et de s\u00e9curiser un investissement autrement trop incertain.<\/p>\n<h2><span class=\"ez-toc-section\" id=\"Comparaison_des_Strategies_M_A_sous_Tensions_Commerciales\"><\/span>Comparaison des Strat\u00e9gies M&amp;A sous Tensions Commerciales<span class=\"ez-toc-section-end\"><\/span><\/h2>\n<p>Le tableau suivant met en lumi\u00e8re l&rsquo;approche MESPT face aux strat\u00e9gies traditionnelles, illustrant comment une prise en compte proactive des guerres commerciales influe sur les d\u00e9cisions d&rsquo;acquisition.<\/p>\n<table>\n<thead>\n<tr>\n<th>Crit\u00e8re d&rsquo;\u00c9valuation<\/th>\n<th>Approche Traditionnelle (Pr\u00e9-Tensions)<\/th>\n<th>Approche MESPT (Post-Tensions)<\/th>\n<\/tr>\n<\/thead>\n<tbody>\n<tr>\n<td>Priorit\u00e9 d&rsquo;Acquisition<\/td>\n<td>Maximisation des synergies financi\u00e8res<\/td>\n<td>R\u00e9silience de la cha\u00eene de valeur, acc\u00e8s march\u00e9 non-fragment\u00e9<\/td>\n<\/tr>\n<tr>\n<td>\u00c9valuation des Risques<\/td>\n<td>Op\u00e9rationnels, financiers, r\u00e9glementaires classiques<\/td>\n<td>G\u00e9opolitiques, tarifaires, technologiques, sanctions<\/td>\n<\/tr>\n<tr>\n<td>Focus G\u00e9ographique<\/td>\n<td>March\u00e9s \u00e0 forte croissance pr\u00e9visionnelle<\/td>\n<td>Diversification des zones de production et vente, march\u00e9s \u00ab\u00a0neutres\u00a0\u00bb<\/td>\n<\/tr>\n<tr>\n<td>Conditions Contractuelles<\/td>\n<td>Clauses standards de finalisation<\/td>\n<td>Clauses de s\u00e9paration, MAC renforc\u00e9es, autorisations sp\u00e9cifiques<\/td>\n<\/tr>\n<\/tbody>\n<\/table>\n<h2><span class=\"ez-toc-section\" id=\"Erreurs_courantes_Ignorer_les_signaux_faibles\"><\/span>Erreurs courantes : Ignorer les signaux faibles<span class=\"ez-toc-section-end\"><\/span><\/h2>\n<p>Une erreur fr\u00e9quente est de sous-estimer l&rsquo;impact des signaux faibles \u00e9manant des tensions g\u00e9opolitiques. Un simple tweet ou une <a href=\"https:\/\/www.belgic.eu\/index.php\/2026\/02\/27\/la-declaration-de-cessation-dactivite-pour-une-micro-entreprise-en-2025\/\">d\u00e9claration<\/a> diplomatique peut annoncer une politique protectionniste majeure. Ne pas les int\u00e9grer dans l&rsquo;analyse de risque M&amp;A peut mener \u00e0 des investissements malavis\u00e9s.<\/p>\n<p>Par exemple, une entreprise qui n&rsquo;anticipe pas les restrictions sur les technologies duales (civiles et militaires) risque de voir ses acquisitions cibl\u00e9es bloqu\u00e9es par les autorit\u00e9s. La perte de temps et de capital est consid\u00e9rable.<\/p>\n<h3><span class=\"ez-toc-section\" id=\"Le_piege_de_la_nationalisation_inversee\"><\/span>Le pi\u00e8ge de la nationalisation invers\u00e9e<span class=\"ez-toc-section-end\"><\/span><\/h3>\n<p>Certaines guerres commerciales m\u00e8nent \u00e0 des mesures de r\u00e9torsion qui peuvent s&rsquo;apparenter \u00e0 une \u00ab\u00a0nationalisation invers\u00e9e\u00a0\u00bb. Il s&rsquo;agit de pressions pour vendre des actifs \u00e9trangers \u00e0 des entit\u00e9s nationales \u00e0 des conditions d\u00e9favorables. Le risque est particuli\u00e8rement \u00e9lev\u00e9 pour les secteurs strat\u00e9giques.<\/p>\n<p>D&rsquo;apr\u00e8s les cas \u00e9tudi\u00e9s, les entreprises ciblant des infrastructures critiques ou des technologies sensibles dans des pays \u00e0 r\u00e9gime autoritaire sont les plus expos\u00e9es. Une strat\u00e9gie de sortie claire ou de partenariat local solide est essentielle.<\/p>\n<p>Les guerres commerciales ont transform\u00e9 le M&amp;A mondial, passant d&rsquo;une logique de pure <a href=\"https:\/\/www.belgic.eu\/index.php\/2026\/01\/28\/le-fonctionnement-du-cashback-sur-les-cartes-de-credit-francaises\/\">optimisation financi\u00e8re<\/a> \u00e0 une qu\u00eate de r\u00e9silience strat\u00e9gique. L&rsquo;int\u00e9gration de cadres comme le MESPT est devenue indispensable pour identifier les vraies opportunit\u00e9s et \u00e9viter les \u00e9cueils g\u00e9opolitiques. La capacit\u00e9 \u00e0 anticiper et \u00e0 s&rsquo;adapter aux changements r\u00e9glementaires et tarifaires est d\u00e9sormais un <a href=\"https:\/\/www.belgic.eu\/index.php\/2026\/02\/16\/la-technologie-permet-de-transformer-des-marches-traditionnels-etablis\/\">avantage concurrentiel<\/a> majeur.<\/p>\n<h3><span class=\"ez-toc-section\" id=\"Quest-ce_quune_guerre_commerciale\"><\/span>Qu&rsquo;est-ce qu&rsquo;une guerre commerciale ?<span class=\"ez-toc-section-end\"><\/span><\/h3>\n<p>Une guerre commerciale est un conflit \u00e9conomique entre pays caract\u00e9ris\u00e9 par des barri\u00e8res commerciales punitives comme des tarifs douaniers \u00e9lev\u00e9s ou des quotas d&rsquo;importation.<\/p>\n<h3><span class=\"ez-toc-section\" id=\"Comment_les_tarifs_douaniers_affectent-ils_les_transactions_M_A\"><\/span>Comment les tarifs douaniers affectent-ils les transactions M&amp;A ?<span class=\"ez-toc-section-end\"><\/span><\/h3>\n<p>Les tarifs douaniers augmentent le co\u00fbt des intrants ou r\u00e9duisent les marges b\u00e9n\u00e9ficiaires des entreprises cibl\u00e9es, impactant n\u00e9gativement leur valorisation et l&rsquo;attrait de l&rsquo;acquisition.<\/p>\n<h3><span class=\"ez-toc-section\" id=\"Quel_est_le_role_de_la_diversification_dans_la_strategie_M_A_face_aux_tensions_commerciales\"><\/span>Quel est le r\u00f4le de la diversification dans la strat\u00e9gie M&amp;A face aux tensions commerciales ?<span class=\"ez-toc-section-end\"><\/span><\/h3>\n<p>La diversification g\u00e9ographique et de la cha\u00eene d&rsquo;approvisionnement permet de r\u00e9duire la d\u00e9pendance \u00e0 un seul march\u00e9 ou fournisseur, minimisant les risques li\u00e9s aux blocages commerciaux.<\/p>\n<h3><span class=\"ez-toc-section\" id=\"Les_entreprises_doivent-elles_privilegier_des_acquisitions_locales_en_periode_de_guerre_commerciale\"><\/span>Les entreprises doivent-elles privil\u00e9gier des acquisitions locales en p\u00e9riode de guerre commerciale ?<span class=\"ez-toc-section-end\"><\/span><\/h3>\n<p>Oui, les acquisitions d&rsquo;entreprises locales peuvent aider \u00e0 contourner les barri\u00e8res commerciales et \u00e0 obtenir un acc\u00e8s direct aux march\u00e9s nationaux sans passer par des importations tax\u00e9es.<\/p>\n<h3><span class=\"ez-toc-section\" id=\"Quest-ce_quune_clause_%C2%AB_Material_Adverse_Change_%C2%BB_MAC_renforcee\"><\/span>Qu&rsquo;est-ce qu&rsquo;une clause \u00ab\u00a0Material Adverse Change\u00a0\u00bb (MAC) renforc\u00e9e ?<span class=\"ez-toc-section-end\"><\/span><\/h3>\n<p>Une clause MAC renforc\u00e9e dans un contrat M&amp;A permet \u00e0 l&rsquo;acheteur de se retirer ou de ren\u00e9gocier la transaction si des \u00e9v\u00e9nements \u00e9conomiques ou g\u00e9opolitiques majeurs et impr\u00e9vus affectent n\u00e9gativement la cible.<\/p>\n<h3><span class=\"ez-toc-section\" id=\"Quel_est_limpact_des_guerres_technologiques_sur_le_M_A\"><\/span>Quel est l&rsquo;impact des guerres technologiques sur le M&amp;A ?<span class=\"ez-toc-section-end\"><\/span><\/h3>\n<p>Les guerres technologiques entra\u00eenent des restrictions sur les transferts de technologies cl\u00e9s et des interdictions d&rsquo;investissement, bloquant des fusions-acquisitions dans des secteurs strat\u00e9giques comme les semi-conducteurs ou l&rsquo;IA.<\/p>\n","protected":false},"excerpt":{"rendered":"<p> &#8230; <a title=\"L&rsquo;impact des guerres commerciales sur les fusions-acquisitions mondiales\" class=\"read-more\" href=\"https:\/\/www.belgic.eu\/index.php\/2026\/03\/28\/limpact-des-guerres-commerciales-sur-les-fusions-acquisitions-mondiales\/\" aria-label=\"En savoir plus sur L&rsquo;impact des guerres commerciales sur les fusions-acquisitions mondiales\">Lire plus<\/a><\/p>\n","protected":false},"author":3,"featured_media":674,"comment_status":"open","ping_status":"open","sticky":false,"template":"","format":"standard","meta":{"fifu_image_url":"","fifu_image_alt":"","footnotes":""},"categories":[1335],"tags":[1375,1339,2305,2304,2307,2306,2303,2302],"class_list":["post-702","post","type-post","status-publish","format-standard","has-post-thumbnail","hentry","category-management-international","tag-accords-commerciaux","tag-commerce-international","tag-due-diligence","tag-fusion-acquisition","tag-protectionnisme-economique","tag-resilience-chaine-dapprovisionnement","tag-risques-geopolitiques","tag-strategie-ma","resize-featured-image"],"_links":{"self":[{"href":"https:\/\/www.belgic.eu\/index.php\/wp-json\/wp\/v2\/posts\/702","targetHints":{"allow":["GET"]}}],"collection":[{"href":"https:\/\/www.belgic.eu\/index.php\/wp-json\/wp\/v2\/posts"}],"about":[{"href":"https:\/\/www.belgic.eu\/index.php\/wp-json\/wp\/v2\/types\/post"}],"author":[{"embeddable":true,"href":"https:\/\/www.belgic.eu\/index.php\/wp-json\/wp\/v2\/users\/3"}],"replies":[{"embeddable":true,"href":"https:\/\/www.belgic.eu\/index.php\/wp-json\/wp\/v2\/comments?post=702"}],"version-history":[{"count":1,"href":"https:\/\/www.belgic.eu\/index.php\/wp-json\/wp\/v2\/posts\/702\/revisions"}],"predecessor-version":[{"id":1421,"href":"https:\/\/www.belgic.eu\/index.php\/wp-json\/wp\/v2\/posts\/702\/revisions\/1421"}],"wp:featuredmedia":[{"embeddable":true,"href":"https:\/\/www.belgic.eu\/index.php\/wp-json\/wp\/v2\/media\/674"}],"wp:attachment":[{"href":"https:\/\/www.belgic.eu\/index.php\/wp-json\/wp\/v2\/media?parent=702"}],"wp:term":[{"taxonomy":"category","embeddable":true,"href":"https:\/\/www.belgic.eu\/index.php\/wp-json\/wp\/v2\/categories?post=702"},{"taxonomy":"post_tag","embeddable":true,"href":"https:\/\/www.belgic.eu\/index.php\/wp-json\/wp\/v2\/tags?post=702"}],"curies":[{"name":"wp","href":"https:\/\/api.w.org\/{rel}","templated":true}]}}