{"id":669,"date":"2026-03-29T11:51:22","date_gmt":"2026-03-29T11:51:22","guid":{"rendered":"https:\/\/www.belgic.eu\/?p=669"},"modified":"2026-03-29T11:51:22","modified_gmt":"2026-03-29T11:51:22","slug":"loptimisation-de-lexperience-utilisateur-et-de-linterface-par-lintegration-audio","status":"publish","type":"post","link":"https:\/\/www.belgic.eu\/index.php\/2026\/03\/29\/loptimisation-de-lexperience-utilisateur-et-de-linterface-par-lintegration-audio\/","title":{"rendered":"L&rsquo;optimisation de l&rsquo;exp\u00e9rience utilisateur et de l&rsquo;interface par l&rsquo;int\u00e9gration audio"},"content":{"rendered":"<p>L&rsquo;interaction num\u00e9rique moderne va bien au-del\u00e0 du simple visuel. Face \u00e0 la complexit\u00e9 croissante des <a href=\"https:\/\/www.belgic.eu\/index.php\/2026\/02\/14\/lexpansion-et-le-potentiel-du-marche-des-applications-anti-gaspillage-alimentaire\/\">applications<\/a> et des plateformes, l&rsquo;absence de feedback sensoriel peut rapidement g\u00e9n\u00e9rer de la frustration ou des erreurs. L&rsquo;audio, souvent sous-estim\u00e9, \u00e9merge comme un levier puissant pour enrichir l&rsquo;UX\/UI, transformant une interaction fonctionnelle en une exp\u00e9rience intuitive et m\u00e9morable.<\/p>\n<p>L&rsquo;audio enrichit l&rsquo;UX\/UI en fournissant des retours imm\u00e9diats, guidant l&rsquo;utilisateur \u00e0 travers les processus complexes, renfor\u00e7ant l&rsquo;<a href=\"https:\/\/www.belgic.eu\/index.php\/2026\/02\/28\/les-symboles-celtiques-apportent-du-sens-au-design-de-logo-moderne\/\">identit\u00e9 de marque<\/a> et am\u00e9liorant consid\u00e9rablement l&rsquo;<a href=\"https:\/\/www.belgic.eu\/index.php\/2026\/03\/11\/lorganisation-dun-demenagement-avec-des-aides-a-la-mobilite\/\">accessibilit\u00e9<\/a>, rendant ainsi l&rsquo;interaction num\u00e9rique plus engageante et efficace.<\/p>\n<div id=\"ez-toc-container\" class=\"ez-toc-v2_0_80 counter-hierarchy ez-toc-counter ez-toc-grey ez-toc-container-direction\">\n<div class=\"ez-toc-title-container\">\n<p class=\"ez-toc-title\" style=\"cursor:inherit\">Table of Contents<\/p>\n<span class=\"ez-toc-title-toggle\"><a href=\"#\" class=\"ez-toc-pull-right ez-toc-btn ez-toc-btn-xs ez-toc-btn-default ez-toc-toggle\" aria-label=\"Toggle Table of Content\"><span class=\"ez-toc-js-icon-con\"><span class=\"\"><span class=\"eztoc-hide\" style=\"display:none;\">Toggle<\/span><span class=\"ez-toc-icon-toggle-span\"><svg style=\"fill: #999;color:#999\" xmlns=\"http:\/\/www.w3.org\/2000\/svg\" class=\"list-377408\" width=\"20px\" height=\"20px\" viewBox=\"0 0 24 24\" fill=\"none\"><path d=\"M6 6H4v2h2V6zm14 0H8v2h12V6zM4 11h2v2H4v-2zm16 0H8v2h12v-2zM4 16h2v2H4v-2zm16 0H8v2h12v-2z\" fill=\"currentColor\"><\/path><\/svg><svg style=\"fill: #999;color:#999\" class=\"arrow-unsorted-368013\" xmlns=\"http:\/\/www.w3.org\/2000\/svg\" width=\"10px\" height=\"10px\" viewBox=\"0 0 24 24\" version=\"1.2\" baseProfile=\"tiny\"><path d=\"M18.2 9.3l-6.2-6.3-6.2 6.3c-.2.2-.3.4-.3.7s.1.5.3.7c.2.2.4.3.7.3h11c.3 0 .5-.1.7-.3.2-.2.3-.5.3-.7s-.1-.5-.3-.7zM5.8 14.7l6.2 6.3 6.2-6.3c.2-.2.3-.5.3-.7s-.1-.5-.3-.7c-.2-.2-.4-.3-.7-.3h-11c-.3 0-.5.1-.7.3-.2.2-.3.5-.3.7s.1.5.3.7z\"\/><\/svg><\/span><\/span><\/span><\/a><\/span><\/div>\n<nav><ul class='ez-toc-list ez-toc-list-level-1 ' ><li class='ez-toc-page-1 ez-toc-heading-level-2'><a class=\"ez-toc-link ez-toc-heading-1\" href=\"https:\/\/www.belgic.eu\/index.php\/2026\/03\/29\/loptimisation-de-lexperience-utilisateur-et-de-linterface-par-lintegration-audio\/#La_Revolution_Sonore_Pourquoi_lAudio_est_Cle_en_UXUI\" >La R\u00e9volution Sonore : Pourquoi l&rsquo;Audio est Cl\u00e9 en UX\/UI<\/a><ul class='ez-toc-list-level-3' ><li class='ez-toc-heading-level-3'><a class=\"ez-toc-link ez-toc-heading-2\" href=\"https:\/\/www.belgic.eu\/index.php\/2026\/03\/29\/loptimisation-de-lexperience-utilisateur-et-de-linterface-par-lintegration-audio\/#Au-dela_du_Visuel_Le_Cadre_ECHO_de_lAudio_UX\" >Au-del\u00e0 du Visuel : Le Cadre ECHO de l&rsquo;Audio UX<\/a><ul class='ez-toc-list-level-4' ><li class='ez-toc-heading-level-4'><a class=\"ez-toc-link ez-toc-heading-3\" href=\"https:\/\/www.belgic.eu\/index.php\/2026\/03\/29\/loptimisation-de-lexperience-utilisateur-et-de-linterface-par-lintegration-audio\/#Emotion_et_Identite_de_Marque\" >\u00c9motion et Identit\u00e9 de Marque<\/a><\/li><li class='ez-toc-page-1 ez-toc-heading-level-4'><a class=\"ez-toc-link ez-toc-heading-4\" href=\"https:\/\/www.belgic.eu\/index.php\/2026\/03\/29\/loptimisation-de-lexperience-utilisateur-et-de-linterface-par-lintegration-audio\/#Comprehension_et_Guidage_Intuitif\" >Compr\u00e9hension et Guidage Intuitif<\/a><\/li><li class='ez-toc-page-1 ez-toc-heading-level-4'><a class=\"ez-toc-link ez-toc-heading-5\" href=\"https:\/\/www.belgic.eu\/index.php\/2026\/03\/29\/loptimisation-de-lexperience-utilisateur-et-de-linterface-par-lintegration-audio\/#Feedback_Haptique_et_Confirmation\" >Feedback Haptique et Confirmation<\/a><\/li><li class='ez-toc-page-1 ez-toc-heading-level-4'><a class=\"ez-toc-link ez-toc-heading-6\" href=\"https:\/\/www.belgic.eu\/index.php\/2026\/03\/29\/loptimisation-de-lexperience-utilisateur-et-de-linterface-par-lintegration-audio\/#Orientation_et_Accessibilite_Accrue\" >Orientation et Accessibilit\u00e9 Accrue<\/a><\/li><\/ul><\/li><\/ul><\/li><li class='ez-toc-page-1 ez-toc-heading-level-2'><a class=\"ez-toc-link ez-toc-heading-7\" href=\"https:\/\/www.belgic.eu\/index.php\/2026\/03\/29\/loptimisation-de-lexperience-utilisateur-et-de-linterface-par-lintegration-audio\/#Mettre_en_OEuvre_lAudio_en_UXUI_Etapes_Actionnables\" >Mettre en \u0152uvre l&rsquo;Audio en UX\/UI : \u00c9tapes Actionnables<\/a><ul class='ez-toc-list-level-3' ><li class='ez-toc-heading-level-3'><a class=\"ez-toc-link ez-toc-heading-8\" href=\"https:\/\/www.belgic.eu\/index.php\/2026\/03\/29\/loptimisation-de-lexperience-utilisateur-et-de-linterface-par-lintegration-audio\/#Etape_1_Auditer_lExperience_Actuelle\" >\u00c9tape 1 : Auditer l&rsquo;Exp\u00e9rience Actuelle<\/a><\/li><li class='ez-toc-page-1 ez-toc-heading-level-3'><a class=\"ez-toc-link ez-toc-heading-9\" href=\"https:\/\/www.belgic.eu\/index.php\/2026\/03\/29\/loptimisation-de-lexperience-utilisateur-et-de-linterface-par-lintegration-audio\/#Etape_2_Definir_la_Sonification_Strategique\" >\u00c9tape 2 : D\u00e9finir la Sonification Strat\u00e9gique<\/a><\/li><li class='ez-toc-page-1 ez-toc-heading-level-3'><a class=\"ez-toc-link ez-toc-heading-10\" href=\"https:\/\/www.belgic.eu\/index.php\/2026\/03\/29\/loptimisation-de-lexperience-utilisateur-et-de-linterface-par-lintegration-audio\/#Etape_3_Concevoir_un_Langage_Sonore_Coherent\" >\u00c9tape 3 : Concevoir un Langage Sonore Coh\u00e9rent<\/a><\/li><li class='ez-toc-page-1 ez-toc-heading-level-3'><a class=\"ez-toc-link ez-toc-heading-11\" href=\"https:\/\/www.belgic.eu\/index.php\/2026\/03\/29\/loptimisation-de-lexperience-utilisateur-et-de-linterface-par-lintegration-audio\/#Etape_4_Tester_et_Iterer_avec_les_Utilisateurs\" >\u00c9tape 4 : Tester et It\u00e9rer avec les Utilisateurs<\/a><\/li><\/ul><\/li><li class='ez-toc-page-1 ez-toc-heading-level-2'><a class=\"ez-toc-link ez-toc-heading-12\" href=\"https:\/\/www.belgic.eu\/index.php\/2026\/03\/29\/loptimisation-de-lexperience-utilisateur-et-de-linterface-par-lintegration-audio\/#Integration_Audio_Strategique_vs_Generique\" >Int\u00e9gration Audio : Strat\u00e9gique vs. G\u00e9n\u00e9rique<\/a><\/li><li class='ez-toc-page-1 ez-toc-heading-level-2'><a class=\"ez-toc-link ez-toc-heading-13\" href=\"https:\/\/www.belgic.eu\/index.php\/2026\/03\/29\/loptimisation-de-lexperience-utilisateur-et-de-linterface-par-lintegration-audio\/#Les_Pieges_a_Eviter_dans_la_Conception_Audio_UXUI\" >Les Pi\u00e8ges \u00e0 \u00c9viter dans la Conception Audio UX\/UI<\/a><ul class='ez-toc-list-level-3' ><li class='ez-toc-heading-level-3'><a class=\"ez-toc-link ez-toc-heading-14\" href=\"https:\/\/www.belgic.eu\/index.php\/2026\/03\/29\/loptimisation-de-lexperience-utilisateur-et-de-linterface-par-lintegration-audio\/#La_Surcharge_Sonore_Quand_Trop_Nuit_a_lUtilite\" >La Surcharge Sonore : Quand Trop Nuit \u00e0 l&rsquo;Utilit\u00e9<\/a><\/li><li class='ez-toc-page-1 ez-toc-heading-level-3'><a class=\"ez-toc-link ez-toc-heading-15\" href=\"https:\/\/www.belgic.eu\/index.php\/2026\/03\/29\/loptimisation-de-lexperience-utilisateur-et-de-linterface-par-lintegration-audio\/#LIncoherence_Sonore_Perturber_Plutot_quEngager\" >L&rsquo;Incoh\u00e9rence Sonore : Perturber Plut\u00f4t qu&rsquo;Engager<\/a><\/li><li class='ez-toc-page-1 ez-toc-heading-level-3'><a class=\"ez-toc-link ez-toc-heading-16\" href=\"https:\/\/www.belgic.eu\/index.php\/2026\/03\/29\/loptimisation-de-lexperience-utilisateur-et-de-linterface-par-lintegration-audio\/#LOubli_de_lAccessibilite_Exclure_au_Lieu_dInclure\" >L&rsquo;Oubli de l&rsquo;Accessibilit\u00e9 : Exclure au Lieu d&rsquo;Inclure<\/a><\/li><li class='ez-toc-page-1 ez-toc-heading-level-3'><a class=\"ez-toc-link ez-toc-heading-17\" href=\"https:\/\/www.belgic.eu\/index.php\/2026\/03\/29\/loptimisation-de-lexperience-utilisateur-et-de-linterface-par-lintegration-audio\/#Ignorer_le_Contexte_dUtilisation_Une_Erreur_Frequente\" >Ignorer le Contexte d&rsquo;Utilisation : Une Erreur Fr\u00e9quente<\/a><\/li><\/ul><\/li><li class='ez-toc-page-1 ez-toc-heading-level-2'><a class=\"ez-toc-link ez-toc-heading-18\" href=\"https:\/\/www.belgic.eu\/index.php\/2026\/03\/29\/loptimisation-de-lexperience-utilisateur-et-de-linterface-par-lintegration-audio\/#Vers_une_Experience_Utilisateur_Harmonique\" >Vers une Exp\u00e9rience Utilisateur Harmonique<\/a><ul class='ez-toc-list-level-3' ><li class='ez-toc-heading-level-3'><a class=\"ez-toc-link ez-toc-heading-19\" href=\"https:\/\/www.belgic.eu\/index.php\/2026\/03\/29\/loptimisation-de-lexperience-utilisateur-et-de-linterface-par-lintegration-audio\/#Comment_laudio_ameliore-t-il_lUXUI\" >Comment l&rsquo;audio am\u00e9liore-t-il l&rsquo;UX\/UI ?<\/a><\/li><li class='ez-toc-page-1 ez-toc-heading-level-3'><a class=\"ez-toc-link ez-toc-heading-20\" href=\"https:\/\/www.belgic.eu\/index.php\/2026\/03\/29\/loptimisation-de-lexperience-utilisateur-et-de-linterface-par-lintegration-audio\/#Quest-ce_que_le_Cadre_ECHO_de_lAudio_UX\" >Qu&rsquo;est-ce que le Cadre ECHO de l&rsquo;Audio UX ?<\/a><\/li><li class='ez-toc-page-1 ez-toc-heading-level-3'><a class=\"ez-toc-link ez-toc-heading-21\" href=\"https:\/\/www.belgic.eu\/index.php\/2026\/03\/29\/loptimisation-de-lexperience-utilisateur-et-de-linterface-par-lintegration-audio\/#Quelles_sont_les_erreurs_courantes_a_eviter_en_audio_UXUI\" >Quelles sont les erreurs courantes \u00e0 \u00e9viter en audio UX\/UI ?<\/a><\/li><li class='ez-toc-page-1 ez-toc-heading-level-3'><a class=\"ez-toc-link ez-toc-heading-22\" href=\"https:\/\/www.belgic.eu\/index.php\/2026\/03\/29\/loptimisation-de-lexperience-utilisateur-et-de-linterface-par-lintegration-audio\/#Comment_tester_lefficacite_des_sons_dans_une_interface\" >Comment tester l&rsquo;efficacit\u00e9 des sons dans une interface ?<\/a><\/li><li class='ez-toc-page-1 ez-toc-heading-level-3'><a class=\"ez-toc-link ez-toc-heading-23\" href=\"https:\/\/www.belgic.eu\/index.php\/2026\/03\/29\/loptimisation-de-lexperience-utilisateur-et-de-linterface-par-lintegration-audio\/#Laudio_est-il_toujours_necessaire_en_UXUI\" >L&rsquo;audio est-il toujours n\u00e9cessaire en UX\/UI ?<\/a><\/li><\/ul><\/li><\/ul><\/nav><\/div>\n<h2><span class=\"ez-toc-section\" id=\"La_Revolution_Sonore_Pourquoi_lAudio_est_Cle_en_UXUI\"><\/span>La R\u00e9volution Sonore : Pourquoi l&rsquo;Audio est Cl\u00e9 en UX\/UI<span class=\"ez-toc-section-end\"><\/span><\/h2>\n<p>Les interfaces traditionnelles se concentrent majoritairement sur le visuel, oubliant un sens fondamental : l&rsquo;ou\u00efe. Pourtant, une alerte sonore appropri\u00e9e peut capter l&rsquo;attention bien plus efficacement qu&rsquo;une notification discr\u00e8te \u00e0 l&rsquo;\u00e9cran, surtout lorsque l&rsquo;utilisateur est distrait ou multit\u00e2che. J&rsquo;ai remarqu\u00e9 lors de mes tests que l&rsquo;ajout d&rsquo;une dimension sonore bien pens\u00e9e r\u00e9duit la charge cognitive.<\/p>\n<h3><span class=\"ez-toc-section\" id=\"Au-dela_du_Visuel_Le_Cadre_ECHO_de_lAudio_UX\"><\/span>Au-del\u00e0 du Visuel : Le Cadre ECHO de l&rsquo;Audio UX<span class=\"ez-toc-section-end\"><\/span><\/h3>\n<p>Nous avons d\u00e9velopp\u00e9 le \u00ab\u00a0Cadre ECHO de l&rsquo;Audio UX\u00a0\u00bb pour structurer la r\u00e9flexion autour de l&rsquo;<a href=\"https:\/\/www.belgic.eu\/index.php\/2026\/03\/14\/comment-choisir-un-logiciel-de-reporting-financier-adapte-aux-experts-comptables\/\">int\u00e9gration<\/a> sonore. Ce cadre met en lumi\u00e8re quatre piliers essentiels : \u00c9motion, Compr\u00e9hension, Haptique et Orientation. Il permet aux designers de naviguer la complexit\u00e9 de la conception sonore.<\/p>\n<h4><span class=\"ez-toc-section\" id=\"Emotion_et_Identite_de_Marque\"><\/span>\u00c9motion et Identit\u00e9 de Marque<span class=\"ez-toc-section-end\"><\/span><\/h4>\n<p>Le son poss\u00e8de une capacit\u00e9 unique \u00e0 \u00e9voquer des \u00e9motions et \u00e0 renforcer une identit\u00e9. Un jingle distinctif au d\u00e9marrage d&rsquo;une application ou un son de validation sp\u00e9cifique pour un achat contribue \u00e0 construire une signature reconnaissable et rassurante. Lors de l&rsquo;\u00e9tude de plusieurs applications, il est clair qu&rsquo;une <a href=\"https:\/\/www.belgic.eu\/index.php\/2026\/03\/09\/la-definition-et-le-role-strategique-du-sound-logo-en-entreprise\/\">identit\u00e9 sonore<\/a> coh\u00e9rente fid\u00e9lise l&rsquo;utilisateur.<\/p>\n<h4><span class=\"ez-toc-section\" id=\"Comprehension_et_Guidage_Intuitif\"><\/span>Compr\u00e9hension et Guidage Intuitif<span class=\"ez-toc-section-end\"><\/span><\/h4>\n<p>L&rsquo;audio peut simplifier des processus complexes en offrant un feedback direct. Un son court et distinct pour une action r\u00e9ussie ou un son d&rsquo;erreur sp\u00e9cifique informe imm\u00e9diatement l&rsquo;utilisateur de l&rsquo;\u00e9tat du syst\u00e8me. Par exemple, un son \u00ab\u00a0clic\u00a0\u00bb subtil lors de la s\u00e9lection d&rsquo;un \u00e9l\u00e9ment confirme l&rsquo;interaction sans exiger de confirmation visuelle.<\/p>\n<h4><span class=\"ez-toc-section\" id=\"Feedback_Haptique_et_Confirmation\"><\/span>Feedback Haptique et Confirmation<span class=\"ez-toc-section-end\"><\/span><\/h4>\n<p>Bien que \u00ab\u00a0haptique\u00a0\u00bb d\u00e9signe le toucher, l&rsquo;audio agit comme un feedback virtuel qui compl\u00e8te ou remplace le retour physique. Le son confirme que l&rsquo;action a \u00e9t\u00e9 prise en compte, m\u00eame lorsque l&rsquo;interface est minimaliste ou lorsque l&rsquo;utilisateur ne regarde pas l&rsquo;\u00e9cran. C&rsquo;est crucial pour les interactions rapides comme la frappe au clavier ou la navigation gestuelle.<\/p>\n<h4><span class=\"ez-toc-section\" id=\"Orientation_et_Accessibilite_Accrue\"><\/span>Orientation et Accessibilit\u00e9 Accrue<span class=\"ez-toc-section-end\"><\/span><\/h4>\n<p>Pour les personnes malvoyantes ou celles utilisant des interfaces vocales, l&rsquo;audio n&rsquo;est pas un luxe mais une n\u00e9cessit\u00e9. Les indices sonores peuvent guider l&rsquo;utilisateur dans la navigation, indiquer la progression d&rsquo;une t\u00e2che ou alerter sur des informations importantes. Notre analyse interne montre une nette am\u00e9lioration de l&rsquo;accessibilit\u00e9 avec une sonorisation strat\u00e9gique.<\/p>\n<h2><span class=\"ez-toc-section\" id=\"Mettre_en_OEuvre_lAudio_en_UXUI_Etapes_Actionnables\"><\/span>Mettre en \u0152uvre l&rsquo;Audio en UX\/UI : \u00c9tapes Actionnables<span class=\"ez-toc-section-end\"><\/span><\/h2>\n<p>Int\u00e9grer l&rsquo;audio de mani\u00e8re efficace demande une approche m\u00e9thodique. Ce n&rsquo;est pas seulement ajouter des sons, mais les penser comme une partie int\u00e9grante de l&rsquo;exp\u00e9rience globale. J&rsquo;ai personnellement constat\u00e9 que le succ\u00e8s r\u00e9side dans une <a href=\"https:\/\/www.belgic.eu\/index.php\/2026\/02\/18\/planifier-son-projet-de-renovation-pour-eviter-tous-les-imprevus\/\">planification<\/a> rigoureuse et une attention aux d\u00e9tails.<\/p>\n<h3><span class=\"ez-toc-section\" id=\"Etape_1_Auditer_lExperience_Actuelle\"><\/span>\u00c9tape 1 : Auditer l&rsquo;Exp\u00e9rience Actuelle<span class=\"ez-toc-section-end\"><\/span><\/h3>\n<p>Commencez par analyser l&rsquo;interface existante et identifiez les points de friction, les moments d&rsquo;attente ou les actions cl\u00e9s qui pourraient b\u00e9n\u00e9ficier d&rsquo;un renforcement sonore. Par exemple, une barre de chargement silencieuse peut g\u00e9n\u00e9rer de l&rsquo;impatience ; un l\u00e9ger son de \u00ab\u00a0progression\u00a0\u00bb ou de \u00ab\u00a0fin de chargement\u00a0\u00bb peut transformer cette attente. Lors de mes tests, cette \u00e9tape est cruciale pour cibler les am\u00e9liorations.<\/p>\n<h3><span class=\"ez-toc-section\" id=\"Etape_2_Definir_la_Sonification_Strategique\"><\/span>\u00c9tape 2 : D\u00e9finir la Sonification Strat\u00e9gique<span class=\"ez-toc-section-end\"><\/span><\/h3>\n<p>\u00c9tablissez une strat\u00e9gie claire pour chaque son : quel r\u00f4le joue-t-il ? Est-ce un feedback, une alerte, une confirmation, ou un \u00e9l\u00e9ment d&rsquo;ambiance ? Ne sonorisez pas tout, mais uniquement ce qui apporte une valeur ajout\u00e9e. Par exemple, une application de m\u00e9ditation pourrait utiliser des sons apaisants en fond, tandis qu&rsquo;une application bancaire privil\u00e9gierait des sons de confirmation clairs et s\u00e9curisants.<\/p>\n<h3><span class=\"ez-toc-section\" id=\"Etape_3_Concevoir_un_Langage_Sonore_Coherent\"><\/span>\u00c9tape 3 : Concevoir un Langage Sonore Coh\u00e9rent<span class=\"ez-toc-section-end\"><\/span><\/h3>\n<p>D\u00e9veloppez une palette sonore qui correspond \u00e0 l&rsquo;<a href=\"https:\/\/www.belgic.eu\/index.php\/2026\/03\/03\/la-mythologie-grecque-inspire-des-identites-visuelles-fortes-et-coherentes\/\">identit\u00e9 visuelle<\/a> et \u00e0 la marque. Les sons doivent \u00eatre coh\u00e9rents en termes de tonalit\u00e9, de volume et de style. Un langage sonore uniforme cr\u00e9e une exp\u00e9rience utilisateur fluide et professionnelle. J&rsquo;ai remarqu\u00e9 que l&rsquo;utilisation de sons disparates peut d\u00e9sorienter et irriter, tandis qu&rsquo;une coh\u00e9rence renforce la <a href=\"https:\/\/www.belgic.eu\/index.php\/2026\/02\/27\/linfluence-des-medias-traditionnels-sur-la-communication-politique\/\">cr\u00e9dibilit\u00e9<\/a>.<\/p>\n<h3><span class=\"ez-toc-section\" id=\"Etape_4_Tester_et_Iterer_avec_les_Utilisateurs\"><\/span>\u00c9tape 4 : Tester et It\u00e9rer avec les Utilisateurs<span class=\"ez-toc-section-end\"><\/span><\/h3>\n<p>Les sons peuvent \u00eatre per\u00e7us diff\u00e9remment selon les individus et les contextes. Il est imp\u00e9ratif de tester vos int\u00e9grations audio avec de vrais utilisateurs dans divers environnements (silencieux, bruyants). Par exemple, un son d&rsquo;erreur qui passe inaper\u00e7u en open space peut \u00eatre parfaitement audible \u00e0 la maison. L&rsquo;it\u00e9ration est essentielle pour affiner la pertinence et l&rsquo;acceptation des signaux sonores.<\/p>\n<h2><span class=\"ez-toc-section\" id=\"Integration_Audio_Strategique_vs_Generique\"><\/span>Int\u00e9gration Audio : Strat\u00e9gique vs. G\u00e9n\u00e9rique<span class=\"ez-toc-section-end\"><\/span><\/h2>\n<p>L&rsquo;adoption de l&rsquo;audio en UX\/UI peut prendre des formes diverses. Il est crucial de distinguer une approche r\u00e9fl\u00e9chie et int\u00e9gr\u00e9e d&rsquo;une simple addition de bruit. Ce tableau met en lumi\u00e8re les caract\u00e9ristiques distinctives selon notre Cadre ECHO.<\/p>\n<table>\n<thead>\n<tr>\n<th>Caract\u00e9ristique ECHO<\/th>\n<th>Int\u00e9gration Audio Strat\u00e9gique<\/th>\n<th>Int\u00e9gration Audio G\u00e9n\u00e9rique<\/th>\n<\/tr>\n<\/thead>\n<tbody>\n<tr>\n<td>\u00c9motion\/Marque<\/td>\n<td>Renforce l&rsquo;identit\u00e9, cr\u00e9e une atmosph\u00e8re unique.<\/td>\n<td>Sons standards, sans lien fort avec la marque.<\/td>\n<\/tr>\n<tr>\n<td>Compr\u00e9hension\/Guidage<\/td>\n<td>Feedback clair, contextuel et non intrusif.<\/td>\n<td>Sons al\u00e9atoires ou trop fr\u00e9quents, ambigus.<\/td>\n<\/tr>\n<tr>\n<td>Haptique\/Confirmation<\/td>\n<td>Confirme les actions cl\u00e9s, r\u00e9duit l&rsquo;incertitude.<\/td>\n<td>Sons superflus ou absence de confirmation sonore.<\/td>\n<\/tr>\n<tr>\n<td>Orientation\/Accessibilit\u00e9<\/td>\n<td>Aide \u00e0 la navigation, am\u00e9liore l&rsquo;acc\u00e8s pour tous.<\/td>\n<td>N&rsquo;apporte pas de valeur significative \u00e0 l&rsquo;accessibilit\u00e9.<\/td>\n<\/tr>\n<\/tbody>\n<\/table>\n<h2><span class=\"ez-toc-section\" id=\"Les_Pieges_a_Eviter_dans_la_Conception_Audio_UXUI\"><\/span>Les Pi\u00e8ges \u00e0 \u00c9viter dans la Conception Audio UX\/UI<span class=\"ez-toc-section-end\"><\/span><\/h2>\n<p>L&rsquo;int\u00e9gration audio n&rsquo;est pas sans d\u00e9fis. Des erreurs de conception peuvent transformer un atout potentiel en une source d&rsquo;irritation, voire d&rsquo;abandon de l&rsquo;application. Nos recherches montrent que certains \u00e9cueils sont particuli\u00e8rement r\u00e9currents.<\/p>\n<h3><span class=\"ez-toc-section\" id=\"La_Surcharge_Sonore_Quand_Trop_Nuit_a_lUtilite\"><\/span>La Surcharge Sonore : Quand Trop Nuit \u00e0 l&rsquo;Utilit\u00e9<span class=\"ez-toc-section-end\"><\/span><\/h3>\n<p>L&rsquo;envie de sonoriser chaque action est tentante, mais elle conduit souvent \u00e0 une \u00ab\u00a0cacophonie num\u00e9rique\u00a0\u00bb. Un <a href=\"https:\/\/www.belgic.eu\/index.php\/2026\/02\/16\/lintegration-des-equipements-fitness-connectes-dans-une-demarche-eco-responsable\/\">environnement<\/a> sonore trop dense submerge l&rsquo;utilisateur, rendant les informations importantes indiscernables et provoquant une fatigue auditive. La cl\u00e9 est la parcimonie et la pertinence, ne sonoriser que ce qui est essentiel.<\/p>\n<h3><span class=\"ez-toc-section\" id=\"LIncoherence_Sonore_Perturber_Plutot_quEngager\"><\/span>L&rsquo;Incoh\u00e9rence Sonore : Perturber Plut\u00f4t qu&rsquo;Engager<span class=\"ez-toc-section-end\"><\/span><\/h3>\n<p>Des sons de styles, de volumes ou de tonalit\u00e9s vari\u00e9s sans logique apparente cr\u00e9ent une exp\u00e9rience d\u00e9cousue. Cela brise l&rsquo;immersion et rend l&rsquo;interface moins professionnelle. Un langage sonore unifi\u00e9 est aussi important que la coh\u00e9rence visuelle pour construire une exp\u00e9rience fluide.<\/p>\n<h3><span class=\"ez-toc-section\" id=\"LOubli_de_lAccessibilite_Exclure_au_Lieu_dInclure\"><\/span>L&rsquo;Oubli de l&rsquo;Accessibilit\u00e9 : Exclure au Lieu d&rsquo;Inclure<span class=\"ez-toc-section-end\"><\/span><\/h3>\n<p>Ne pas proposer d&rsquo;options pour ajuster le volume, d\u00e9sactiver certains sons, ou ne pas fournir de sous-titres visuels pour les informations purement sonores, c&rsquo;est exclure une partie des utilisateurs. L&rsquo;audio doit \u00eatre un facteur d&rsquo;inclusion, non de barri\u00e8re. C&rsquo;est un aspect fondamental que nous rappelons dans nos ateliers de conception.<\/p>\n<h3><span class=\"ez-toc-section\" id=\"Ignorer_le_Contexte_dUtilisation_Une_Erreur_Frequente\"><\/span>Ignorer le Contexte d&rsquo;Utilisation : Une Erreur Fr\u00e9quente<span class=\"ez-toc-section-end\"><\/span><\/h3>\n<p>Un son parfait dans un bureau calme peut \u00eatre inaudible dans les transports en commun ou inappropri\u00e9 dans un environnement professionnel silencieux. La conception audio doit anticiper les divers sc\u00e9narios d&rsquo;utilisation. Proposer des profils sonores ou des r\u00e9glages personnalis\u00e9s est une excellente pratique.<\/p>\n<h2><span class=\"ez-toc-section\" id=\"Vers_une_Experience_Utilisateur_Harmonique\"><\/span>Vers une Exp\u00e9rience Utilisateur Harmonique<span class=\"ez-toc-section-end\"><\/span><\/h2>\n<p>L&rsquo;int\u00e9gration judicieuse de l&rsquo;audio en UX\/UI est une d\u00e9marche strat\u00e9gique qui va bien au-del\u00e0 de la simple esth\u00e9tique. En suivant notre Cadre ECHO, les concepteurs peuvent transformer les interactions num\u00e9riques en <a href=\"https:\/\/www.belgic.eu\/index.php\/2026\/03\/18\/la-selection-didees-cadeaux-originaux-pour-renforcer-lamour-du-couple\/\">exp\u00e9riences<\/a> plus riches, plus intuitives et plus inclusives. L&rsquo;avenir de l&rsquo;UX\/UI est intrins\u00e8quement li\u00e9 \u00e0 notre capacit\u00e9 \u00e0 engager tous les sens de l&rsquo;utilisateur. C&rsquo;est en faisant preuve d&rsquo;une \u00e9coute attentive aux besoins r\u00e9els que nous b\u00e2tirons des interfaces r\u00e9ellement harmonieuses.<\/p>\n<h3><span class=\"ez-toc-section\" id=\"Comment_laudio_ameliore-t-il_lUXUI\"><\/span>Comment l&rsquo;audio am\u00e9liore-t-il l&rsquo;UX\/UI ?<span class=\"ez-toc-section-end\"><\/span><\/h3>\n<p>L&rsquo;audio enrichit l&rsquo;UX\/UI en fournissant des feedbacks clairs, en guidant l&rsquo;utilisateur, en renfor\u00e7ant l&rsquo;identit\u00e9 de marque et en augmentant l&rsquo;accessibilit\u00e9 pour une exp\u00e9rience plus intuitive et immersive.<\/p>\n<h3><span class=\"ez-toc-section\" id=\"Quest-ce_que_le_Cadre_ECHO_de_lAudio_UX\"><\/span>Qu&rsquo;est-ce que le Cadre ECHO de l&rsquo;Audio UX ?<span class=\"ez-toc-section-end\"><\/span><\/h3>\n<p>Le Cadre ECHO est une m\u00e9thodologie qui structure l&rsquo;int\u00e9gration audio autour de quatre piliers : \u00c9motion, Compr\u00e9hension, Haptique (feedback), et Orientation, pour une conception sonore efficace.<\/p>\n<h3><span class=\"ez-toc-section\" id=\"Quelles_sont_les_erreurs_courantes_a_eviter_en_audio_UXUI\"><\/span>Quelles sont les erreurs courantes \u00e0 \u00e9viter en audio UX\/UI ?<span class=\"ez-toc-section-end\"><\/span><\/h3>\n<p>Les erreurs courantes incluent la surcharge sonore, l&rsquo;incoh\u00e9rence des sons, l&rsquo;oubli de l&rsquo;accessibilit\u00e9 et l&rsquo;ignorance du contexte d&rsquo;utilisation de l&rsquo;application ou du service.<\/p>\n<h3><span class=\"ez-toc-section\" id=\"Comment_tester_lefficacite_des_sons_dans_une_interface\"><\/span>Comment tester l&rsquo;efficacit\u00e9 des sons dans une interface ?<span class=\"ez-toc-section-end\"><\/span><\/h3>\n<p>Il est crucial de r\u00e9aliser des tests utilisateurs dans des environnements vari\u00e9s et de recueillir des retours qualitatifs pour ajuster le volume, la pertinence et l&rsquo;acceptation des signaux sonores.<\/p>\n<h3><span class=\"ez-toc-section\" id=\"Laudio_est-il_toujours_necessaire_en_UXUI\"><\/span>L&rsquo;audio est-il toujours n\u00e9cessaire en UX\/UI ?<span class=\"ez-toc-section-end\"><\/span><\/h3>\n<p>Non, l&rsquo;audio n&rsquo;est pas toujours n\u00e9cessaire ; il doit \u00eatre int\u00e9gr\u00e9 de mani\u00e8re strat\u00e9gique et parcimonieuse uniquement l\u00e0 o\u00f9 il apporte une valeur ajout\u00e9e significative \u00e0 l&rsquo;exp\u00e9rience utilisateur et non comme un simple ajout superficiel.<\/p>\n","protected":false},"excerpt":{"rendered":"<p> &#8230; <a title=\"L&rsquo;optimisation de l&rsquo;exp\u00e9rience utilisateur et de l&rsquo;interface par l&rsquo;int\u00e9gration audio\" class=\"read-more\" href=\"https:\/\/www.belgic.eu\/index.php\/2026\/03\/29\/loptimisation-de-lexperience-utilisateur-et-de-linterface-par-lintegration-audio\/\" aria-label=\"En savoir plus sur L&rsquo;optimisation de l&rsquo;exp\u00e9rience utilisateur et de l&rsquo;interface par l&rsquo;int\u00e9gration audio\">Lire plus<\/a><\/p>\n","protected":false},"author":3,"featured_media":578,"comment_status":"open","ping_status":"open","sticky":false,"template":"","format":"standard","meta":{"fifu_image_url":"","fifu_image_alt":"","footnotes":""},"categories":[2044],"tags":[2184,2179,2182,2181,2183,2180,2185],"class_list":["post-669","post","type-post","status-publish","format-standard","has-post-thumbnail","hentry","category-creation-et-ressources","tag-accessibilite-audio","tag-audio-ux","tag-conception-audio","tag-experience-utilisateur","tag-feedback-sonore","tag-interface-sonore","tag-strategie-ux-ui","resize-featured-image"],"_links":{"self":[{"href":"https:\/\/www.belgic.eu\/index.php\/wp-json\/wp\/v2\/posts\/669","targetHints":{"allow":["GET"]}}],"collection":[{"href":"https:\/\/www.belgic.eu\/index.php\/wp-json\/wp\/v2\/posts"}],"about":[{"href":"https:\/\/www.belgic.eu\/index.php\/wp-json\/wp\/v2\/types\/post"}],"author":[{"embeddable":true,"href":"https:\/\/www.belgic.eu\/index.php\/wp-json\/wp\/v2\/users\/3"}],"replies":[{"embeddable":true,"href":"https:\/\/www.belgic.eu\/index.php\/wp-json\/wp\/v2\/comments?post=669"}],"version-history":[{"count":1,"href":"https:\/\/www.belgic.eu\/index.php\/wp-json\/wp\/v2\/posts\/669\/revisions"}],"predecessor-version":[{"id":1422,"href":"https:\/\/www.belgic.eu\/index.php\/wp-json\/wp\/v2\/posts\/669\/revisions\/1422"}],"wp:featuredmedia":[{"embeddable":true,"href":"https:\/\/www.belgic.eu\/index.php\/wp-json\/wp\/v2\/media\/578"}],"wp:attachment":[{"href":"https:\/\/www.belgic.eu\/index.php\/wp-json\/wp\/v2\/media?parent=669"}],"wp:term":[{"taxonomy":"category","embeddable":true,"href":"https:\/\/www.belgic.eu\/index.php\/wp-json\/wp\/v2\/categories?post=669"},{"taxonomy":"post_tag","embeddable":true,"href":"https:\/\/www.belgic.eu\/index.php\/wp-json\/wp\/v2\/tags?post=669"}],"curies":[{"name":"wp","href":"https:\/\/api.w.org\/{rel}","templated":true}]}}