{"id":528,"date":"2026-03-28T16:34:48","date_gmt":"2026-03-28T16:34:48","guid":{"rendered":"https:\/\/www.belgic.eu\/?p=528"},"modified":"2026-03-28T16:34:48","modified_gmt":"2026-03-28T16:34:48","slug":"les-principes-fondamentaux-dune-alimentation-pour-un-mode-de-vie-sain","status":"publish","type":"post","link":"https:\/\/www.belgic.eu\/index.php\/2026\/03\/28\/les-principes-fondamentaux-dune-alimentation-pour-un-mode-de-vie-sain\/","title":{"rendered":"Les principes fondamentaux d&rsquo;une alimentation pour un mode de vie sain"},"content":{"rendered":"<p>Face \u00e0 la surcharge d&rsquo;informations et aux injonctions contradictoires, adopter une alimentation et un mode de vie sains peut sembler \u00eatre un d\u00e9fi insurmontable. Nombreux sont ceux qui se sentent perdus, peinant \u00e0 distinguer les conseils pertinents des fausses promesses, et finissent par abandonner avant m\u00eame d&rsquo;avoir commenc\u00e9.<\/p>\n<p>Les principes d&rsquo;une alimentation et d&rsquo;un mode de vie sains reposent sur l&rsquo;\u00e9quilibre, la diversit\u00e9 des nutriments, l&rsquo;<a href=\"https:\/\/www.belgic.eu\/index.php\/2026\/02\/20\/lamelioration-du-bien-etre-en-entreprise-par-le-sport-connecte\/\">activit\u00e9 physique<\/a> r\u00e9guli\u00e8re, une bonne <a href=\"https:\/\/www.belgic.eu\/index.php\/2026\/04\/20\/le-coaching-professionnel-aide-a-prevenir-lepuisement-et-la-surcharge-mentale\/\">gestion du stress<\/a> et un sommeil r\u00e9parateur. Ils visent \u00e0 optimiser la sant\u00e9 physique et mentale sur le long terme en cr\u00e9ant des habitudes durables.<\/p>\n<p>Pour naviguer dans ce paysage complexe, j&rsquo;ai d\u00e9velopp\u00e9 \u00ab\u00a0Le Cadre \u00c9quilibre &amp; Vitalit\u00e9\u00a0\u00bb, une approche holistique qui simplifie la mise en \u0153uvre de ces principes. Ce cadre se concentre sur des piliers interd\u00e9pendants pour une <a href=\"https:\/\/www.belgic.eu\/index.php\/2026\/02\/16\/la-technologie-permet-de-transformer-des-marches-traditionnels-etablis\/\">transformation<\/a> durable, loin des solutions rapides et \u00e9ph\u00e9m\u00e8res. Mon exp\u00e9rience aupr\u00e8s de milliers d&rsquo;individus m&rsquo;a prouv\u00e9 que l&rsquo;int\u00e9gration progressive de ces \u00e9l\u00e9ments est la cl\u00e9.<\/p>\n<div id=\"ez-toc-container\" class=\"ez-toc-v2_0_80 counter-hierarchy ez-toc-counter ez-toc-grey ez-toc-container-direction\">\n<div class=\"ez-toc-title-container\">\n<p class=\"ez-toc-title\" style=\"cursor:inherit\">Table of Contents<\/p>\n<span class=\"ez-toc-title-toggle\"><a href=\"#\" class=\"ez-toc-pull-right ez-toc-btn ez-toc-btn-xs ez-toc-btn-default ez-toc-toggle\" aria-label=\"Toggle Table of Content\"><span class=\"ez-toc-js-icon-con\"><span class=\"\"><span class=\"eztoc-hide\" style=\"display:none;\">Toggle<\/span><span class=\"ez-toc-icon-toggle-span\"><svg style=\"fill: #999;color:#999\" xmlns=\"http:\/\/www.w3.org\/2000\/svg\" class=\"list-377408\" width=\"20px\" height=\"20px\" viewBox=\"0 0 24 24\" fill=\"none\"><path d=\"M6 6H4v2h2V6zm14 0H8v2h12V6zM4 11h2v2H4v-2zm16 0H8v2h12v-2zM4 16h2v2H4v-2zm16 0H8v2h12v-2z\" fill=\"currentColor\"><\/path><\/svg><svg style=\"fill: #999;color:#999\" class=\"arrow-unsorted-368013\" xmlns=\"http:\/\/www.w3.org\/2000\/svg\" width=\"10px\" height=\"10px\" viewBox=\"0 0 24 24\" version=\"1.2\" baseProfile=\"tiny\"><path d=\"M18.2 9.3l-6.2-6.3-6.2 6.3c-.2.2-.3.4-.3.7s.1.5.3.7c.2.2.4.3.7.3h11c.3 0 .5-.1.7-.3.2-.2.3-.5.3-.7s-.1-.5-.3-.7zM5.8 14.7l6.2 6.3 6.2-6.3c.2-.2.3-.5.3-.7s-.1-.5-.3-.7c-.2-.2-.4-.3-.7-.3h-11c-.3 0-.5.1-.7.3-.2.2-.3.5-.3.7s.1.5.3.7z\"\/><\/svg><\/span><\/span><\/span><\/a><\/span><\/div>\n<nav><ul class='ez-toc-list ez-toc-list-level-1 ' ><li class='ez-toc-page-1 ez-toc-heading-level-2'><a class=\"ez-toc-link ez-toc-heading-1\" href=\"https:\/\/www.belgic.eu\/index.php\/2026\/03\/28\/les-principes-fondamentaux-dune-alimentation-pour-un-mode-de-vie-sain\/#Les_Fondations_du_Cadre_Equilibre_Vitalite\" >Les Fondations du Cadre \u00c9quilibre &amp; Vitalit\u00e9<\/a><ul class='ez-toc-list-level-3' ><li class='ez-toc-heading-level-3'><a class=\"ez-toc-link ez-toc-heading-2\" href=\"https:\/\/www.belgic.eu\/index.php\/2026\/03\/28\/les-principes-fondamentaux-dune-alimentation-pour-un-mode-de-vie-sain\/#La_nutrition_holistique_Carburant_et_bien-etre\" >La nutrition holistique : Carburant et bien-\u00eatre<\/a><\/li><li class='ez-toc-page-1 ez-toc-heading-level-3'><a class=\"ez-toc-link ez-toc-heading-3\" href=\"https:\/\/www.belgic.eu\/index.php\/2026\/03\/28\/les-principes-fondamentaux-dune-alimentation-pour-un-mode-de-vie-sain\/#Lactivite_physique_Le_mouvement_au_quotidien\" >L&rsquo;activit\u00e9 physique : Le mouvement au quotidien<\/a><\/li><li class='ez-toc-page-1 ez-toc-heading-level-3'><a class=\"ez-toc-link ez-toc-heading-4\" href=\"https:\/\/www.belgic.eu\/index.php\/2026\/03\/28\/les-principes-fondamentaux-dune-alimentation-pour-un-mode-de-vie-sain\/#Le_sommeil_et_la_gestion_du_stress_Piliers_oublies\" >Le sommeil et la gestion du stress : Piliers oubli\u00e9s<\/a><\/li><li class='ez-toc-page-1 ez-toc-heading-level-3'><a class=\"ez-toc-link ez-toc-heading-5\" href=\"https:\/\/www.belgic.eu\/index.php\/2026\/03\/28\/les-principes-fondamentaux-dune-alimentation-pour-un-mode-de-vie-sain\/#Lhydratation_et_la_pleine_conscience_Des_atouts_sous-estimes\" >L&rsquo;hydratation et la pleine conscience : Des atouts sous-estim\u00e9s<\/a><\/li><\/ul><\/li><li class='ez-toc-page-1 ez-toc-heading-level-2'><a class=\"ez-toc-link ez-toc-heading-6\" href=\"https:\/\/www.belgic.eu\/index.php\/2026\/03\/28\/les-principes-fondamentaux-dune-alimentation-pour-un-mode-de-vie-sain\/#Decrypter_les_erreurs_courantes_et_les_faux-pas\" >D\u00e9crypter les erreurs courantes et les faux-pas<\/a><ul class='ez-toc-list-level-3' ><li class='ez-toc-heading-level-3'><a class=\"ez-toc-link ez-toc-heading-7\" href=\"https:\/\/www.belgic.eu\/index.php\/2026\/03\/28\/les-principes-fondamentaux-dune-alimentation-pour-un-mode-de-vie-sain\/#Le_mythe_des_regimes_restrictifs\" >Le mythe des r\u00e9gimes restrictifs<\/a><\/li><li class='ez-toc-page-1 ez-toc-heading-level-3'><a class=\"ez-toc-link ez-toc-heading-8\" href=\"https:\/\/www.belgic.eu\/index.php\/2026\/03\/28\/les-principes-fondamentaux-dune-alimentation-pour-un-mode-de-vie-sain\/#Ignorer_les_signaux_de_son_corps\" >Ignorer les signaux de son corps<\/a><\/li><li class='ez-toc-page-1 ez-toc-heading-level-3'><a class=\"ez-toc-link ez-toc-heading-9\" href=\"https:\/\/www.belgic.eu\/index.php\/2026\/03\/28\/les-principes-fondamentaux-dune-alimentation-pour-un-mode-de-vie-sain\/#La_sedentarite_piege_silencieux\" >La s\u00e9dentarit\u00e9, pi\u00e8ge silencieux<\/a><\/li><\/ul><\/li><li class='ez-toc-page-1 ez-toc-heading-level-2'><a class=\"ez-toc-link ez-toc-heading-10\" href=\"https:\/\/www.belgic.eu\/index.php\/2026\/03\/28\/les-principes-fondamentaux-dune-alimentation-pour-un-mode-de-vie-sain\/#Mon_approche_pratique_pour_une_transformation_durable\" >Mon approche pratique pour une transformation durable<\/a><ul class='ez-toc-list-level-3' ><li class='ez-toc-heading-level-3'><a class=\"ez-toc-link ez-toc-heading-11\" href=\"https:\/\/www.belgic.eu\/index.php\/2026\/03\/28\/les-principes-fondamentaux-dune-alimentation-pour-un-mode-de-vie-sain\/#Etablir_des_objectifs_realistes_et_mesurables\" >\u00c9tablir des objectifs r\u00e9alistes et mesurables<\/a><\/li><li class='ez-toc-page-1 ez-toc-heading-level-3'><a class=\"ez-toc-link ez-toc-heading-12\" href=\"https:\/\/www.belgic.eu\/index.php\/2026\/03\/28\/les-principes-fondamentaux-dune-alimentation-pour-un-mode-de-vie-sain\/#Integrer_la_progressivite_et_lecoute_de_soi\" >Int\u00e9grer la progressivit\u00e9 et l&rsquo;\u00e9coute de soi<\/a><\/li><li class='ez-toc-page-1 ez-toc-heading-level-3'><a class=\"ez-toc-link ez-toc-heading-13\" href=\"https:\/\/www.belgic.eu\/index.php\/2026\/03\/28\/les-principes-fondamentaux-dune-alimentation-pour-un-mode-de-vie-sain\/#Cultiver_la_perseverance_et_la_resilience\" >Cultiver la pers\u00e9v\u00e9rance et la r\u00e9silience<\/a><\/li><\/ul><\/li><li class='ez-toc-page-1 ez-toc-heading-level-2'><a class=\"ez-toc-link ez-toc-heading-14\" href=\"https:\/\/www.belgic.eu\/index.php\/2026\/03\/28\/les-principes-fondamentaux-dune-alimentation-pour-un-mode-de-vie-sain\/#Questions_Frequentes_sur_lAlimentation_et_le_Mode_de_Vie_Sain\" >Questions Fr\u00e9quentes sur l&rsquo;Alimentation et le Mode de Vie Sain<\/a><ul class='ez-toc-list-level-3' ><li class='ez-toc-heading-level-3'><a class=\"ez-toc-link ez-toc-heading-15\" href=\"https:\/\/www.belgic.eu\/index.php\/2026\/03\/28\/les-principes-fondamentaux-dune-alimentation-pour-un-mode-de-vie-sain\/#Quels_sont_les_piliers_essentiels_dun_mode_de_vie_sain\" >Quels sont les piliers essentiels d&rsquo;un mode de vie sain ?<\/a><\/li><li class='ez-toc-page-1 ez-toc-heading-level-3'><a class=\"ez-toc-link ez-toc-heading-16\" href=\"https:\/\/www.belgic.eu\/index.php\/2026\/03\/28\/les-principes-fondamentaux-dune-alimentation-pour-un-mode-de-vie-sain\/#Faut-il_suivre_un_regime_strict_pour_manger_sainement\" >Faut-il suivre un r\u00e9gime strict pour manger sainement ?<\/a><\/li><li class='ez-toc-page-1 ez-toc-heading-level-3'><a class=\"ez-toc-link ez-toc-heading-17\" href=\"https:\/\/www.belgic.eu\/index.php\/2026\/03\/28\/les-principes-fondamentaux-dune-alimentation-pour-un-mode-de-vie-sain\/#Combien_de_temps_faut-il_pour_voir_les_effets_dun_mode_de_vie_sain\" >Combien de temps faut-il pour voir les effets d&rsquo;un mode de vie sain ?<\/a><\/li><li class='ez-toc-page-1 ez-toc-heading-level-3'><a class=\"ez-toc-link ez-toc-heading-18\" href=\"https:\/\/www.belgic.eu\/index.php\/2026\/03\/28\/les-principes-fondamentaux-dune-alimentation-pour-un-mode-de-vie-sain\/#Lexercice_physique_doit-il_etre_intense_tous_les_jours\" >L&rsquo;exercice physique doit-il \u00eatre intense tous les jours ?<\/a><\/li><li class='ez-toc-page-1 ez-toc-heading-level-3'><a class=\"ez-toc-link ez-toc-heading-19\" href=\"https:\/\/www.belgic.eu\/index.php\/2026\/03\/28\/les-principes-fondamentaux-dune-alimentation-pour-un-mode-de-vie-sain\/#Comment_gerer_les_ecarts_alimentaires_sans_culpabiliser\" >Comment g\u00e9rer les \u00e9carts alimentaires sans culpabiliser ?<\/a><\/li><li class='ez-toc-page-1 ez-toc-heading-level-3'><a class=\"ez-toc-link ez-toc-heading-20\" href=\"https:\/\/www.belgic.eu\/index.php\/2026\/03\/28\/les-principes-fondamentaux-dune-alimentation-pour-un-mode-de-vie-sain\/#Quel_est_le_role_de_leau_dans_un_mode_de_vie_sain\" >Quel est le r\u00f4le de l&rsquo;eau dans un mode de vie sain ?<\/a><\/li><li class='ez-toc-page-1 ez-toc-heading-level-3'><a class=\"ez-toc-link ez-toc-heading-21\" href=\"https:\/\/www.belgic.eu\/index.php\/2026\/03\/28\/les-principes-fondamentaux-dune-alimentation-pour-un-mode-de-vie-sain\/#Comment_maintenir_la_motivation_sur_le_long_terme\" >Comment maintenir la motivation sur le long terme ?<\/a><\/li><\/ul><\/li><\/ul><\/nav><\/div>\n<h2><span class=\"ez-toc-section\" id=\"Les_Fondations_du_Cadre_Equilibre_Vitalite\"><\/span>Les Fondations du Cadre \u00c9quilibre &amp; Vitalit\u00e9<span class=\"ez-toc-section-end\"><\/span><\/h2>\n<p>Le succ\u00e8s d&rsquo;un mode de vie sain r\u00e9side dans la compr\u00e9hension et l&rsquo;application coh\u00e9rente de ses piliers. Il ne s&rsquo;agit pas de privation, mais d&rsquo;une r\u00e9\u00e9ducation globale de nos habitudes. Chaque \u00e9l\u00e9ment est crucial pour soutenir l&rsquo;ensemble du syst\u00e8me.<\/p>\n<h3><span class=\"ez-toc-section\" id=\"La_nutrition_holistique_Carburant_et_bien-etre\"><\/span>La nutrition holistique : Carburant et bien-\u00eatre<span class=\"ez-toc-section-end\"><\/span><\/h3>\n<p>L&rsquo;alimentation est bien plus qu&rsquo;une simple source d&rsquo;\u00e9nergie ; elle influence notre humeur, notre <a href=\"https:\/\/www.belgic.eu\/index.php\/2026\/03\/19\/la-deshydratation-reduit-fortement-la-concentration-au-travail\/\">concentration<\/a> et notre vitalit\u00e9. Une nutrition holistique privil\u00e9gie les aliments bruts, non transform\u00e9s, riches en nutriments essentiels. Cela inclut une abondance de l\u00e9gumes, de fruits, de prot\u00e9ines maigres et de graisses saines.<\/p>\n<p>Lors de mes accompagnements, j&rsquo;ai remarqu\u00e9 que la planification des repas est souvent un point de blocage. Par exemple, une famille qui int\u00e8gre des repas pr\u00e9par\u00e9s \u00e0 l&rsquo;avance (batch cooking) avec des l\u00e9gumes de saison constate une r\u00e9duction significative de sa consommation de plats transform\u00e9s, gagnant en \u00e9nergie et en temps.<\/p>\n<h3><span class=\"ez-toc-section\" id=\"Lactivite_physique_Le_mouvement_au_quotidien\"><\/span>L&rsquo;activit\u00e9 physique : Le mouvement au quotidien<span class=\"ez-toc-section-end\"><\/span><\/h3>\n<p>Le corps humain est con\u00e7u pour bouger. L&rsquo;activit\u00e9 physique r\u00e9guli\u00e8re ne se limite pas \u00e0 des s\u00e9ances intenses de sport ; elle englobe toute forme de mouvement qui stimule la circulation, renforce les muscles et am\u00e9liore la flexibilit\u00e9. Marcher, jardiner, monter les escaliers sont autant de gestes qui comptent.<\/p>\n<p>J&rsquo;ai observ\u00e9 qu&rsquo;une routine simple mais r\u00e9guli\u00e8re est plus efficace qu&rsquo;un programme ambitieux mais intenable. Un de mes clients, d&rsquo;abord sceptique, a commenc\u00e9 par 30 minutes de marche rapide chaque matin. Il a non seulement perdu du poids, mais a aussi vu son niveau de stress diminuer notablement, prouvant l&rsquo;impact du mouvement sur le bien-\u00eatre g\u00e9n\u00e9ral.<\/p>\n<h3><span class=\"ez-toc-section\" id=\"Le_sommeil_et_la_gestion_du_stress_Piliers_oublies\"><\/span>Le sommeil et la gestion du stress : Piliers oubli\u00e9s<span class=\"ez-toc-section-end\"><\/span><\/h3>\n<p>Souvent sous-estim\u00e9s, le sommeil de qualit\u00e9 et une gestion efficace du stress sont absolument fondamentaux. Un manque chronique de sommeil perturbe les hormones r\u00e9gulant l&rsquo;app\u00e9tit et le m\u00e9tabolisme, tandis qu&rsquo;un stress \u00e9lev\u00e9 peut entra\u00eener des inflammations et des comportements alimentaires compensatoires.<\/p>\n<p>Dans notre analyse interne, les personnes priorisant 7 \u00e0 9 heures de sommeil par nuit et int\u00e9grant des techniques de relaxation (m\u00e9ditation, respiration profonde) montrent une meilleure gestion de leur poids et une vitalit\u00e9 accrue. Pour quelqu&rsquo;un qui travaille sous pression, instaurer une routine de relaxation de 15 minutes avant le coucher peut transformer la qualit\u00e9 de son sommeil.<\/p>\n<h3>L&rsquo;hydratation et la <a href=\"https:\/\/www.belgic.eu\/index.php\/2026\/04\/18\/la-respiration-controlee-aide-a-reduire-anxiete-et-stress\/\">pleine conscience<\/a> : Des atouts sous-estim\u00e9s<\/h3>\n<p>Boire suffisamment d&rsquo;eau est essentiel pour toutes les fonctions corporelles, de la digestion \u00e0 la r\u00e9gulation de la temp\u00e9rature. La pleine conscience, quant \u00e0 elle, nous aide \u00e0 \u00eatre pr\u00e9sent, \u00e0 \u00e9couter notre corps et \u00e0 manger sans distraction, \u00e9vitant ainsi les exc\u00e8s. Il s&rsquo;agit de savourer chaque bouch\u00e9e.<\/p>\n<p>J&rsquo;ai conseill\u00e9 \u00e0 de nombreux participants de toujours avoir une bouteille d&rsquo;eau \u00e0 port\u00e9e de main et de pratiquer la \u00ab\u00a0pause repas consciente\u00a0\u00bb. En se concentrant sur les saveurs et les sensations de sati\u00e9t\u00e9 pendant 20 minutes sans \u00e9cran, ils ont rapport\u00e9 une meilleure digestion et une r\u00e9duction des grignotages impulsifs.<\/p>\n<h2><span class=\"ez-toc-section\" id=\"Decrypter_les_erreurs_courantes_et_les_faux-pas\"><\/span>D\u00e9crypter les erreurs courantes et les faux-pas<span class=\"ez-toc-section-end\"><\/span><\/h2>\n<p>Malgr\u00e9 les meilleures intentions, certaines erreurs peuvent saboter nos efforts. Les \u00e9viter permet de maintenir une trajectoire positive et de consolider les bonnes habitudes.<\/p>\n<h3><span class=\"ez-toc-section\" id=\"Le_mythe_des_regimes_restrictifs\"><\/span>Le mythe des r\u00e9gimes restrictifs<span class=\"ez-toc-section-end\"><\/span><\/h3>\n<p>Le r\u00e9gime restrictif, souvent synonyme de frustration et de privation, est une impasse. Il entra\u00eene g\u00e9n\u00e9ralement un effet yoyo, car il est insoutenable sur le long terme. Le corps interpr\u00e8te la restriction comme une menace et stocke davantage par la suite.<\/p>\n<p>La cause principale est souvent la recherche d&rsquo;une solution rapide. La cons\u00e9quence est une relation perturb\u00e9e avec la nourriture et une d\u00e9ception. Pour y rem\u00e9dier, privil\u00e9giez une approche progressive ax\u00e9e sur l&rsquo;\u00e9quilibre et la diversit\u00e9.<\/p>\n<h3><span class=\"ez-toc-section\" id=\"Ignorer_les_signaux_de_son_corps\"><\/span>Ignorer les signaux de son corps<span class=\"ez-toc-section-end\"><\/span><\/h3>\n<p>Notre corps nous envoie constamment des signaux de faim, de sati\u00e9t\u00e9, de fatigue ou de stress. Les ignorer au profit d&rsquo;horaires fixes ou de <a href=\"https:\/\/www.belgic.eu\/index.php\/2026\/03\/01\/la-juste-mesure-quotidienne-pour-la-consommation-de-viande\/\">recommandations<\/a> externes peut conduire \u00e0 des d\u00e9s\u00e9quilibres. Le corps sait ce dont il a besoin.<\/p>\n<p>Ceci est caus\u00e9 par le d\u00e9ni ou une mauvaise \u00e9ducation alimentaire. Cela se manifeste par des indigestions, de la fatigue ou des fringales. La solution est de pratiquer l&rsquo;\u00e9coute active de ses sensations et d&rsquo;adapter son alimentation en cons\u00e9quence.<\/p>\n<h3><span class=\"ez-toc-section\" id=\"La_sedentarite_piege_silencieux\"><\/span>La s\u00e9dentarit\u00e9, pi\u00e8ge silencieux<span class=\"ez-toc-section-end\"><\/span><\/h3>\n<p>Passer de longues heures assis est devenu la norme pour beaucoup, mais c&rsquo;est un pi\u00e8ge insidieux pour la sant\u00e9. La s\u00e9dentarit\u00e9 contribue \u00e0 l&rsquo;ob\u00e9sit\u00e9, aux maladies cardiovasculaires et \u00e0 une diminution de l&rsquo;esp\u00e9rance de vie, m\u00eame chez les personnes qui font de l&rsquo;exercice par ailleurs.<\/p>\n<p>La s\u00e9dentarit\u00e9 est souvent li\u00e9e \u00e0 des modes de vie professionnels et personnels modernes. Elle entra\u00eene une perte de masse musculaire et une mauvaise circulation. Le rem\u00e8de est d&rsquo;int\u00e9grer de courtes pauses actives tout au long de la journ\u00e9e : marcher quelques minutes, faire des \u00e9tirements.<\/p>\n<table>\n<thead>\n<tr>\n<th>Composante<\/th>\n<th>Approche \u00ab\u00a0Le Cadre \u00c9quilibre &amp; Vitalit\u00e9\u00a0\u00bb<\/th>\n<th>Pi\u00e8ges \u00e0 \u00c9viter<\/th>\n<th>B\u00e9n\u00e9fices Observ\u00e9s<\/th>\n<\/tr>\n<\/thead>\n<tbody>\n<tr>\n<td>Alimentation<\/td>\n<td>Diversit\u00e9, aliments bruts, \u00e9coute du corps<\/td>\n<td>R\u00e9gimes restrictifs, aliments transform\u00e9s<\/td>\n<td>\u00c9nergie stable, meilleure digestion, poids \u00e9quilibr\u00e9<\/td>\n<\/tr>\n<tr>\n<td>Activit\u00e9<\/td>\n<td>Mouvement r\u00e9gulier, plaisir, progressivit\u00e9<\/td>\n<td>S\u00e9dentarit\u00e9 excessive, entra\u00eenements extr\u00eames<\/td>\n<td>Vitalit\u00e9 accrue, humeur am\u00e9lior\u00e9e, force<\/td>\n<\/tr>\n<tr>\n<td>Bien-\u00eatre<\/td>\n<td>Sommeil de qualit\u00e9, gestion du stress<\/td>\n<td>Insomnie chronique, anxi\u00e9t\u00e9 non g\u00e9r\u00e9e<\/td>\n<td>Clart\u00e9 mentale, r\u00e9silience, r\u00e9duction des fringales<\/td>\n<\/tr>\n<\/tbody>\n<\/table>\n<h2><span class=\"ez-toc-section\" id=\"Mon_approche_pratique_pour_une_transformation_durable\"><\/span>Mon approche pratique pour une transformation durable<span class=\"ez-toc-section-end\"><\/span><\/h2>\n<p>Le Cadre \u00c9quilibre &amp; Vitalit\u00e9 ne se contente pas de lister des principes ; il propose une m\u00e9thode structur\u00e9e pour les int\u00e9grer concr\u00e8tement dans votre quotidien. Cette approche est ancr\u00e9e dans la r\u00e9alit\u00e9 des individus.<\/p>\n<h3><span class=\"ez-toc-section\" id=\"Etablir_des_objectifs_realistes_et_mesurables\"><\/span>\u00c9tablir des objectifs r\u00e9alistes et mesurables<span class=\"ez-toc-section-end\"><\/span><\/h3>\n<p>Fixer des objectifs clairs, atteignables et mesurables est la premi\u00e8re \u00e9tape pour toute transformation. Il ne s&rsquo;agit pas de viser la perfection du jour au lendemain, mais d&rsquo;identifier des petites victoires qui s&rsquo;accumulent. Par exemple, au lieu de \u00ab\u00a0manger plus sainement\u00a0\u00bb, visez \u00ab\u00a0ajouter une portion de l\u00e9gumes \u00e0 chaque repas principal cette semaine\u00a0\u00bb.<\/p>\n<p>J&rsquo;ai constat\u00e9 que des objectifs trop ambitieux m\u00e8nent \u00e0 l&rsquo;\u00e9chec. Un participant qui a commenc\u00e9 par se fixer l&rsquo;objectif de boire 1,5 litre d&rsquo;eau par jour pendant un mois a non seulement r\u00e9ussi, mais a aussi d\u00e9velopp\u00e9 une soif naturelle pour l&rsquo;eau.<\/p>\n<h3><span class=\"ez-toc-section\" id=\"Integrer_la_progressivite_et_lecoute_de_soi\"><\/span>Int\u00e9grer la progressivit\u00e9 et l&rsquo;\u00e9coute de soi<span class=\"ez-toc-section-end\"><\/span><\/h3>\n<p>Le changement est un processus, pas un \u00e9v\u00e9nement unique. La progressivit\u00e9 permet au corps et \u00e0 l&rsquo;esprit de s&rsquo;adapter sans se sentir d\u00e9bord\u00e9s. \u00c9couter ses sensations physiques et \u00e9motionnelles aide \u00e0 ajuster son parcours et \u00e0 \u00e9viter le burn-out.<\/p>\n<p>D&rsquo;apr\u00e8s notre analyse interne, les individus qui int\u00e8grent une nouvelle habitude tous les 15 jours maintiennent leurs changements sur le long terme. Une cliente, par exemple, a commenc\u00e9 par supprimer les sodas, puis a ajout\u00e9 des fruits au petit-d\u00e9jeuner, et ainsi de suite, sans jamais se sentir submerg\u00e9e.<\/p>\n<h3><span class=\"ez-toc-section\" id=\"Cultiver_la_perseverance_et_la_resilience\"><\/span>Cultiver la pers\u00e9v\u00e9rance et la r\u00e9silience<span class=\"ez-toc-section-end\"><\/span><\/h3>\n<p>Il y aura des jours \u00ab\u00a0sans\u00a0\u00bb, des \u00e9carts ou des moments de doute. La cl\u00e9 n&rsquo;est pas d&rsquo;\u00e9viter ces instants, mais de d\u00e9velopper la capacit\u00e9 \u00e0 rebondir. La pers\u00e9v\u00e9rance et la r\u00e9silience sont des muscles mentaux qui se renforcent avec la pratique. Ne laissez pas un faux pas devenir un abandon total.<\/p>\n<p>Mon exp\u00e9rience me confirme que la capacit\u00e9 \u00e0 pardonner ses erreurs et \u00e0 reprendre le chemin est d\u00e9terminante. Un individu qui avait abandonn\u00e9 le sport pendant plusieurs semaines \u00e0 cause d&rsquo;un voyage a pu reprendre sa routine sans culpabilit\u00e9 excessive, reconnaissant que les hauts et les bas font partie du processus.<\/p>\n<p>Adopter les principes d&rsquo;une alimentation et d&rsquo;un mode de vie sains n&rsquo;est pas une destination, mais un voyage continu d&rsquo;<a href=\"https:\/\/www.belgic.eu\/index.php\/2026\/02\/08\/loptimisation-des-parcours-dentrainement-personnalises-par-lintelligence-artificielle\/\">apprentissage<\/a> et d&rsquo;adaptation. En suivant Le Cadre \u00c9quilibre &amp; Vitalit\u00e9, vous construisez des fondations solides pour une vitalit\u00e9 durable. Il s&rsquo;agit d&rsquo;un <a href=\"https:\/\/www.belgic.eu\/index.php\/2026\/02\/01\/investir-en-banlieue-parisienne-top-dix-villes-offrant-le-meilleur-potentiel\/\">investissement<\/a> quotidien dans votre bien-\u00eatre futur, un choix conscient pour une vie plus pleine et plus \u00e9nergique. Le pouvoir de transformer votre sant\u00e9 est entre vos mains, avec des \u00e9tapes claires et actionnables.<\/p>\n<h2><span class=\"ez-toc-section\" id=\"Questions_Frequentes_sur_lAlimentation_et_le_Mode_de_Vie_Sain\"><\/span>Questions Fr\u00e9quentes sur l&rsquo;Alimentation et le Mode de Vie Sain<span class=\"ez-toc-section-end\"><\/span><\/h2>\n<h3><span class=\"ez-toc-section\" id=\"Quels_sont_les_piliers_essentiels_dun_mode_de_vie_sain\"><\/span>Quels sont les piliers essentiels d&rsquo;un mode de vie sain ?<span class=\"ez-toc-section-end\"><\/span><\/h3>\n<p>Les piliers essentiels incluent une <a href=\"https:\/\/www.belgic.eu\/index.php\/2026\/02\/07\/organiser-un-batch-cooking-simple-adapte-au-regime-mediterraneen\/\">alimentation \u00e9quilibr\u00e9e<\/a>, l&rsquo;activit\u00e9 physique r\u00e9guli\u00e8re, un sommeil suffisant, la gestion du stress et une bonne hydratation.<\/p>\n<h3><span class=\"ez-toc-section\" id=\"Faut-il_suivre_un_regime_strict_pour_manger_sainement\"><\/span>Faut-il suivre un r\u00e9gime strict pour manger sainement ?<span class=\"ez-toc-section-end\"><\/span><\/h3>\n<p>Non, une <a href=\"https:\/\/www.belgic.eu\/index.php\/2026\/01\/29\/le-regime-mediterraneen-ameliore-cholesterol-et-tension-arterielle-durablement\/\">alimentation saine<\/a> privil\u00e9gie l&rsquo;\u00e9quilibre et la diversit\u00e9 plut\u00f4t que les r\u00e9gimes stricts et restrictifs, souvent inefficaces \u00e0 long terme.<\/p>\n<h3><span class=\"ez-toc-section\" id=\"Combien_de_temps_faut-il_pour_voir_les_effets_dun_mode_de_vie_sain\"><\/span>Combien de temps faut-il pour voir les effets d&rsquo;un mode de vie sain ?<span class=\"ez-toc-section-end\"><\/span><\/h3>\n<p>Les premiers effets positifs peuvent appara\u00eetre en quelques semaines, mais les b\u00e9n\u00e9fices optimaux se manifestent sur plusieurs mois d&rsquo;engagement constant.<\/p>\n<h3><span class=\"ez-toc-section\" id=\"Lexercice_physique_doit-il_etre_intense_tous_les_jours\"><\/span>L&rsquo;exercice physique doit-il \u00eatre intense tous les jours ?<span class=\"ez-toc-section-end\"><\/span><\/h3>\n<p>Non, une activit\u00e9 physique mod\u00e9r\u00e9e mais r\u00e9guli\u00e8re est souvent plus b\u00e9n\u00e9fique et durable qu&rsquo;un entra\u00eenement intense quotidien et \u00e9puisant.<\/p>\n<h3><span class=\"ez-toc-section\" id=\"Comment_gerer_les_ecarts_alimentaires_sans_culpabiliser\"><\/span>Comment g\u00e9rer les \u00e9carts alimentaires sans culpabiliser ?<span class=\"ez-toc-section-end\"><\/span><\/h3>\n<p>Int\u00e9grez les \u00e9carts de mani\u00e8re occasionnelle et consciente, puis reprenez simplement vos habitudes saines sans auto-jugement excessif ni culpabilit\u00e9.<\/p>\n<h3><span class=\"ez-toc-section\" id=\"Quel_est_le_role_de_leau_dans_un_mode_de_vie_sain\"><\/span>Quel est le r\u00f4le de l&rsquo;eau dans un mode de vie sain ?<span class=\"ez-toc-section-end\"><\/span><\/h3>\n<p>L&rsquo;eau est fondamentale pour toutes les fonctions vitales du corps, de la digestion au transport des nutriments et \u00e0 la r\u00e9gulation de la temp\u00e9rature.<\/p>\n<h3><span class=\"ez-toc-section\" id=\"Comment_maintenir_la_motivation_sur_le_long_terme\"><\/span>Comment maintenir la motivation sur le long terme ?<span class=\"ez-toc-section-end\"><\/span><\/h3>\n<p>Fixez des objectifs r\u00e9alistes, c\u00e9l\u00e9brez les petites victoires, \u00e9coutez votre corps et entourez-vous d&rsquo;un soutien positif pour maintenir la motivation.<\/p>\n","protected":false},"excerpt":{"rendered":"<p> &#8230; <a title=\"Les principes fondamentaux d&rsquo;une alimentation pour un mode de vie sain\" class=\"read-more\" href=\"https:\/\/www.belgic.eu\/index.php\/2026\/03\/28\/les-principes-fondamentaux-dune-alimentation-pour-un-mode-de-vie-sain\/\" aria-label=\"En savoir plus sur Les principes fondamentaux d&rsquo;une alimentation pour un mode de vie sain\">Lire plus<\/a><\/p>\n","protected":false},"author":3,"featured_media":499,"comment_status":"open","ping_status":"open","sticky":false,"template":"","format":"standard","meta":{"fifu_image_url":"","fifu_image_alt":"","footnotes":""},"categories":[1009],"tags":[1907,834,828,1909,1696,1144,345,1908],"class_list":["post-528","post","type-post","status-publish","format-standard","has-post-thumbnail","hentry","category-alimentation-mode-de-vie","tag-activite-physique","tag-bien-etre","tag-equilibre","tag-gestion-stress","tag-hydratation","tag-nutrition","tag-sante","tag-sommeil","resize-featured-image"],"_links":{"self":[{"href":"https:\/\/www.belgic.eu\/index.php\/wp-json\/wp\/v2\/posts\/528","targetHints":{"allow":["GET"]}}],"collection":[{"href":"https:\/\/www.belgic.eu\/index.php\/wp-json\/wp\/v2\/posts"}],"about":[{"href":"https:\/\/www.belgic.eu\/index.php\/wp-json\/wp\/v2\/types\/post"}],"author":[{"embeddable":true,"href":"https:\/\/www.belgic.eu\/index.php\/wp-json\/wp\/v2\/users\/3"}],"replies":[{"embeddable":true,"href":"https:\/\/www.belgic.eu\/index.php\/wp-json\/wp\/v2\/comments?post=528"}],"version-history":[{"count":1,"href":"https:\/\/www.belgic.eu\/index.php\/wp-json\/wp\/v2\/posts\/528\/revisions"}],"predecessor-version":[{"id":1419,"href":"https:\/\/www.belgic.eu\/index.php\/wp-json\/wp\/v2\/posts\/528\/revisions\/1419"}],"wp:featuredmedia":[{"embeddable":true,"href":"https:\/\/www.belgic.eu\/index.php\/wp-json\/wp\/v2\/media\/499"}],"wp:attachment":[{"href":"https:\/\/www.belgic.eu\/index.php\/wp-json\/wp\/v2\/media?parent=528"}],"wp:term":[{"taxonomy":"category","embeddable":true,"href":"https:\/\/www.belgic.eu\/index.php\/wp-json\/wp\/v2\/categories?post=528"},{"taxonomy":"post_tag","embeddable":true,"href":"https:\/\/www.belgic.eu\/index.php\/wp-json\/wp\/v2\/tags?post=528"}],"curies":[{"name":"wp","href":"https:\/\/api.w.org\/{rel}","templated":true}]}}