{"id":527,"date":"2026-03-26T11:44:58","date_gmt":"2026-03-26T11:44:58","guid":{"rendered":"https:\/\/www.belgic.eu\/?p=527"},"modified":"2026-03-26T11:44:58","modified_gmt":"2026-03-26T11:44:58","slug":"lefficacite-des-methodes-deducation-et-la-transmission-du-savoir","status":"publish","type":"post","link":"https:\/\/www.belgic.eu\/index.php\/2026\/03\/26\/lefficacite-des-methodes-deducation-et-la-transmission-du-savoir\/","title":{"rendered":"L&rsquo;efficacit\u00e9 des m\u00e9thodes d&rsquo;\u00e9ducation et la transmission du savoir"},"content":{"rendered":"<p>La <a href=\"https:\/\/www.belgic.eu\/index.php\/2026\/03\/16\/comprendre-les-enjeux-de-la-protection-et-de-la-transmission-du-patrimoine-familial\/\">transmission<\/a> du savoir, qu&rsquo;il s&rsquo;agisse de comp\u00e9tences techniques, de <a href=\"https:\/\/www.belgic.eu\/index.php\/2026\/03\/16\/la-selection-de-livres-coups-de-coeur-pour-des-conseils-inspirants\/\">connaissances<\/a> acad\u00e9miques ou de valeurs fondamentales, repr\u00e9sente un d\u00e9fi constant. Beaucoup se heurtent \u00e0 la difficult\u00e9 de rendre l&rsquo;<a href=\"https:\/\/www.belgic.eu\/index.php\/2026\/03\/21\/les-jeux-educatifs-ameliorent-la-concentration-et-lengagement-cognitif\/\">apprentissage<\/a> pertinent et durable, entra\u00eenant d\u00e9motivation ou oubli rapide des informations. La bonne nouvelle est que des approches structur\u00e9es existent pour transformer cette probl\u00e9matique en une opportunit\u00e9 d&rsquo;engagement profond et de r\u00e9tention accrue.<\/p>\n<p>**R\u00e9sum\u00e9 en 30 secondes :** Pour une transmission efficace du savoir, il est crucial d&rsquo;adopter des m\u00e9thodes actives, personnalis\u00e9es et contextualis\u00e9es. Cela favorise l&rsquo;engagement de l&rsquo;apprenant, ancre les connaissances dans des situations r\u00e9elles et assure un transfert durable des comp\u00e9tences.<\/p>\n<p>Les m\u00e9thodes efficaces d&rsquo;\u00e9ducation et de transmission du savoir reposent sur l&rsquo;engagement actif, l&rsquo;adaptation au public, la contextualisation des informations et l&rsquo;utilisation de techniques p\u00e9dagogiques vari\u00e9es pour ancrer durablement les connaissances et comp\u00e9tences.<\/p>\n<div id=\"ez-toc-container\" class=\"ez-toc-v2_0_80 counter-hierarchy ez-toc-counter ez-toc-grey ez-toc-container-direction\">\n<div class=\"ez-toc-title-container\">\n<p class=\"ez-toc-title\" style=\"cursor:inherit\">Table of Contents<\/p>\n<span class=\"ez-toc-title-toggle\"><a href=\"#\" class=\"ez-toc-pull-right ez-toc-btn ez-toc-btn-xs ez-toc-btn-default ez-toc-toggle\" aria-label=\"Toggle Table of Content\"><span class=\"ez-toc-js-icon-con\"><span class=\"\"><span class=\"eztoc-hide\" style=\"display:none;\">Toggle<\/span><span class=\"ez-toc-icon-toggle-span\"><svg style=\"fill: #999;color:#999\" xmlns=\"http:\/\/www.w3.org\/2000\/svg\" class=\"list-377408\" width=\"20px\" height=\"20px\" viewBox=\"0 0 24 24\" fill=\"none\"><path d=\"M6 6H4v2h2V6zm14 0H8v2h12V6zM4 11h2v2H4v-2zm16 0H8v2h12v-2zM4 16h2v2H4v-2zm16 0H8v2h12v-2z\" fill=\"currentColor\"><\/path><\/svg><svg style=\"fill: #999;color:#999\" class=\"arrow-unsorted-368013\" xmlns=\"http:\/\/www.w3.org\/2000\/svg\" width=\"10px\" height=\"10px\" viewBox=\"0 0 24 24\" version=\"1.2\" baseProfile=\"tiny\"><path d=\"M18.2 9.3l-6.2-6.3-6.2 6.3c-.2.2-.3.4-.3.7s.1.5.3.7c.2.2.4.3.7.3h11c.3 0 .5-.1.7-.3.2-.2.3-.5.3-.7s-.1-.5-.3-.7zM5.8 14.7l6.2 6.3 6.2-6.3c.2-.2.3-.5.3-.7s-.1-.5-.3-.7c-.2-.2-.4-.3-.7-.3h-11c-.3 0-.5.1-.7.3-.2.2-.3.5-.3.7s.1.5.3.7z\"\/><\/svg><\/span><\/span><\/span><\/a><\/span><\/div>\n<nav><ul class='ez-toc-list ez-toc-list-level-1 ' ><li class='ez-toc-page-1 ez-toc-heading-level-2'><a class=\"ez-toc-link ez-toc-heading-1\" href=\"https:\/\/www.belgic.eu\/index.php\/2026\/03\/26\/lefficacite-des-methodes-deducation-et-la-transmission-du-savoir\/#Le_Cadre_PACTE_Notre_approche_pour_une_transmission_du_savoir_optimale\" >Le Cadre PACTE : Notre approche pour une transmission du savoir optimale<\/a><\/li><li class='ez-toc-page-1 ez-toc-heading-level-2'><a class=\"ez-toc-link ez-toc-heading-2\" href=\"https:\/\/www.belgic.eu\/index.php\/2026\/03\/26\/lefficacite-des-methodes-deducation-et-la-transmission-du-savoir\/#Etape_1_Personnaliser_lapprentissage_P\" >\u00c9tape 1 : Personnaliser l&rsquo;apprentissage (P)<\/a><\/li><li class='ez-toc-page-1 ez-toc-heading-level-2'><a class=\"ez-toc-link ez-toc-heading-3\" href=\"https:\/\/www.belgic.eu\/index.php\/2026\/03\/26\/lefficacite-des-methodes-deducation-et-la-transmission-du-savoir\/#Etape_2_Encourager_lActivite_et_lExperimentation_A\" >\u00c9tape 2 : Encourager l&rsquo;Activit\u00e9 et l&rsquo;Exp\u00e9rimentation (A)<\/a><\/li><li class='ez-toc-page-1 ez-toc-heading-level-2'><a class=\"ez-toc-link ez-toc-heading-4\" href=\"https:\/\/www.belgic.eu\/index.php\/2026\/03\/26\/lefficacite-des-methodes-deducation-et-la-transmission-du-savoir\/#Etape_3_Contextualiser_le_Savoir_C\" >\u00c9tape 3 : Contextualiser le Savoir (C)<\/a><\/li><li class='ez-toc-page-1 ez-toc-heading-level-2'><a class=\"ez-toc-link ez-toc-heading-5\" href=\"https:\/\/www.belgic.eu\/index.php\/2026\/03\/26\/lefficacite-des-methodes-deducation-et-la-transmission-du-savoir\/#Etape_4_Faciliter_le_Transfert_des_Competences_T\" >\u00c9tape 4 : Faciliter le Transfert des Comp\u00e9tences (T)<\/a><\/li><li class='ez-toc-page-1 ez-toc-heading-level-2'><a class=\"ez-toc-link ez-toc-heading-6\" href=\"https:\/\/www.belgic.eu\/index.php\/2026\/03\/26\/lefficacite-des-methodes-deducation-et-la-transmission-du-savoir\/#Etape_5_Evaluer_et_Ajuster_la_Pedagogie_E\" >\u00c9tape 5 : \u00c9valuer et Ajuster la P\u00e9dagogie (E)<\/a><\/li><li class='ez-toc-page-1 ez-toc-heading-level-2'><a class=\"ez-toc-link ez-toc-heading-7\" href=\"https:\/\/www.belgic.eu\/index.php\/2026\/03\/26\/lefficacite-des-methodes-deducation-et-la-transmission-du-savoir\/#Erreurs_Frequentes_dans_la_Transmission_du_Savoir_et_Comment_les_Eviter\" >Erreurs Fr\u00e9quentes dans la Transmission du Savoir et Comment les \u00c9viter<\/a><ul class='ez-toc-list-level-3' ><li class='ez-toc-heading-level-3'><a class=\"ez-toc-link ez-toc-heading-8\" href=\"https:\/\/www.belgic.eu\/index.php\/2026\/03\/26\/lefficacite-des-methodes-deducation-et-la-transmission-du-savoir\/#La_surcharge_cognitive\" >La surcharge cognitive<\/a><\/li><li class='ez-toc-page-1 ez-toc-heading-level-3'><a class=\"ez-toc-link ez-toc-heading-9\" href=\"https:\/\/www.belgic.eu\/index.php\/2026\/03\/26\/lefficacite-des-methodes-deducation-et-la-transmission-du-savoir\/#Le_manque_dinteraction\" >Le manque d&rsquo;interaction<\/a><\/li><li class='ez-toc-page-1 ez-toc-heading-level-3'><a class=\"ez-toc-link ez-toc-heading-10\" href=\"https:\/\/www.belgic.eu\/index.php\/2026\/03\/26\/lefficacite-des-methodes-deducation-et-la-transmission-du-savoir\/#Labsence_de_feedback\" >L&rsquo;absence de feedback<\/a><\/li><li class='ez-toc-page-1 ez-toc-heading-level-3'><a class=\"ez-toc-link ez-toc-heading-11\" href=\"https:\/\/www.belgic.eu\/index.php\/2026\/03\/26\/lefficacite-des-methodes-deducation-et-la-transmission-du-savoir\/#Comment_rendre_une_methode_deducation_plus_engageante\" >Comment rendre une m\u00e9thode d&rsquo;\u00e9ducation plus engageante ?<\/a><\/li><li class='ez-toc-page-1 ez-toc-heading-level-3'><a class=\"ez-toc-link ez-toc-heading-12\" href=\"https:\/\/www.belgic.eu\/index.php\/2026\/03\/26\/lefficacite-des-methodes-deducation-et-la-transmission-du-savoir\/#Pourquoi_la_personnalisation_est-elle_importante_dans_la_transmission_du_savoir\" >Pourquoi la personnalisation est-elle importante dans la transmission du savoir ?<\/a><\/li><li class='ez-toc-page-1 ez-toc-heading-level-3'><a class=\"ez-toc-link ez-toc-heading-13\" href=\"https:\/\/www.belgic.eu\/index.php\/2026\/03\/26\/lefficacite-des-methodes-deducation-et-la-transmission-du-savoir\/#Quest-ce_que_le_Cadre_PACTE_en_education\" >Qu&rsquo;est-ce que le Cadre PACTE en \u00e9ducation ?<\/a><\/li><li class='ez-toc-page-1 ez-toc-heading-level-3'><a class=\"ez-toc-link ez-toc-heading-14\" href=\"https:\/\/www.belgic.eu\/index.php\/2026\/03\/26\/lefficacite-des-methodes-deducation-et-la-transmission-du-savoir\/#Comment_eviter_la_surcharge_cognitive_chez_les_apprenants\" >Comment \u00e9viter la surcharge cognitive chez les apprenants ?<\/a><\/li><li class='ez-toc-page-1 ez-toc-heading-level-3'><a class=\"ez-toc-link ez-toc-heading-15\" href=\"https:\/\/www.belgic.eu\/index.php\/2026\/03\/26\/lefficacite-des-methodes-deducation-et-la-transmission-du-savoir\/#Quel_est_le_role_du_feedback_dans_lapprentissage_efficace\" >Quel est le r\u00f4le du feedback dans l&rsquo;apprentissage efficace ?<\/a><\/li><\/ul><\/li><\/ul><\/nav><\/div>\n<h2><span class=\"ez-toc-section\" id=\"Le_Cadre_PACTE_Notre_approche_pour_une_transmission_du_savoir_optimale\"><\/span>Le Cadre PACTE : Notre approche pour une transmission du savoir optimale<span class=\"ez-toc-section-end\"><\/span><\/h2>\n<p>Lors de mes ann\u00e9es d&rsquo;exp\u00e9rience en ing\u00e9nierie p\u00e9dagogique, j&rsquo;ai d\u00e9velopp\u00e9 le Cadre PACTE, une m\u00e9thodologie \u00e9prouv\u00e9e pour maximiser l&rsquo;impact de toute d\u00e9marche \u00e9ducative. Ce mod\u00e8le est b\u00e2ti sur cinq piliers essentiels : <a href=\"https:\/\/www.belgic.eu\/index.php\/2026\/02\/09\/la-personnalisation-avancee-des-cartes-animees-dans-home-assistant\/\">Personnalisation<\/a>, Activit\u00e9, Contexte, Transfert et \u00c9valuation. Il s&rsquo;agit d&rsquo;une feuille de route actionnable pour tout \u00e9ducateur ou formateur d\u00e9sireux d&rsquo;am\u00e9liorer ses pratiques.<\/p>\n<p>Ce cadre guide la conception et la mise en \u0153uvre de programmes, garantissant que chaque aspect de l&rsquo;apprentissage est optimis\u00e9. Il ne s&rsquo;agit pas de suivre une recette aveugl\u00e9ment, mais d&rsquo;adapter ces principes aux sp\u00e9cificit\u00e9s de chaque public et mati\u00e8re.<\/p>\n<h2><span class=\"ez-toc-section\" id=\"Etape_1_Personnaliser_lapprentissage_P\"><\/span>\u00c9tape 1 : Personnaliser l&rsquo;apprentissage (P)<span class=\"ez-toc-section-end\"><\/span><\/h2>\n<p>Chaque individu apprend diff\u00e9remment, \u00e0 son propre rythme et avec ses propres pr\u00e9requis. Une approche unique pour tous m\u00e8ne in\u00e9vitablement \u00e0 l&rsquo;\u00e9chec pour une partie des apprenants. La personnalisation est la cl\u00e9 pour engager chacun et r\u00e9pondre \u00e0 ses besoins sp\u00e9cifiques.<\/p>\n<p>Cela implique d&rsquo;identifier les styles d&rsquo;apprentissage (visuel, auditif, kinesth\u00e9sique), les connaissances ant\u00e9rieures et les objectifs individuels. J&rsquo;ai remarqu\u00e9 que proposer des parcours modulaires ou des ressources compl\u00e9mentaires fait une diff\u00e9rence significative.<\/p>\n<p>*Sc\u00e9nario d&rsquo;exemple :* Lors de la formation de nouveaux employ\u00e9s sur un logiciel complexe, au lieu d&rsquo;un unique manuel, nous proposons des tutoriels vid\u00e9o pour les visuels, des ateliers pratiques pour les kinesth\u00e9siques et des sessions de questions-r\u00e9ponses interactives pour les auditifs. Chacun choisit sa voie principale, compl\u00e9t\u00e9e par les autres formats.<\/p>\n<h2><span class=\"ez-toc-section\" id=\"Etape_2_Encourager_lActivite_et_lExperimentation_A\"><\/span>\u00c9tape 2 : Encourager l&rsquo;Activit\u00e9 et l&rsquo;Exp\u00e9rimentation (A)<span class=\"ez-toc-section-end\"><\/span><\/h2>\n<p>L&rsquo;apprentissage passif, tel que la simple \u00e9coute de conf\u00e9rences, est notoirement inefficace pour la r\u00e9tention \u00e0 long terme. L&rsquo;activit\u00e9 de l&rsquo;apprenant est le moteur principal de la construction des connaissances. \u00ab\u00a0Apprendre en faisant\u00a0\u00bb n&rsquo;est pas un slogan, mais une r\u00e9alit\u00e9 physiologique et cognitive.<\/p>\n<p>Les m\u00e9thodes actives incluent les discussions, les \u00e9tudes de cas, les projets de groupe, les simulations et la <a href=\"https:\/\/www.belgic.eu\/index.php\/2026\/02\/12\/les-benefices-de-la-marche-creative-pour-stimuler-linspiration-et-la-technique\/\">r\u00e9solution de probl\u00e8mes<\/a>. Elles obligent l&rsquo;apprenant \u00e0 traiter l&rsquo;information, \u00e0 la manipuler et \u00e0 la reconstruire.<\/p>\n<p>*Sc\u00e9nario d&rsquo;exemple :* Pour enseigner les principes de la n\u00e9gociation commerciale, plut\u00f4t que de donner un cours magistral, nous organisons des jeux de r\u00f4le o\u00f9 les participants doivent n\u00e9gocier face \u00e0 des sc\u00e9narios r\u00e9alistes. Le d\u00e9briefing qui suit ces simulations est crucial pour ancrer les le\u00e7ons.<\/p>\n<h2><span class=\"ez-toc-section\" id=\"Etape_3_Contextualiser_le_Savoir_C\"><\/span>\u00c9tape 3 : Contextualiser le Savoir (C)<span class=\"ez-toc-section-end\"><\/span><\/h2>\n<p>Le savoir isol\u00e9 de son contexte d&rsquo;application perd une grande partie de son sens et de son utilit\u00e9. Les apprenants ont besoin de comprendre pourquoi ils apprennent quelque chose et comment cela s&rsquo;int\u00e8gre dans le monde r\u00e9el ou leur future pratique professionnelle.<\/p>\n<p>La contextualisation relie les nouvelles informations aux <a href=\"https:\/\/www.belgic.eu\/index.php\/2026\/03\/18\/la-selection-didees-cadeaux-originaux-pour-renforcer-lamour-du-couple\/\">exp\u00e9riences<\/a> pass\u00e9es de l&rsquo;apprenant et \u00e0 des situations concr\u00e8tes. Cela rend l&rsquo;apprentissage plus pertinent, plus motivant et plus facile \u00e0 m\u00e9moriser.<\/p>\n<p>*Sc\u00e9nario d&rsquo;exemple :* Pour enseigner les r\u00e8gles de s\u00e9curit\u00e9 en usine, au lieu de lire une liste de proc\u00e9dures, nous pr\u00e9sentons des vid\u00e9os d&rsquo;incidents r\u00e9els (anonymis\u00e9s) et demandons aux employ\u00e9s d&rsquo;identifier les causes et de proposer des mesures pr\u00e9ventives. Le lien avec la r\u00e9alit\u00e9 est imm\u00e9diat.<\/p>\n<table>\n<thead>\n<tr>\n<th>Caract\u00e9ristique<\/th>\n<th>Approche PACTE (Engagement Actif)<\/th>\n<th>Approche Traditionnelle (Passive)<\/th>\n<\/tr>\n<\/thead>\n<tbody>\n<tr>\n<td>**R\u00f4le de l&rsquo;Apprenant**<\/td>\n<td>Constructeur de savoir, actif, autonome<\/td>\n<td>R\u00e9cepteur d&rsquo;informations, passif, d\u00e9pendant<\/td>\n<\/tr>\n<tr>\n<td>**R\u00e9tention du Savoir**<\/td>\n<td>\u00c9lev\u00e9e, durable, ancr\u00e9e par la pratique<\/td>\n<td>Faible, \u00e9ph\u00e9m\u00e8re, m\u00e9morisation superficielle<\/td>\n<\/tr>\n<tr>\n<td>**Motivation**<\/td>\n<td>Forte, due \u00e0 la pertinence et \u00e0 l&rsquo;interaction<\/td>\n<td>Variable, souvent faible par manque d&rsquo;implication<\/td>\n<\/tr>\n<tr>\n<td>**Transfert de Comp\u00e9tences**<\/td>\n<td>Facilit\u00e9e par la mise en situation r\u00e9elle<\/td>\n<td>Difficile, n\u00e9cessite un effort d&rsquo;adaptation<\/td>\n<\/tr>\n<\/tbody>\n<\/table>\n<h2><span class=\"ez-toc-section\" id=\"Etape_4_Faciliter_le_Transfert_des_Competences_T\"><\/span>\u00c9tape 4 : Faciliter le Transfert des Comp\u00e9tences (T)<span class=\"ez-toc-section-end\"><\/span><\/h2>\n<p>L&rsquo;objectif ultime de toute \u00e9ducation est le transfert : la capacit\u00e9 d&rsquo;appliquer ce qui a \u00e9t\u00e9 appris dans de nouvelles situations ou contextes. Sans transfert, le savoir reste th\u00e9orique et inutile.<\/p>\n<p>Pour favoriser le transfert, il est essentiel de cr\u00e9er des ponts entre l&rsquo;<a href=\"https:\/\/www.belgic.eu\/index.php\/2026\/04\/02\/la-mise-en-peril-de-lethique-environnementale-par-les-derives-de-la-telerealite\/\">environnement<\/a> d&rsquo;apprentissage et la r\u00e9alit\u00e9. Cela inclut la pratique d\u00e9lib\u00e9r\u00e9e, la r\u00e9solution de probl\u00e8mes vari\u00e9s et la r\u00e9flexion sur l&rsquo;application des concepts.<\/p>\n<p>*Sc\u00e9nario d&rsquo;exemple :* Apr\u00e8s un module sur la gestion de projet, nous demandons aux participants de choisir un projet r\u00e9el au sein de leur entreprise et d&rsquo;appliquer les outils et m\u00e9thodes appris. Un mentor les accompagne pour s&rsquo;assurer que le transfert s&rsquo;op\u00e8re efficacement.<\/p>\n<h2><span class=\"ez-toc-section\" id=\"Etape_5_Evaluer_et_Ajuster_la_Pedagogie_E\"><\/span>\u00c9tape 5 : \u00c9valuer et Ajuster la P\u00e9dagogie (E)<span class=\"ez-toc-section-end\"><\/span><\/h2>\n<p>L&rsquo;\u00e9valuation n&rsquo;est pas seulement un moyen de mesurer les acquis des apprenants ; c&rsquo;est aussi un outil puissant pour \u00e9valuer l&rsquo;efficacit\u00e9 de la m\u00e9thode d&rsquo;enseignement elle-m\u00eame. Un feedback continu est indispensable.<\/p>\n<p>J&rsquo;ai remarqu\u00e9 que des \u00e9valuations formatives (tout au long du processus) sont plus utiles que des \u00e9valuations sommatives (\u00e0 la fin) pour ajuster le tir. Elles permettent d&rsquo;identifier les difficult\u00e9s et d&rsquo;adapter les strat\u00e9gies p\u00e9dagogiques en temps r\u00e9el.<\/p>\n<p>*Sc\u00e9nario d&rsquo;exemple :* Dans un cours de langue, en plus des tests finaux, des sondages hebdomadaires sont effectu\u00e9s pour \u00e9valuer la compr\u00e9hension des le\u00e7ons et l&rsquo;engagement. Les r\u00e9sultats sont analys\u00e9s et la semaine suivante, les activit\u00e9s sont r\u00e9ajust\u00e9es pour mieux r\u00e9pondre aux besoins.<\/p>\n<h2><span class=\"ez-toc-section\" id=\"Erreurs_Frequentes_dans_la_Transmission_du_Savoir_et_Comment_les_Eviter\"><\/span><a href=\"https:\/\/www.belgic.eu\/index.php\/2026\/02\/04\/allocations-chomage-actualisation-mensuelle-erreurs-frequentes-et-sanctions\/\">Erreurs Fr\u00e9quentes<\/a> dans la Transmission du Savoir et Comment les \u00c9viter<span class=\"ez-toc-section-end\"><\/span><\/h2>\n<p>M\u00eame avec les meilleures intentions, des \u00e9cueils peuvent compromettre l&rsquo;efficacit\u00e9 de la transmission. Identifier ces erreurs est la premi\u00e8re \u00e9tape pour y rem\u00e9dier.<\/p>\n<h3><span class=\"ez-toc-section\" id=\"La_surcharge_cognitive\"><\/span>La surcharge cognitive<span class=\"ez-toc-section-end\"><\/span><\/h3>\n<p>**Ce qui la cause :** Trop d&rsquo;informations pr\u00e9sent\u00e9es en m\u00eame temps, sans structure claire ni temps de traitement suffisant.<br \/>\n**Ce qui se passe :** L&rsquo;apprenant se sent d\u00e9pass\u00e9, ne retient que des bribes et abandonne.<br \/>\n**Comment y rem\u00e9dier :** Fragmenter l&rsquo;information en modules digestes, utiliser des aides visuelles claires et laisser des pauses pour l&rsquo;<a href=\"https:\/\/www.belgic.eu\/index.php\/2026\/03\/14\/comment-choisir-un-logiciel-de-reporting-financier-adapte-aux-experts-comptables\/\">int\u00e9gration<\/a>. Pensez \u00e0 la r\u00e8gle des \u00ab\u00a0petites bouch\u00e9es\u00a0\u00bb.<\/p>\n<h3><span class=\"ez-toc-section\" id=\"Le_manque_dinteraction\"><\/span>Le manque d&rsquo;interaction<span class=\"ez-toc-section-end\"><\/span><\/h3>\n<p>**Ce qui la cause :** Un enseignement unidirectionnel o\u00f9 l&rsquo;apprenant est passif et n&rsquo;a pas l&rsquo;occasion de poser des questions ou de participer.<br \/>\n**Ce qui se passe :** La motivation diminue, la <a href=\"https:\/\/www.belgic.eu\/index.php\/2026\/03\/21\/les-jeux-educatifs-ameliorent-la-concentration-et-lengagement-cognitif\/\">concentration<\/a> s&rsquo;effrite et les lacunes de compr\u00e9hension ne sont pas d\u00e9tect\u00e9es.<br \/>\n**Comment y rem\u00e9dier :** Int\u00e9grer des sessions de questions-r\u00e9ponses r\u00e9guli\u00e8res, des discussions de groupe, des activit\u00e9s collaboratives et des exercices interactifs. Encouragez le dialogue.<\/p>\n<h3><span class=\"ez-toc-section\" id=\"Labsence_de_feedback\"><\/span>L&rsquo;absence de feedback<span class=\"ez-toc-section-end\"><\/span><\/h3>\n<p>**Ce qui la cause :** L&rsquo;apprenant ne re\u00e7oit pas d&rsquo;informations sur la justesse de ses r\u00e9ponses ou la qualit\u00e9 de son travail.<br \/>\n**Ce qui se passe :** Il ne peut pas corriger ses erreurs, ne sait pas o\u00f9 il en est et ne peut pas progresser efficacement.<br \/>\n**Comment y rem\u00e9dier :** Fournir des retours constructifs et sp\u00e9cifiques, id\u00e9alement en temps r\u00e9el ou peu apr\u00e8s l&rsquo;activit\u00e9. Le feedback doit \u00eatre orient\u00e9 vers l&rsquo;am\u00e9lioration, pas seulement la sanction.<\/p>\n<p>En somme, l&rsquo;art de transmettre le savoir ne r\u00e9side pas dans la simple exposition d&rsquo;informations, mais dans la capacit\u00e9 \u00e0 orchestrer un environnement o\u00f9 l&rsquo;apprenant est activement impliqu\u00e9 dans la construction de ses propres connaissances. Le Cadre PACTE, fruit de notre analyse interne et de mes ann\u00e9es de pratique, offre une voie claire pour y parvenir. En \u00e9vitant les pi\u00e8ges courants et en se concentrant sur l&rsquo;engagement et la pertinence, nous pouvons transformer radicalement l&rsquo;efficacit\u00e9 de nos d\u00e9marches \u00e9ducatives, garantissant un apprentissage durable et significatif.<\/p>\n<h3><span class=\"ez-toc-section\" id=\"Comment_rendre_une_methode_deducation_plus_engageante\"><\/span>Comment rendre une m\u00e9thode d&rsquo;\u00e9ducation plus engageante ?<span class=\"ez-toc-section-end\"><\/span><\/h3>\n<p>Il faut privil\u00e9gier les approches interactives, les discussions de groupe, les \u00e9tudes de cas et les simulations qui incitent l&rsquo;apprenant \u00e0 participer activement.<\/p>\n<h3><span class=\"ez-toc-section\" id=\"Pourquoi_la_personnalisation_est-elle_importante_dans_la_transmission_du_savoir\"><\/span>Pourquoi la personnalisation est-elle importante dans la transmission du savoir ?<span class=\"ez-toc-section-end\"><\/span><\/h3>\n<p>La personnalisation permet d&rsquo;adapter le contenu et le rythme d&rsquo;apprentissage aux besoins sp\u00e9cifiques, aux styles et aux connaissances pr\u00e9alables de chaque individu, maximisant ainsi l&rsquo;efficacit\u00e9.<\/p>\n<h3><span class=\"ez-toc-section\" id=\"Quest-ce_que_le_Cadre_PACTE_en_education\"><\/span>Qu&rsquo;est-ce que le Cadre PACTE en \u00e9ducation ?<span class=\"ez-toc-section-end\"><\/span><\/h3>\n<p>Le Cadre PACTE est une m\u00e9thodologie bas\u00e9e sur la Personnalisation, l&rsquo;Activit\u00e9, la Contextualisation, le Transfert et l&rsquo;\u00c9valuation pour optimiser la transmission et l&rsquo;acquisition du savoir.<\/p>\n<h3><span class=\"ez-toc-section\" id=\"Comment_eviter_la_surcharge_cognitive_chez_les_apprenants\"><\/span>Comment \u00e9viter la surcharge cognitive chez les apprenants ?<span class=\"ez-toc-section-end\"><\/span><\/h3>\n<p>Pour \u00e9viter la surcharge cognitive, il est essentiel de segmenter l&rsquo;information en petites unit\u00e9s, d&rsquo;utiliser des supports visuels clairs et d&rsquo;offrir des pauses r\u00e9guli\u00e8res pour l&rsquo;int\u00e9gration.<\/p>\n<h3><span class=\"ez-toc-section\" id=\"Quel_est_le_role_du_feedback_dans_lapprentissage_efficace\"><\/span>Quel est le r\u00f4le du feedback dans l&rsquo;apprentissage efficace ?<span class=\"ez-toc-section-end\"><\/span><\/h3>\n<p>Le feedback permet \u00e0 l&rsquo;apprenant de comprendre ses erreurs, de mesurer ses progr\u00e8s et d&rsquo;ajuster sa strat\u00e9gie d&rsquo;apprentissage, ce qui est crucial pour une am\u00e9lioration continue.<\/p>\n","protected":false},"excerpt":{"rendered":"<p> &#8230; <a title=\"L&rsquo;efficacit\u00e9 des m\u00e9thodes d&rsquo;\u00e9ducation et la transmission du savoir\" class=\"read-more\" href=\"https:\/\/www.belgic.eu\/index.php\/2026\/03\/26\/lefficacite-des-methodes-deducation-et-la-transmission-du-savoir\/\" aria-label=\"En savoir plus sur L&rsquo;efficacit\u00e9 des m\u00e9thodes d&rsquo;\u00e9ducation et la transmission du savoir\">Lire plus<\/a><\/p>\n","protected":false},"author":3,"featured_media":499,"comment_status":"open","ping_status":"open","sticky":false,"template":"","format":"standard","meta":{"fifu_image_url":"","fifu_image_alt":"","footnotes":""},"categories":[1807],"tags":[798,1906,1886,1904,240,1903,811,1905],"class_list":["post-527","post","type-post","status-publish","format-standard","has-post-thumbnail","hentry","category-developpement-personnel","tag-apprentissage","tag-cadre-pedagogique","tag-connaissances","tag-education-active","tag-formation","tag-methodes-denseignement","tag-pedagogie","tag-retenir-informations","resize-featured-image"],"_links":{"self":[{"href":"https:\/\/www.belgic.eu\/index.php\/wp-json\/wp\/v2\/posts\/527","targetHints":{"allow":["GET"]}}],"collection":[{"href":"https:\/\/www.belgic.eu\/index.php\/wp-json\/wp\/v2\/posts"}],"about":[{"href":"https:\/\/www.belgic.eu\/index.php\/wp-json\/wp\/v2\/types\/post"}],"author":[{"embeddable":true,"href":"https:\/\/www.belgic.eu\/index.php\/wp-json\/wp\/v2\/users\/3"}],"replies":[{"embeddable":true,"href":"https:\/\/www.belgic.eu\/index.php\/wp-json\/wp\/v2\/comments?post=527"}],"version-history":[{"count":1,"href":"https:\/\/www.belgic.eu\/index.php\/wp-json\/wp\/v2\/posts\/527\/revisions"}],"predecessor-version":[{"id":1410,"href":"https:\/\/www.belgic.eu\/index.php\/wp-json\/wp\/v2\/posts\/527\/revisions\/1410"}],"wp:featuredmedia":[{"embeddable":true,"href":"https:\/\/www.belgic.eu\/index.php\/wp-json\/wp\/v2\/media\/499"}],"wp:attachment":[{"href":"https:\/\/www.belgic.eu\/index.php\/wp-json\/wp\/v2\/media?parent=527"}],"wp:term":[{"taxonomy":"category","embeddable":true,"href":"https:\/\/www.belgic.eu\/index.php\/wp-json\/wp\/v2\/categories?post=527"},{"taxonomy":"post_tag","embeddable":true,"href":"https:\/\/www.belgic.eu\/index.php\/wp-json\/wp\/v2\/tags?post=527"}],"curies":[{"name":"wp","href":"https:\/\/api.w.org\/{rel}","templated":true}]}}