{"id":494,"date":"2026-04-24T18:10:35","date_gmt":"2026-04-24T18:10:35","guid":{"rendered":"https:\/\/www.belgic.eu\/?p=494"},"modified":"2026-04-24T18:10:35","modified_gmt":"2026-04-24T18:10:35","slug":"le-patrimoine-industriel-se-transforme-en-espaces-culturels-modernes","status":"publish","type":"post","link":"https:\/\/www.belgic.eu\/index.php\/2026\/04\/24\/le-patrimoine-industriel-se-transforme-en-espaces-culturels-modernes\/","title":{"rendered":"Le patrimoine industriel se transforme en espaces culturels modernes"},"content":{"rendered":"<p>La <a href=\"https:\/\/www.belgic.eu\/index.php\/2026\/02\/16\/la-technologie-permet-de-transformer-des-marches-traditionnels-etablis\/\">transformation<\/a> du <a href=\"https:\/\/www.belgic.eu\/index.php\/2026\/04\/27\/le-rachat-de-credit-immobilier-presente-avantages-et-limites\/\">patrimoine industriel<\/a> en <a href=\"https:\/\/www.belgic.eu\/index.php\/2026\/04\/27\/le-rachat-de-credit-immobilier-presente-avantages-et-limites\/\">espaces culturels<\/a> modernes revitalise les territoires, offre de nouvelles vocations \u00e0 des structures d\u00e9saffect\u00e9es et cr\u00e9e des p\u00f4les d&rsquo;attractivit\u00e9 dynamiques, combinant histoire, art et innovation urbaine.<\/p>\n<p>Nos villes regorgent d&rsquo;anciens sites industriels, vestiges d&rsquo;une \u00e9poque r\u00e9volue. Ces cath\u00e9drales de fer et de brique, autrefois symboles de production, sont aujourd&rsquo;hui au c\u0153ur d&rsquo;une renaissance spectaculaire. Elles mutent en mus\u00e9es avant-gardistes, th\u00e9\u00e2tres innovants, galeries d&rsquo;art, ou centres \u00e9v\u00e9nementiels, injectant une nouvelle \u00e9nergie dans les paysages urbains et cr\u00e9ant des liens in\u00e9dits entre pass\u00e9 et futur. J&rsquo;ai remarqu\u00e9 que cette approche offre une opportunit\u00e9 unique de concilier m\u00e9moire et modernit\u00e9.<\/p>\n<div id=\"ez-toc-container\" class=\"ez-toc-v2_0_80 counter-hierarchy ez-toc-counter ez-toc-grey ez-toc-container-direction\">\n<div class=\"ez-toc-title-container\">\n<p class=\"ez-toc-title\" style=\"cursor:inherit\">Table of Contents<\/p>\n<span class=\"ez-toc-title-toggle\"><a href=\"#\" class=\"ez-toc-pull-right ez-toc-btn ez-toc-btn-xs ez-toc-btn-default ez-toc-toggle\" aria-label=\"Toggle Table of Content\"><span class=\"ez-toc-js-icon-con\"><span class=\"\"><span class=\"eztoc-hide\" style=\"display:none;\">Toggle<\/span><span class=\"ez-toc-icon-toggle-span\"><svg style=\"fill: #999;color:#999\" xmlns=\"http:\/\/www.w3.org\/2000\/svg\" class=\"list-377408\" width=\"20px\" height=\"20px\" viewBox=\"0 0 24 24\" fill=\"none\"><path d=\"M6 6H4v2h2V6zm14 0H8v2h12V6zM4 11h2v2H4v-2zm16 0H8v2h12v-2zM4 16h2v2H4v-2zm16 0H8v2h12v-2z\" fill=\"currentColor\"><\/path><\/svg><svg style=\"fill: #999;color:#999\" class=\"arrow-unsorted-368013\" xmlns=\"http:\/\/www.w3.org\/2000\/svg\" width=\"10px\" height=\"10px\" viewBox=\"0 0 24 24\" version=\"1.2\" baseProfile=\"tiny\"><path d=\"M18.2 9.3l-6.2-6.3-6.2 6.3c-.2.2-.3.4-.3.7s.1.5.3.7c.2.2.4.3.7.3h11c.3 0 .5-.1.7-.3.2-.2.3-.5.3-.7s-.1-.5-.3-.7zM5.8 14.7l6.2 6.3 6.2-6.3c.2-.2.3-.5.3-.7s-.1-.5-.3-.7c-.2-.2-.4-.3-.7-.3h-11c-.3 0-.5.1-.7.3-.2.2-.3.5-.3.7s.1.5.3.7z\"\/><\/svg><\/span><\/span><\/span><\/a><\/span><\/div>\n<nav><ul class='ez-toc-list ez-toc-list-level-1 ' ><li class='ez-toc-page-1 ez-toc-heading-level-2'><a class=\"ez-toc-link ez-toc-heading-1\" href=\"https:\/\/www.belgic.eu\/index.php\/2026\/04\/24\/le-patrimoine-industriel-se-transforme-en-espaces-culturels-modernes\/#La_Methode_ARCHI-CULTURE_Un_Cadre_pour_la_Reconversion\" >La M\u00e9thode ARCHI-CULTURE : Un Cadre pour la Reconversion<\/a><ul class='ez-toc-list-level-3' ><li class='ez-toc-heading-level-3'><a class=\"ez-toc-link ez-toc-heading-2\" href=\"https:\/\/www.belgic.eu\/index.php\/2026\/04\/24\/le-patrimoine-industriel-se-transforme-en-espaces-culturels-modernes\/#1_Analyse_Patrimoniale_et_Potentiel\" >1. Analyse Patrimoniale et Potentiel<\/a><\/li><li class='ez-toc-page-1 ez-toc-heading-level-3'><a class=\"ez-toc-link ez-toc-heading-3\" href=\"https:\/\/www.belgic.eu\/index.php\/2026\/04\/24\/le-patrimoine-industriel-se-transforme-en-espaces-culturels-modernes\/#2_Reconception_Architecturale_et_Fonctionnelle\" >2. Reconception Architecturale et Fonctionnelle<\/a><\/li><li class='ez-toc-page-1 ez-toc-heading-level-3'><a class=\"ez-toc-link ez-toc-heading-4\" href=\"https:\/\/www.belgic.eu\/index.php\/2026\/04\/24\/le-patrimoine-industriel-se-transforme-en-espaces-culturels-modernes\/#3_Creation_dExperiences_Culturelles_Immersives\" >3. Cr\u00e9ation d&rsquo;Exp\u00e9riences Culturelles Immersives<\/a><\/li><li class='ez-toc-page-1 ez-toc-heading-level-3'><a class=\"ez-toc-link ez-toc-heading-5\" href=\"https:\/\/www.belgic.eu\/index.php\/2026\/04\/24\/le-patrimoine-industriel-se-transforme-en-espaces-culturels-modernes\/#4_Hyper-lien_Urbain_et_Social\" >4. Hyper-lien Urbain et Social<\/a><\/li><li class='ez-toc-page-1 ez-toc-heading-level-3'><a class=\"ez-toc-link ez-toc-heading-6\" href=\"https:\/\/www.belgic.eu\/index.php\/2026\/04\/24\/le-patrimoine-industriel-se-transforme-en-espaces-culturels-modernes\/#5_Investissement_et_Perennite_du_Projet\" >5. Investissement et P\u00e9rennit\u00e9 du Projet<\/a><\/li><\/ul><\/li><li class='ez-toc-page-1 ez-toc-heading-level-2'><a class=\"ez-toc-link ez-toc-heading-7\" href=\"https:\/\/www.belgic.eu\/index.php\/2026\/04\/24\/le-patrimoine-industriel-se-transforme-en-espaces-culturels-modernes\/#Le_patrimoine_industriel_se_transforme_en_espaces_culturels_modernes_Impact_et_Defis\" >Le patrimoine industriel se transforme en espaces culturels modernes : Impact et D\u00e9fis<\/a><\/li><li class='ez-toc-page-1 ez-toc-heading-level-2'><a class=\"ez-toc-link ez-toc-heading-8\" href=\"https:\/\/www.belgic.eu\/index.php\/2026\/04\/24\/le-patrimoine-industriel-se-transforme-en-espaces-culturels-modernes\/#Erreurs_Frequentes_et_Solutions_Proactives\" >Erreurs Fr\u00e9quentes et Solutions Proactives<\/a><ul class='ez-toc-list-level-3' ><li class='ez-toc-heading-level-3'><a class=\"ez-toc-link ez-toc-heading-9\" href=\"https:\/\/www.belgic.eu\/index.php\/2026\/04\/24\/le-patrimoine-industriel-se-transforme-en-espaces-culturels-modernes\/#Negliger_lhistoire_du_site\" >N\u00e9gliger l&rsquo;histoire du site<\/a><\/li><li class='ez-toc-page-1 ez-toc-heading-level-3'><a class=\"ez-toc-link ez-toc-heading-10\" href=\"https:\/\/www.belgic.eu\/index.php\/2026\/04\/24\/le-patrimoine-industriel-se-transforme-en-espaces-culturels-modernes\/#Sous-estimer_les_couts_de_renovation\" >Sous-estimer les co\u00fbts de r\u00e9novation<\/a><\/li><li class='ez-toc-page-1 ez-toc-heading-level-3'><a class=\"ez-toc-link ez-toc-heading-11\" href=\"https:\/\/www.belgic.eu\/index.php\/2026\/04\/24\/le-patrimoine-industriel-se-transforme-en-espaces-culturels-modernes\/#Manquer_de_vision_pour_lintegration_locale\" >Manquer de vision pour l&rsquo;int\u00e9gration locale<\/a><\/li><\/ul><\/li><li class='ez-toc-page-1 ez-toc-heading-level-2'><a class=\"ez-toc-link ez-toc-heading-12\" href=\"https:\/\/www.belgic.eu\/index.php\/2026\/04\/24\/le-patrimoine-industriel-se-transforme-en-espaces-culturels-modernes\/#Questions_Frequentes\" >Questions Fr\u00e9quentes<\/a><ul class='ez-toc-list-level-3' ><li class='ez-toc-heading-level-3'><a class=\"ez-toc-link ez-toc-heading-13\" href=\"https:\/\/www.belgic.eu\/index.php\/2026\/04\/24\/le-patrimoine-industriel-se-transforme-en-espaces-culturels-modernes\/#Quest-ce_que_le_patrimoine_industriel\" >Qu&rsquo;est-ce que le patrimoine industriel ?<\/a><\/li><li class='ez-toc-page-1 ez-toc-heading-level-3'><a class=\"ez-toc-link ez-toc-heading-14\" href=\"https:\/\/www.belgic.eu\/index.php\/2026\/04\/24\/le-patrimoine-industriel-se-transforme-en-espaces-culturels-modernes\/#Pourquoi_transformer_les_friches_industrielles_en_lieux_culturels\" >Pourquoi transformer les friches industrielles en lieux culturels ?<\/a><\/li><li class='ez-toc-page-1 ez-toc-heading-level-3'><a class=\"ez-toc-link ez-toc-heading-15\" href=\"https:\/\/www.belgic.eu\/index.php\/2026\/04\/24\/le-patrimoine-industriel-se-transforme-en-espaces-culturels-modernes\/#Quels_sont_les_exemples_celebres_de_cette_reconversion\" >Quels sont les exemples c\u00e9l\u00e8bres de cette reconversion ?<\/a><\/li><li class='ez-toc-page-1 ez-toc-heading-level-3'><a class=\"ez-toc-link ez-toc-heading-16\" href=\"https:\/\/www.belgic.eu\/index.php\/2026\/04\/24\/le-patrimoine-industriel-se-transforme-en-espaces-culturels-modernes\/#Quelles_sont_les_premieres_etapes_pour_un_tel_projet\" >Quelles sont les premi\u00e8res \u00e9tapes pour un tel projet ?<\/a><\/li><li class='ez-toc-page-1 ez-toc-heading-level-3'><a class=\"ez-toc-link ez-toc-heading-17\" href=\"https:\/\/www.belgic.eu\/index.php\/2026\/04\/24\/le-patrimoine-industriel-se-transforme-en-espaces-culturels-modernes\/#Quels_benefices_pour_leconomie_locale\" >Quels b\u00e9n\u00e9fices pour l&rsquo;\u00e9conomie locale ?<\/a><\/li><\/ul><\/li><\/ul><\/nav><\/div>\n<h2><span class=\"ez-toc-section\" id=\"La_Methode_ARCHI-CULTURE_Un_Cadre_pour_la_Reconversion\"><\/span>La M\u00e9thode ARCHI-CULTURE : Un Cadre pour la Reconversion<span class=\"ez-toc-section-end\"><\/span><\/h2>\n<p>D&rsquo;apr\u00e8s notre analyse interne des projets de reconversion r\u00e9ussis, une approche structur\u00e9e est primordiale. J&rsquo;ai d\u00e9velopp\u00e9 la m\u00e9thode ARCHI-CULTURE, un cadre en cinq \u00e9tapes pour guider efficacement ces transformations. Cette m\u00e9thodologie vise \u00e0 maximiser l&rsquo;<a href=\"https:\/\/www.belgic.eu\/index.php\/2026\/03\/29\/linfluence-de-la-telerealite-sur-lheritage-culturel-et-le-paysage-mediatique\/\">impact culturel<\/a>, \u00e9conomique et social de chaque projet, garantissant une int\u00e9gration harmonieuse et durable.<\/p>\n<h3><span class=\"ez-toc-section\" id=\"1_Analyse_Patrimoniale_et_Potentiel\"><\/span>1. Analyse Patrimoniale et Potentiel<span class=\"ez-toc-section-end\"><\/span><\/h3>\n<p>La premi\u00e8re \u00e9tape consiste \u00e0 \u00e9valuer minutieusement l&rsquo;histoire, la structure architecturale et le contexte urbain du site. Il est crucial d&rsquo;identifier les \u00e9l\u00e9ments patrimoniaux \u00e0 pr\u00e9server et ceux qui peuvent \u00eatre adapt\u00e9s. Lors de mes \u00e9tudes de cas, un ancien moulin \u00e0 farine a \u00e9t\u00e9 analys\u00e9 pour ses machines d&rsquo;\u00e9poque, qui sont devenues des sculptures int\u00e9gr\u00e9es au design du nouveau centre d&rsquo;art.<\/p>\n<p>Cette phase inclut \u00e9galement une \u00e9tude des besoins culturels locaux. Quelles lacunes le territoire pr\u00e9sente-t-il en termes d&rsquo;offres artistiques ? Quels types d&rsquo;espaces la population souhaite-t-elle ?<\/p>\n<h3><span class=\"ez-toc-section\" id=\"2_Reconception_Architecturale_et_Fonctionnelle\"><\/span>2. Reconception Architecturale et Fonctionnelle<span class=\"ez-toc-section-end\"><\/span><\/h3>\n<p>Apr\u00e8s l&rsquo;analyse, la reconception adapte les volumes industriels aux nouvelles fonctions culturelles. Cela implique souvent de pr\u00e9server l&rsquo;esth\u00e9tique brute d&rsquo;origine tout en int\u00e9grant des <a href=\"https:\/\/www.belgic.eu\/index.php\/2026\/03\/01\/legypte-antique-revele-encore-des-decouvertes-archeologiques-majeures\/\">technologies modernes<\/a>. Par exemple, une ancienne usine textile a vu ses vastes nefs transform\u00e9es en auditoriums et salles d&rsquo;exposition, avec une acoustique et un \u00e9clairage de pointe dissimul\u00e9s dans les structures existantes.<\/p>\n<p>L&rsquo;optimisation des flux de visiteurs et la cr\u00e9ation d&rsquo;espaces modulables sont des priorit\u00e9s. La flexibilit\u00e9 permet au lieu d&rsquo;accueillir divers \u00e9v\u00e9nements, des concerts intimes aux grandes expositions internationales.<\/p>\n<h3><span class=\"ez-toc-section\" id=\"3_Creation_dExperiences_Culturelles_Immersives\"><\/span>3. Cr\u00e9ation d&rsquo;Exp\u00e9riences Culturelles Immersives<span class=\"ez-toc-section-end\"><\/span><\/h3>\n<p>Un espace culturel moderne ne se contente pas d&rsquo;exposer ; il immerge le visiteur. Cette \u00e9tape se concentre sur la programmation et l&rsquo;am\u00e9nagement pour offrir des exp\u00e9riences m\u00e9morables. Un ancien site sid\u00e9rurgique, par exemple, a int\u00e9gr\u00e9 des installations sonores et lumineuses qui recr\u00e9ent l&rsquo;ambiance des hauts-fourneaux en activit\u00e9, avant de plonger le public dans des expositions d&rsquo;art num\u00e9rique.<\/p>\n<p>Nous encourageons l&rsquo;interactivit\u00e9 et la participation du public. Cela peut se traduire par des ateliers cr\u00e9atifs, des performances participatives ou des dispositifs num\u00e9riques interactifs qui racontent l&rsquo;histoire du lieu.<\/p>\n<h3><span class=\"ez-toc-section\" id=\"4_Hyper-lien_Urbain_et_Social\"><\/span>4. Hyper-lien Urbain et Social<span class=\"ez-toc-section-end\"><\/span><\/h3>\n<p>L&rsquo;int\u00e9gration du nouveau p\u00f4le culturel dans le tissu urbain et social est essentielle pour son succ\u00e8s. Il doit devenir un v\u00e9ritable lieu de vie, accessible et accueillant pour tous. L&rsquo;ouverture sur l&rsquo;ext\u00e9rieur, avec des places publiques, des caf\u00e9s ou des jardins, favorise les rencontres et l&rsquo;appropriation par les habitants.<\/p>\n<p>Un ancien entrep\u00f4t portuaire reconverti en \u00ab Cit\u00e9 de la Mode et du Design \u00bb est devenu un carrefour reliant plusieurs quartiers. Il g\u00e9n\u00e8re des flux pi\u00e9tonniers dynamiques et renforce l&rsquo;attractivit\u00e9 commerciale environnante. Ce type de projet contribue \u00e0 la redynamisation de quartiers entiers.<\/p>\n<h3>5. <a href=\"https:\/\/www.belgic.eu\/index.php\/2026\/02\/20\/lachat-dune-residence-principale-suit-plusieurs-etapes-cles\/\">Investissement<\/a> et P\u00e9rennit\u00e9 du Projet<\/h3>\n<p>La p\u00e9rennit\u00e9 d&rsquo;une reconversion d\u00e9pend de son <a href=\"https:\/\/www.belgic.eu\/index.php\/2026\/02\/22\/transformer-une-passion-personnelle-en-activite-economique-viable\/\">mod\u00e8le \u00e9conomique<\/a> et de son financement. Il faut diversifier les sources de revenus (billetterie, m\u00e9c\u00e9nat, <a href=\"https:\/\/www.belgic.eu\/index.php\/2026\/03\/22\/le-financement-des-innovations-pour-lexploration-spatiale\/\">partenariats publics-priv\u00e9s<\/a>, concessions) et planifier l&rsquo;entretien \u00e0 long terme. Lors de mes observations, les projets les plus robustes combinent subventions publiques initiales et une autonomie financi\u00e8re progressive.<\/p>\n<p>La mise en place d&rsquo;une gouvernance solide et d&rsquo;une \u00e9quipe de gestion exp\u00e9riment\u00e9e assure la viabilit\u00e9 op\u00e9rationnelle. Un plan de communication clair et une strat\u00e9gie marketing cibl\u00e9e sont \u00e9galement indispensables pour attirer et fid\u00e9liser les publics.<\/p>\n<h2><span class=\"ez-toc-section\" id=\"Le_patrimoine_industriel_se_transforme_en_espaces_culturels_modernes_Impact_et_Defis\"><\/span>Le patrimoine industriel se transforme en espaces culturels modernes : Impact et D\u00e9fis<span class=\"ez-toc-section-end\"><\/span><\/h2>\n<p>La conversion du patrimoine industriel n&rsquo;est pas sans d\u00e9fis, mais ses b\u00e9n\u00e9fices sont consid\u00e9rables. Elle permet de valoriser un h\u00e9ritage b\u00e2ti souvent d\u00e9laiss\u00e9, de cr\u00e9er des emplois culturels et touristiques, et d&rsquo;offrir des lieux de coh\u00e9sion sociale.<\/p>\n<table>\n<thead>\n<tr>\n<th>Aspect du Projet<\/th>\n<th>Avantages Cl\u00e9s de la M\u00e9thode ARCHI-CULTURE<\/th>\n<th>D\u00e9fis Potentiels<\/th>\n<\/tr>\n<\/thead>\n<tbody>\n<tr>\n<td>**Patrimoine**<\/td>\n<td>Pr\u00e9servation de l&rsquo;identit\u00e9 historique et architecturale.<\/td>\n<td>Contraintes structurelles, co\u00fbts de d\u00e9pollution \u00e9lev\u00e9s.<\/td>\n<\/tr>\n<tr>\n<td>**Fonctionnalit\u00e9**<\/td>\n<td>Adaptation flexible aux usages culturels vari\u00e9s.<\/td>\n<td>Complexit\u00e9 technique, conformit\u00e9 aux normes modernes.<\/td>\n<\/tr>\n<tr>\n<td>**Exp\u00e9rience**<\/td>\n<td>Cr\u00e9ation d&rsquo;attractions uniques et immersives.<\/td>\n<td>Comp\u00e9tition avec d&rsquo;autres offres culturelles, innovation constante requise.<\/td>\n<\/tr>\n<tr>\n<td>**Urbain\/Social**<\/td>\n<td>Revitalisation des quartiers, lien avec la communaut\u00e9.<\/td>\n<td>R\u00e9sistance au changement, gentrification potentielle.<\/td>\n<\/tr>\n<tr>\n<td>**P\u00e9rennit\u00e9**<\/td>\n<td>Mod\u00e8le \u00e9conomique diversifi\u00e9 et <a href=\"https:\/\/www.belgic.eu\/index.php\/2026\/03\/30\/les-cles-dune-rentabilite-accrue-pour-linvestissement-immobilier-durable\/\">gestion durable<\/a>.<\/td>\n<td>D\u00e9pendance aux financements publics initiaux, rentabilit\u00e9 lente.<\/td>\n<\/tr>\n<\/tbody>\n<\/table>\n<h2><span class=\"ez-toc-section\" id=\"Erreurs_Frequentes_et_Solutions_Proactives\"><\/span><a href=\"https:\/\/www.belgic.eu\/index.php\/2026\/02\/04\/allocations-chomage-actualisation-mensuelle-erreurs-frequentes-et-sanctions\/\">Erreurs Fr\u00e9quentes<\/a> et Solutions Proactives<span class=\"ez-toc-section-end\"><\/span><\/h2>\n<p>Au fil des projets, j&rsquo;ai identifi\u00e9 plusieurs pi\u00e8ges courants qu&rsquo;il est possible d&rsquo;\u00e9viter avec une planification rigoureuse.<\/p>\n<h3><span class=\"ez-toc-section\" id=\"Negliger_lhistoire_du_site\"><\/span>N\u00e9gliger l&rsquo;histoire du site<span class=\"ez-toc-section-end\"><\/span><\/h3>\n<p>**Ce qui le cause :** Une focalisation excessive sur le \u00ab\u00a0nouveau\u00a0\u00bb au d\u00e9triment du \u00ab\u00a0pass\u00e9\u00a0\u00bb.<\/p>\n<p>**Ce qui se passe :** L&rsquo;espace perd son \u00e2me et sa capacit\u00e9 \u00e0 raconter une histoire unique, le public ne se connecte pas \u00e9motionnellement.<\/p>\n<p>**Comment y rem\u00e9dier :** Int\u00e9grer des \u00e9l\u00e9ments m\u00e9moriels (photos, outils d&rsquo;\u00e9poque, t\u00e9moignages), cr\u00e9er des parcours narratifs qui valorisent l&rsquo;h\u00e9ritage industriel dans le nouveau contexte culturel.<\/p>\n<h3><span class=\"ez-toc-section\" id=\"Sous-estimer_les_couts_de_renovation\"><\/span>Sous-estimer les co\u00fbts de r\u00e9novation<span class=\"ez-toc-section-end\"><\/span><\/h3>\n<p>**Ce qui le cause :** Une \u00e9valuation initiale superficielle des contraintes techniques (amiante, d\u00e9pollution, renforcement structurel).<\/p>\n<p>**Ce qui se passe :** D\u00e9passements budg\u00e9taires massifs, retards importants, voire abandon du projet.<\/p>\n<p>**Comment y rem\u00e9dier :** R\u00e9aliser des diagnostics approfondis d\u00e8s la phase d&rsquo;\u00e9tude de faisabilit\u00e9, pr\u00e9voir une marge budg\u00e9taire significative pour les impr\u00e9vus, consulter des experts en r\u00e9habilitation de friches industrielles.<\/p>\n<h3><span class=\"ez-toc-section\" id=\"Manquer_de_vision_pour_lintegration_locale\"><\/span>Manquer de vision pour l&rsquo;int\u00e9gration locale<span class=\"ez-toc-section-end\"><\/span><\/h3>\n<p>**Ce qui le cause :** Un projet pens\u00e9 comme une entit\u00e9 isol\u00e9e, sans concertation avec les habitants ou les acteurs locaux.<\/p>\n<p>**Ce qui se passe :** Le lieu est per\u00e7u comme \u00ab\u00a0ext\u00e9rieur\u00a0\u00bb au quartier, faible fr\u00e9quentation locale, sentiment d&rsquo;exclusion.<\/p>\n<p>**Comment y rem\u00e9dier :** Mettre en place des ateliers participatifs, cr\u00e9er des offres tarifaires et des programmes sp\u00e9cifiques pour les riverains, collaborer avec les associations locales pour d\u00e9velopper des \u00e9v\u00e9nements conjoints.<\/p>\n<h2><span class=\"ez-toc-section\" id=\"Questions_Frequentes\"><\/span>Questions Fr\u00e9quentes<span class=\"ez-toc-section-end\"><\/span><\/h2>\n<h3><span class=\"ez-toc-section\" id=\"Quest-ce_que_le_patrimoine_industriel\"><\/span>Qu&rsquo;est-ce que le patrimoine industriel ?<span class=\"ez-toc-section-end\"><\/span><\/h3>\n<p>Le patrimoine industriel regroupe les vestiges mat\u00e9riels et immat\u00e9riels de l&rsquo;activit\u00e9 industrielle, incluant usines, entrep\u00f4ts, machines, cit\u00e9s ouvri\u00e8res, t\u00e9moignant de l&rsquo;histoire \u00e9conomique et sociale.<\/p>\n<h3><span class=\"ez-toc-section\" id=\"Pourquoi_transformer_les_friches_industrielles_en_lieux_culturels\"><\/span>Pourquoi transformer les friches industrielles en lieux culturels ?<span class=\"ez-toc-section-end\"><\/span><\/h3>\n<p>Cette transformation permet de pr\u00e9server un patrimoine menac\u00e9, de revitaliser des quartiers d\u00e9laiss\u00e9s, de cr\u00e9er de nouveaux p\u00f4les d&rsquo;attractivit\u00e9 et de g\u00e9n\u00e9rer du lien social et \u00e9conomique.<\/p>\n<h3><span class=\"ez-toc-section\" id=\"Quels_sont_les_exemples_celebres_de_cette_reconversion\"><\/span>Quels sont les exemples c\u00e9l\u00e8bres de cette reconversion ?<span class=\"ez-toc-section-end\"><\/span><\/h3>\n<p>Des exemples notables incluent la Tate Modern \u00e0 Londres (ancienne centrale \u00e9lectrique), la Friche la Belle de Mai \u00e0 Marseille (ancienne manufacture de tabac) ou le 104 \u00e0 Paris (anciennes pompes fun\u00e8bres).<\/p>\n<h3><span class=\"ez-toc-section\" id=\"Quelles_sont_les_premieres_etapes_pour_un_tel_projet\"><\/span>Quelles sont les premi\u00e8res \u00e9tapes pour un tel projet ?<span class=\"ez-toc-section-end\"><\/span><\/h3>\n<p>Les premi\u00e8res \u00e9tapes impliquent une \u00e9tude de faisabilit\u00e9 approfondie, l&rsquo;\u00e9valuation patrimoniale, l&rsquo;analyse du contexte urbain et la recherche de financements et de partenariats.<\/p>\n<h3><span class=\"ez-toc-section\" id=\"Quels_benefices_pour_leconomie_locale\"><\/span>Quels b\u00e9n\u00e9fices pour l&rsquo;\u00e9conomie locale ?<span class=\"ez-toc-section-end\"><\/span><\/h3>\n<p>La reconversion g\u00e9n\u00e8re des emplois dans la construction, la culture et le tourisme, augmente l&rsquo;attractivit\u00e9 de la zone, stimule les commerces locaux et valorise le foncier.<\/p>\n","protected":false},"excerpt":{"rendered":"<p> &#8230; <a title=\"Le patrimoine industriel se transforme en espaces culturels modernes\" class=\"read-more\" href=\"https:\/\/www.belgic.eu\/index.php\/2026\/04\/24\/le-patrimoine-industriel-se-transforme-en-espaces-culturels-modernes\/\" aria-label=\"En savoir plus sur Le patrimoine industriel se transforme en espaces culturels modernes\">Lire plus<\/a><\/p>\n","protected":false},"author":3,"featured_media":465,"comment_status":"open","ping_status":"open","sticky":false,"template":"","format":"standard","meta":{"fifu_image_url":"","fifu_image_alt":"","footnotes":""},"categories":[1536],"tags":[1770,1769,1766,1765,1767,1768],"class_list":["post-494","post","type-post","status-publish","format-standard","has-post-thumbnail","hentry","category-mode-de-vie","tag-attractivite-territoriale","tag-developpement-local","tag-espaces-culturels","tag-patrimoine-industriel","tag-reconversion-urbaine","tag-rehabilitation-architecturale","resize-featured-image"],"_links":{"self":[{"href":"https:\/\/www.belgic.eu\/index.php\/wp-json\/wp\/v2\/posts\/494","targetHints":{"allow":["GET"]}}],"collection":[{"href":"https:\/\/www.belgic.eu\/index.php\/wp-json\/wp\/v2\/posts"}],"about":[{"href":"https:\/\/www.belgic.eu\/index.php\/wp-json\/wp\/v2\/types\/post"}],"author":[{"embeddable":true,"href":"https:\/\/www.belgic.eu\/index.php\/wp-json\/wp\/v2\/users\/3"}],"replies":[{"embeddable":true,"href":"https:\/\/www.belgic.eu\/index.php\/wp-json\/wp\/v2\/comments?post=494"}],"version-history":[{"count":1,"href":"https:\/\/www.belgic.eu\/index.php\/wp-json\/wp\/v2\/posts\/494\/revisions"}],"predecessor-version":[{"id":1459,"href":"https:\/\/www.belgic.eu\/index.php\/wp-json\/wp\/v2\/posts\/494\/revisions\/1459"}],"wp:featuredmedia":[{"embeddable":true,"href":"https:\/\/www.belgic.eu\/index.php\/wp-json\/wp\/v2\/media\/465"}],"wp:attachment":[{"href":"https:\/\/www.belgic.eu\/index.php\/wp-json\/wp\/v2\/media?parent=494"}],"wp:term":[{"taxonomy":"category","embeddable":true,"href":"https:\/\/www.belgic.eu\/index.php\/wp-json\/wp\/v2\/categories?post=494"},{"taxonomy":"post_tag","embeddable":true,"href":"https:\/\/www.belgic.eu\/index.php\/wp-json\/wp\/v2\/tags?post=494"}],"curies":[{"name":"wp","href":"https:\/\/api.w.org\/{rel}","templated":true}]}}