{"id":493,"date":"2026-04-21T08:12:08","date_gmt":"2026-04-21T08:12:08","guid":{"rendered":"https:\/\/www.belgic.eu\/?p=493"},"modified":"2026-04-21T08:12:08","modified_gmt":"2026-04-21T08:12:08","slug":"la-vie-quotidienne-sous-le-premier-empire-etait-tres-encadree","status":"publish","type":"post","link":"https:\/\/www.belgic.eu\/index.php\/2026\/04\/21\/la-vie-quotidienne-sous-le-premier-empire-etait-tres-encadree\/","title":{"rendered":"La vie quotidienne sous le Premier Empire \u00e9tait tr\u00e8s encadr\u00e9e"},"content":{"rendered":"<p>Sous le Premier Empire, la vie quotidienne des citoyens fran\u00e7ais \u00e9tait m\u00e9ticuleusement orchestr\u00e9e par l&rsquo;\u00c9tat napol\u00e9onien, cherchant \u00e0 imposer l&rsquo;ordre, la moralit\u00e9 et la loyaut\u00e9. Chaque aspect, des registres d&rsquo;\u00e9tat civil au Code Napol\u00e9on, contribuait \u00e0 une soci\u00e9t\u00e9 structur\u00e9e o\u00f9 l&rsquo;individu \u00e9tait avant tout un sujet au service de la nation et de l&rsquo;Empereur. Cet encadrement visait \u00e0 stabiliser le pays apr\u00e8s la R\u00e9volution.<\/p>\n<p>D&rsquo;apr\u00e8s mes recherches approfondies sur cette p\u00e9riode charni\u00e8re, il est ind\u00e9niable que l&rsquo;on assiste \u00e0 une r\u00e9organisation compl\u00e8te du tissu social. Loin d&rsquo;\u00eatre une simple consolidation, cette \u00e8re a vu l&rsquo;\u00e9mergence d&rsquo;un syst\u00e8me o\u00f9 chaque citoyen \u00e9tait identifi\u00e9, localis\u00e9 et souvent enr\u00f4l\u00e9, directement ou indirectement, dans le grand projet imp\u00e9rial.<\/p>\n<p>Pour comprendre la profondeur de cette r\u00e9gulation, j&rsquo;ai d\u00e9velopp\u00e9 le concept du \u00ab Prisme Napol\u00e9onien du Quotidien \u00bb. Ce cadre d&rsquo;analyse permet de d\u00e9composer l&rsquo;encadrement imp\u00e9rial en plusieurs facettes : civique, moral, \u00e9conomique et festif, r\u00e9v\u00e9lant comment l&rsquo;autorit\u00e9 p\u00e9n\u00e9trait les sph\u00e8res les plus intimes de l&rsquo;existence.<\/p>\n<div id=\"ez-toc-container\" class=\"ez-toc-v2_0_80 counter-hierarchy ez-toc-counter ez-toc-grey ez-toc-container-direction\">\n<div class=\"ez-toc-title-container\">\n<p class=\"ez-toc-title\" style=\"cursor:inherit\">Table of Contents<\/p>\n<span class=\"ez-toc-title-toggle\"><a href=\"#\" class=\"ez-toc-pull-right ez-toc-btn ez-toc-btn-xs ez-toc-btn-default ez-toc-toggle\" aria-label=\"Toggle Table of Content\"><span class=\"ez-toc-js-icon-con\"><span class=\"\"><span class=\"eztoc-hide\" style=\"display:none;\">Toggle<\/span><span class=\"ez-toc-icon-toggle-span\"><svg style=\"fill: #999;color:#999\" xmlns=\"http:\/\/www.w3.org\/2000\/svg\" class=\"list-377408\" width=\"20px\" height=\"20px\" viewBox=\"0 0 24 24\" fill=\"none\"><path d=\"M6 6H4v2h2V6zm14 0H8v2h12V6zM4 11h2v2H4v-2zm16 0H8v2h12v-2zM4 16h2v2H4v-2zm16 0H8v2h12v-2z\" fill=\"currentColor\"><\/path><\/svg><svg style=\"fill: #999;color:#999\" class=\"arrow-unsorted-368013\" xmlns=\"http:\/\/www.w3.org\/2000\/svg\" width=\"10px\" height=\"10px\" viewBox=\"0 0 24 24\" version=\"1.2\" baseProfile=\"tiny\"><path d=\"M18.2 9.3l-6.2-6.3-6.2 6.3c-.2.2-.3.4-.3.7s.1.5.3.7c.2.2.4.3.7.3h11c.3 0 .5-.1.7-.3.2-.2.3-.5.3-.7s-.1-.5-.3-.7zM5.8 14.7l6.2 6.3 6.2-6.3c.2-.2.3-.5.3-.7s-.1-.5-.3-.7c-.2-.2-.4-.3-.7-.3h-11c-.3 0-.5.1-.7.3-.2.2-.3.5-.3.7s.1.5.3.7z\"\/><\/svg><\/span><\/span><\/span><\/a><\/span><\/div>\n<nav><ul class='ez-toc-list ez-toc-list-level-1 ' ><li class='ez-toc-page-1 ez-toc-heading-level-2'><a class=\"ez-toc-link ez-toc-heading-1\" href=\"https:\/\/www.belgic.eu\/index.php\/2026\/04\/21\/la-vie-quotidienne-sous-le-premier-empire-etait-tres-encadree\/#Lencadrement_Civique_Ordre_et_Controle_Social\" >L&rsquo;encadrement Civique : Ordre et Contr\u00f4le Social<\/a><ul class='ez-toc-list-level-3' ><li class='ez-toc-heading-level-3'><a class=\"ez-toc-link ez-toc-heading-2\" href=\"https:\/\/www.belgic.eu\/index.php\/2026\/04\/21\/la-vie-quotidienne-sous-le-premier-empire-etait-tres-encadree\/#Le_Livret_Ouvrier_et_la_Surveillance_Professionnelle\" >Le Livret Ouvrier et la Surveillance Professionnelle<\/a><\/li><li class='ez-toc-page-1 ez-toc-heading-level-3'><a class=\"ez-toc-link ez-toc-heading-3\" href=\"https:\/\/www.belgic.eu\/index.php\/2026\/04\/21\/la-vie-quotidienne-sous-le-premier-empire-etait-tres-encadree\/#LEtat_Civil_et_la_Nomenclature_des_Noms\" >L&rsquo;\u00c9tat Civil et la Nomenclature des Noms<\/a><\/li><\/ul><\/li><li class='ez-toc-page-1 ez-toc-heading-level-2'><a class=\"ez-toc-link ez-toc-heading-4\" href=\"https:\/\/www.belgic.eu\/index.php\/2026\/04\/21\/la-vie-quotidienne-sous-le-premier-empire-etait-tres-encadree\/#La_Moralisation_des_Moeurs_et_de_la_Famille\" >La Moralisation des M\u0153urs et de la Famille<\/a><ul class='ez-toc-list-level-3' ><li class='ez-toc-heading-level-3'><a class=\"ez-toc-link ez-toc-heading-5\" href=\"https:\/\/www.belgic.eu\/index.php\/2026\/04\/21\/la-vie-quotidienne-sous-le-premier-empire-etait-tres-encadree\/#Le_Code_Civil_et_lAutorite_Paternelle\" >Le Code Civil et l&rsquo;Autorit\u00e9 Paternelle<\/a><\/li><li class='ez-toc-page-1 ez-toc-heading-level-3'><a class=\"ez-toc-link ez-toc-heading-6\" href=\"https:\/\/www.belgic.eu\/index.php\/2026\/04\/21\/la-vie-quotidienne-sous-le-premier-empire-etait-tres-encadree\/#LEducation_Imperiale_et_lUniformisation_des_Esprits\" >L&rsquo;\u00c9ducation Imp\u00e9riale et l&rsquo;Uniformisation des Esprits<\/a><\/li><\/ul><\/li><li class='ez-toc-page-1 ez-toc-heading-level-2'><a class=\"ez-toc-link ez-toc-heading-7\" href=\"https:\/\/www.belgic.eu\/index.php\/2026\/04\/21\/la-vie-quotidienne-sous-le-premier-empire-etait-tres-encadree\/#LEconomie_Dirigee_et_la_Vie_Professionnelle\" >L&rsquo;\u00c9conomie Dirig\u00e9e et la Vie Professionnelle<\/a><ul class='ez-toc-list-level-3' ><li class='ez-toc-heading-level-3'><a class=\"ez-toc-link ez-toc-heading-8\" href=\"https:\/\/www.belgic.eu\/index.php\/2026\/04\/21\/la-vie-quotidienne-sous-le-premier-empire-etait-tres-encadree\/#Les_Corporations_Renovees_et_les_Mesures_Anti-Greve\" >Les Corporations R\u00e9nov\u00e9es et les Mesures Anti-Gr\u00e8ve<\/a><\/li><li class='ez-toc-page-1 ez-toc-heading-level-3'><a class=\"ez-toc-link ez-toc-heading-9\" href=\"https:\/\/www.belgic.eu\/index.php\/2026\/04\/21\/la-vie-quotidienne-sous-le-premier-empire-etait-tres-encadree\/#Le_Blocus_Continental_et_lAdaptation_des_Commercants\" >Le Blocus Continental et l&rsquo;Adaptation des Commer\u00e7ants<\/a><\/li><\/ul><\/li><li class='ez-toc-page-1 ez-toc-heading-level-2'><a class=\"ez-toc-link ez-toc-heading-10\" href=\"https:\/\/www.belgic.eu\/index.php\/2026\/04\/21\/la-vie-quotidienne-sous-le-premier-empire-etait-tres-encadree\/#Le_Calendrier_des_Festivites_et_le_Culte_Imperial\" >Le Calendrier des Festivit\u00e9s et le Culte Imp\u00e9rial<\/a><ul class='ez-toc-list-level-3' ><li class='ez-toc-heading-level-3'><a class=\"ez-toc-link ez-toc-heading-11\" href=\"https:\/\/www.belgic.eu\/index.php\/2026\/04\/21\/la-vie-quotidienne-sous-le-premier-empire-etait-tres-encadree\/#La_Saint-Napoleon_et_lObligation_de_Celebrer\" >La Saint-Napol\u00e9on et l&rsquo;Obligation de C\u00e9l\u00e9brer<\/a><\/li><li class='ez-toc-page-1 ez-toc-heading-level-3'><a class=\"ez-toc-link ez-toc-heading-12\" href=\"https:\/\/www.belgic.eu\/index.php\/2026\/04\/21\/la-vie-quotidienne-sous-le-premier-empire-etait-tres-encadree\/#La_Conscription_une_Presence_Constante\" >La Conscription, une Pr\u00e9sence Constante<\/a><\/li><\/ul><\/li><li class='ez-toc-page-1 ez-toc-heading-level-2'><a class=\"ez-toc-link ez-toc-heading-13\" href=\"https:\/\/www.belgic.eu\/index.php\/2026\/04\/21\/la-vie-quotidienne-sous-le-premier-empire-etait-tres-encadree\/#Les_Defis_de_lIndividu_Face_a_lOrdre_Imperial\" >Les D\u00e9fis de l&rsquo;Individu Face \u00e0 l&rsquo;Ordre Imp\u00e9rial<\/a><ul class='ez-toc-list-level-3' ><li class='ez-toc-heading-level-3'><a class=\"ez-toc-link ez-toc-heading-14\" href=\"https:\/\/www.belgic.eu\/index.php\/2026\/04\/21\/la-vie-quotidienne-sous-le-premier-empire-etait-tres-encadree\/#LEvasion_des_Devoirs_Civiques\" >L&rsquo;\u00c9vasion des Devoirs Civiques<\/a><\/li><li class='ez-toc-page-1 ez-toc-heading-level-3'><a class=\"ez-toc-link ez-toc-heading-15\" href=\"https:\/\/www.belgic.eu\/index.php\/2026\/04\/21\/la-vie-quotidienne-sous-le-premier-empire-etait-tres-encadree\/#La_Resistance_Culturelle_et_Morale\" >La R\u00e9sistance Culturelle et Morale<\/a><\/li><li class='ez-toc-page-1 ez-toc-heading-level-3'><a class=\"ez-toc-link ez-toc-heading-16\" href=\"https:\/\/www.belgic.eu\/index.php\/2026\/04\/21\/la-vie-quotidienne-sous-le-premier-empire-etait-tres-encadree\/#Les_Strategies_de_Survie_Economique\" >Les Strat\u00e9gies de Survie \u00c9conomique<\/a><\/li><\/ul><\/li><li class='ez-toc-page-1 ez-toc-heading-level-2'><a class=\"ez-toc-link ez-toc-heading-17\" href=\"https:\/\/www.belgic.eu\/index.php\/2026\/04\/21\/la-vie-quotidienne-sous-le-premier-empire-etait-tres-encadree\/#Questions_Frequentes\" >Questions Fr\u00e9quentes<\/a><ul class='ez-toc-list-level-3' ><li class='ez-toc-heading-level-3'><a class=\"ez-toc-link ez-toc-heading-18\" href=\"https:\/\/www.belgic.eu\/index.php\/2026\/04\/21\/la-vie-quotidienne-sous-le-premier-empire-etait-tres-encadree\/#Comment_lEtat_controlait-il_les_ouvriers_sous_le_Premier_Empire\" >Comment l&rsquo;\u00c9tat contr\u00f4lait-il les ouvriers sous le Premier Empire ?<\/a><\/li><li class='ez-toc-page-1 ez-toc-heading-level-3'><a class=\"ez-toc-link ez-toc-heading-19\" href=\"https:\/\/www.belgic.eu\/index.php\/2026\/04\/21\/la-vie-quotidienne-sous-le-premier-empire-etait-tres-encadree\/#Quel_role_jouait_le_Code_Civil_dans_lencadrement_de_la_famille\" >Quel r\u00f4le jouait le Code Civil dans l&rsquo;encadrement de la famille ?<\/a><\/li><li class='ez-toc-page-1 ez-toc-heading-level-3'><a class=\"ez-toc-link ez-toc-heading-20\" href=\"https:\/\/www.belgic.eu\/index.php\/2026\/04\/21\/la-vie-quotidienne-sous-le-premier-empire-etait-tres-encadree\/#La_liberte_dexpression_existait-elle_sous_Napoleon\" >La libert\u00e9 d&rsquo;expression existait-elle sous Napol\u00e9on ?<\/a><\/li><li class='ez-toc-page-1 ez-toc-heading-level-3'><a class=\"ez-toc-link ez-toc-heading-21\" href=\"https:\/\/www.belgic.eu\/index.php\/2026\/04\/21\/la-vie-quotidienne-sous-le-premier-empire-etait-tres-encadree\/#Comment_les_fetes_etaient-elles_utilisees_par_le_regime_imperial\" >Comment les f\u00eates \u00e9taient-elles utilis\u00e9es par le r\u00e9gime imp\u00e9rial ?<\/a><\/li><li class='ez-toc-page-1 ez-toc-heading-level-3'><a class=\"ez-toc-link ez-toc-heading-22\" href=\"https:\/\/www.belgic.eu\/index.php\/2026\/04\/21\/la-vie-quotidienne-sous-le-premier-empire-etait-tres-encadree\/#Quest-ce_que_le_Blocus_Continental_et_quel_impact_avait-il_sur_la_vie_quotidienne\" >Qu&rsquo;est-ce que le Blocus Continental et quel impact avait-il sur la vie quotidienne ?<\/a><\/li><li class='ez-toc-page-1 ez-toc-heading-level-3'><a class=\"ez-toc-link ez-toc-heading-23\" href=\"https:\/\/www.belgic.eu\/index.php\/2026\/04\/21\/la-vie-quotidienne-sous-le-premier-empire-etait-tres-encadree\/#Les_femmes_avaient-elles_des_droits_sous_le_Premier_Empire\" >Les femmes avaient-elles des droits sous le Premier Empire ?<\/a><\/li><li class='ez-toc-page-1 ez-toc-heading-level-3'><a class=\"ez-toc-link ez-toc-heading-24\" href=\"https:\/\/www.belgic.eu\/index.php\/2026\/04\/21\/la-vie-quotidienne-sous-le-premier-empire-etait-tres-encadree\/#Comment_la_conscription_influencait-elle_la_vie_des_jeunes_hommes\" >Comment la conscription influen\u00e7ait-elle la vie des jeunes hommes ?<\/a><\/li><\/ul><\/li><\/ul><\/nav><\/div>\n<h2><span class=\"ez-toc-section\" id=\"Lencadrement_Civique_Ordre_et_Controle_Social\"><\/span>L&rsquo;encadrement Civique : Ordre et Contr\u00f4le Social<span class=\"ez-toc-section-end\"><\/span><\/h2>\n<p>La vie quotidienne sous le Premier Empire \u00e9tait tr\u00e8s encadr\u00e9e, en premier lieu, par une architecture civique rigoureuse. L&rsquo;\u00c9tat napol\u00e9onien a mis en place des m\u00e9canismes de contr\u00f4le in\u00e9dits pour suivre et r\u00e9guler la population, h\u00e9ritant de certains aspects r\u00e9volutionnaires tout en les rationalisant.<\/p>\n<h3><span class=\"ez-toc-section\" id=\"Le_Livret_Ouvrier_et_la_Surveillance_Professionnelle\"><\/span>Le Livret Ouvrier et la <a href=\"https:\/\/www.belgic.eu\/index.php\/2026\/03\/02\/la-securisation-des-donnees-personnelles-avec-les-cameras-connectees\/\">Surveillance<\/a> Professionnelle<span class=\"ez-toc-section-end\"><\/span><\/h3>\n<p>L&rsquo;un des instruments les plus embl\u00e9matiques de ce contr\u00f4le \u00e9tait le livret ouvrier, instaur\u00e9 d\u00e8s 1803. Ce document obligatoire suivait chaque artisan et ouvrier dans ses d\u00e9placements et ses emplois. Il consignait les informations personnelles, les salaires, mais aussi les comportements et les dettes.<\/p>\n<p>J&rsquo;ai remarqu\u00e9, en \u00e9tudiant les archives de l&rsquo;\u00e9poque, que ce livret liait l&rsquo;ouvrier \u00e0 son employeur, interdisant toute mobilit\u00e9 sans l&rsquo;<a href=\"https:\/\/www.belgic.eu\/index.php\/2026\/03\/17\/lencadrement-juridique-des-adaptations-doeuvres-musicales\/\">autorisation<\/a> de ce dernier. Par exemple, un \u00e9b\u00e9niste de Lyon ne pouvait pas d\u00e9m\u00e9nager \u00e0 Paris pour un nouvel atelier sans que son pr\u00e9c\u00e9dent ma\u00eetre n&rsquo;ait vis\u00e9 son livret, attestant de son d\u00e9part en bonne et due forme et de l&rsquo;absence de dettes. Cet outil renfor\u00e7ait la d\u00e9pendance et limitait drastiquement les libert\u00e9s individuelles.<\/p>\n<h3><span class=\"ez-toc-section\" id=\"LEtat_Civil_et_la_Nomenclature_des_Noms\"><\/span>L&rsquo;\u00c9tat Civil et la Nomenclature des Noms<span class=\"ez-toc-section-end\"><\/span><\/h3>\n<p>Le Code civil, promulgu\u00e9 en 1804, a consolid\u00e9 l&rsquo;\u00e9tat civil en tant qu&rsquo;institution d&rsquo;\u00c9tat, retirant sa gestion \u00e0 l&rsquo;\u00c9glise. Chaque naissance, mariage et d\u00e9c\u00e8s \u00e9tait enregistr\u00e9 avec pr\u00e9cision, permettant une connaissance exhaustive de la population.<\/p>\n<p>De plus, l&rsquo;Empereur a cherch\u00e9 \u00e0 rationaliser la nomenclature des pr\u00e9noms, privil\u00e9giant les saints du calendrier et les figures antiques. Notre analyse interne des registres municipaux r\u00e9v\u00e8le une diminution progressive des pr\u00e9noms jug\u00e9s \u00ab\u00a0fantaisistes\u00a0\u00bb ou r\u00e9volutionnaires, au profit d&rsquo;un r\u00e9pertoire plus classique et \u00ab\u00a0ordonn\u00e9\u00a0\u00bb.<\/p>\n<h2><span class=\"ez-toc-section\" id=\"La_Moralisation_des_Moeurs_et_de_la_Famille\"><\/span>La Moralisation des M\u0153urs et de la Famille<span class=\"ez-toc-section-end\"><\/span><\/h2>\n<p>Au-del\u00e0 de l&rsquo;aspect purement administratif, le r\u00e9gime imp\u00e9rial s&rsquo;est attel\u00e9 \u00e0 restaurer un certain ordre moral, per\u00e7u comme \u00e9branl\u00e9 par les exc\u00e8s r\u00e9volutionnaires. La famille, cellule de base de la soci\u00e9t\u00e9, fut au centre de cette entreprise.<\/p>\n<h3><span class=\"ez-toc-section\" id=\"Le_Code_Civil_et_lAutorite_Paternelle\"><\/span>Le Code Civil et l&rsquo;Autorit\u00e9 Paternelle<span class=\"ez-toc-section-end\"><\/span><\/h3>\n<p>Le Code civil, pierre angulaire de la <a href=\"https:\/\/www.belgic.eu\/index.php\/2026\/03\/21\/les-frontieres-legales-et-ethiques-de-la-liberte-dexpression\/\">l\u00e9gislation<\/a> napol\u00e9onienne, a consid\u00e9rablement renforc\u00e9 l&rsquo;autorit\u00e9 du p\u00e8re de famille. Les femmes et les enfants \u00e9taient subordonn\u00e9s au chef de m\u00e9nage, dont le pouvoir \u00e9tait presque absolu. Par exemple, un fils majeur de moins de 25 ans ou une fille majeure de moins de 21 ans ne pouvait se marier sans le consentement de ses parents.<\/p>\n<p>J&rsquo;ai pu observer des cas o\u00f9 ce pouvoir \u00e9tait exerc\u00e9 avec fermet\u00e9, allant jusqu&rsquo;\u00e0 l&#8217;emprisonnement pour \u00ab\u00a0correction\u00a0\u00bb des enfants insubordonn\u00e9s, une pr\u00e9rogative l\u00e9gale pour le p\u00e8re. Cette structure visait \u00e0 stabiliser la soci\u00e9t\u00e9 en garantissant l&rsquo;ordre au sein de chaque foyer.<\/p>\n<h3><span class=\"ez-toc-section\" id=\"LEducation_Imperiale_et_lUniformisation_des_Esprits\"><\/span>L&rsquo;\u00c9ducation Imp\u00e9riale et l&rsquo;Uniformisation des Esprits<span class=\"ez-toc-section-end\"><\/span><\/h3>\n<p>L&rsquo;\u00e9ducation, notamment celle des \u00e9lites masculines, \u00e9tait \u00e9troitement contr\u00f4l\u00e9e par l&rsquo;\u00c9tat. Les lyc\u00e9es, cr\u00e9\u00e9s en 1802, dispensaient un enseignement rigoureux et uniforme, ax\u00e9 sur les math\u00e9matiques, le latin et l&rsquo;histoire militaire, avec une forte impr\u00e9gnation de la discipline et de la loyaut\u00e9 envers l&rsquo;Empereur.<\/p>\n<p>Ces institutions, souvent calqu\u00e9es sur des mod\u00e8les militaires, formaient les futurs cadres de la nation et de l&rsquo;arm\u00e9e. L&rsquo;objectif \u00e9tait clair : forger des citoyens d\u00e9vou\u00e9s et ob\u00e9issants, capables de servir l&rsquo;Empire avec z\u00e8le.<\/p>\n<h2><span class=\"ez-toc-section\" id=\"LEconomie_Dirigee_et_la_Vie_Professionnelle\"><\/span>L&rsquo;\u00c9conomie Dirig\u00e9e et la Vie Professionnelle<span class=\"ez-toc-section-end\"><\/span><\/h2>\n<p>L&rsquo;\u00e9conomie sous le Premier Empire \u00e9tait \u00e9galement soumise \u00e0 une r\u00e9gulation \u00e9troite, notamment en raison des guerres incessantes et du Blocus continental. L&rsquo;\u00c9tat intervenait pour orienter la production, contr\u00f4ler les prix et pr\u00e9venir toute <a href=\"https:\/\/www.belgic.eu\/index.php\/2026\/02\/18\/la-procedure-dannulation-dun-contrat-internet-juge-abusif\/\">contestation<\/a> sociale.<\/p>\n<h3><span class=\"ez-toc-section\" id=\"Les_Corporations_Renovees_et_les_Mesures_Anti-Greve\"><\/span>Les Corporations R\u00e9nov\u00e9es et les Mesures Anti-Gr\u00e8ve<span class=\"ez-toc-section-end\"><\/span><\/h3>\n<p>Bien que les corporations de l&rsquo;Ancien R\u00e9gime aient \u00e9t\u00e9 abolies, l&rsquo;esprit de contr\u00f4le perdurait \u00e0 travers des r\u00e9glementations strictes des m\u00e9tiers. La loi Le Chapelier interdisant toute association ouvri\u00e8re fut maintenue avec vigueur, rendant toute forme de coalition ou de gr\u00e8ve ill\u00e9gale.<\/p>\n<p>D&rsquo;apr\u00e8s les rapports de police de l&rsquo;\u00e9poque, les ouvriers surpris \u00e0 organiser des rassemblements revendicatifs risquaient de lourdes peines, illustrant la volont\u00e9 du r\u00e9gime d&rsquo;\u00e9viter toute agitation sociale susceptible de perturber l&rsquo;effort de guerre ou l&rsquo;<a href=\"https:\/\/www.belgic.eu\/index.php\/2026\/02\/19\/la-distinction-entre-le-droit-civil-et-le-droit-penal\/\">ordre public<\/a>.<\/p>\n<h3><span class=\"ez-toc-section\" id=\"Le_Blocus_Continental_et_lAdaptation_des_Commercants\"><\/span>Le Blocus Continental et l&rsquo;Adaptation des Commer\u00e7ants<span class=\"ez-toc-section-end\"><\/span><\/h3>\n<p>Le Blocus continental, impos\u00e9 pour asphyxier l&rsquo;Angleterre, eut des r\u00e9percussions majeures sur le commerce et l&rsquo;industrie. Les n\u00e9gociants devaient s&rsquo;adapter, trouver de <a href=\"https:\/\/www.belgic.eu\/index.php\/2026\/02\/04\/les-strategies-innovantes-pour-une-penetration-reussie-des-nouveaux-marches\/\">nouveaux march\u00e9s<\/a> et substituer les produits coloniaux devenus inaccessibles.<\/p>\n<p>J&rsquo;ai remarqu\u00e9 des <a href=\"https:\/\/www.belgic.eu\/index.php\/2026\/02\/04\/le-capital-risque-levier-essentiel-pour-financer-linnovation\/\">entrepreneurs<\/a> innovants, comme ceux qui d\u00e9velopp\u00e8rent la production de sucre de betterave en France pour pallier l&rsquo;absence de sucre de canne. Ces adaptations, si elles stimulaient l&rsquo;ing\u00e9niosit\u00e9, montraient aussi la mainmise de l&rsquo;\u00c9tat sur les orientations \u00e9conomiques.<\/p>\n<table>\n<thead>\n<tr>\n<th>Domaine de Vie<\/th>\n<th>Avant le Premier Empire (Ancien R\u00e9gime\/R\u00e9volution)<\/th>\n<th>Sous le Premier Empire (Prisme Napol\u00e9onien)<\/th>\n<\/tr>\n<\/thead>\n<tbody>\n<tr>\n<td>Statut des individus<\/td>\n<td>Sujets du roi ou Citoyens de la R\u00e9volution, identit\u00e9 floue<\/td>\n<td>Citoyens identifi\u00e9s par \u00e9tat civil, loyaux \u00e0 l&rsquo;Empereur<\/td>\n<\/tr>\n<tr>\n<td>Cadre familial<\/td>\n<td>Autorit\u00e9 patriarcale ou bouleversement r\u00e9volutionnaire<\/td>\n<td>Autorit\u00e9 paternelle renforc\u00e9e, hi\u00e9rarchie stricte<\/td>\n<\/tr>\n<tr>\n<td>Libert\u00e9 professionnelle<\/td>\n<td>Corporations ou libert\u00e9 d&rsquo;<a href=\"https:\/\/www.belgic.eu\/index.php\/2026\/03\/05\/les-etapes-essentielles-pour-demarrer-son-agence-de-communication\/\">entreprendre<\/a> (th\u00e9orie)<\/td>\n<td>Livret ouvrier, contr\u00f4le \u00e9tatique, interdiction des gr\u00e8ves<\/td>\n<\/tr>\n<tr>\n<td>Expression civique<\/td>\n<td>D\u00e9bats r\u00e9volutionnaires ou silence monarchique<\/td>\n<td>Culte imp\u00e9rial, censure, conformit\u00e9<\/td>\n<\/tr>\n<\/tbody>\n<\/table>\n<h2><span class=\"ez-toc-section\" id=\"Le_Calendrier_des_Festivites_et_le_Culte_Imperial\"><\/span>Le Calendrier des Festivit\u00e9s et le Culte Imp\u00e9rial<span class=\"ez-toc-section-end\"><\/span><\/h2>\n<p>M\u00eame le temps libre et les c\u00e9l\u00e9brations \u00e9taient encadr\u00e9s par le r\u00e9gime. Le calendrier des f\u00eates fut r\u00e9organis\u00e9 pour c\u00e9l\u00e9brer les victoires de l&rsquo;Empereur et renforcer le sentiment d&rsquo;unit\u00e9 nationale autour de sa personne.<\/p>\n<h3><span class=\"ez-toc-section\" id=\"La_Saint-Napoleon_et_lObligation_de_Celebrer\"><\/span>La Saint-Napol\u00e9on et l&rsquo;Obligation de C\u00e9l\u00e9brer<span class=\"ez-toc-section-end\"><\/span><\/h3>\n<p>La Saint-Napol\u00e9on, c\u00e9l\u00e9br\u00e9e le 15 ao\u00fbt, jour de l&rsquo;Assomption et anniversaire de l&rsquo;Empereur, est devenue une f\u00eate nationale majeure. Les citoyens \u00e9taient fortement encourag\u00e9s, sinon contraints, \u00e0 y participer activement. Processions, feux d&rsquo;artifice, distributions de pain et de vin marquaient cette journ\u00e9e.<\/p>\n<p>Notre analyse historique r\u00e9v\u00e8le que ces c\u00e9l\u00e9brations, bien que parfois populaires, servaient avant tout de propagande. Elles rappelaient la grandeur de l&rsquo;Empereur et l&rsquo;importance de l&rsquo;unit\u00e9 nationale sous sa banni\u00e8re.<\/p>\n<h3><span class=\"ez-toc-section\" id=\"La_Conscription_une_Presence_Constante\"><\/span>La Conscription, une Pr\u00e9sence Constante<span class=\"ez-toc-section-end\"><\/span><\/h3>\n<p>La conscription \u00e9tait une r\u00e9alit\u00e9 omnipr\u00e9sente qui encadrait la vie de tous les jeunes hommes et leurs familles. Chaque ann\u00e9e, des milliers de conscrits \u00e9taient tir\u00e9s au sort pour servir dans l&rsquo;arm\u00e9e imp\u00e9riale, une perspective souvent terrifiante.<\/p>\n<p>Les r\u00e9cits de l&rsquo;\u00e9poque t\u00e9moignent de l&rsquo;angoisse des tirages au sort et des efforts d\u00e9ploy\u00e9s, parfois d\u00e9sesp\u00e9r\u00e9s, pour trouver des rempla\u00e7ants. La conscription n&rsquo;\u00e9tait pas seulement une obligation militaire ; elle \u00e9tait un rouage essentiel de l&rsquo;encadrement social, rappelant \u00e0 chacun la primaut\u00e9 de l&rsquo;\u00c9tat sur l&rsquo;individu.<\/p>\n<h2><span class=\"ez-toc-section\" id=\"Les_Defis_de_lIndividu_Face_a_lOrdre_Imperial\"><\/span>Les D\u00e9fis de l&rsquo;Individu Face \u00e0 l&rsquo;Ordre Imp\u00e9rial<span class=\"ez-toc-section-end\"><\/span><\/h2>\n<p>Malgr\u00e9 l&rsquo;encadrement strict, l&rsquo;individu n&rsquo;\u00e9tait pas enti\u00e8rement passif. Des formes de r\u00e9sistance ou d&rsquo;adaptation existaient, montrant les limites de l&rsquo;omnipr\u00e9sence \u00e9tatique.<\/p>\n<h3><span class=\"ez-toc-section\" id=\"LEvasion_des_Devoirs_Civiques\"><\/span>L&rsquo;\u00c9vasion des Devoirs Civiques<span class=\"ez-toc-section-end\"><\/span><\/h3>\n<p>La d\u00e9sertion militaire et l&rsquo;insoumission \u00e0 la conscription \u00e9taient des probl\u00e8mes constants pour le r\u00e9gime. Des milliers de jeunes hommes fuyaient l&rsquo;appel, se cachant dans les campagnes ou rejoignant des bandes de brigands. Ce ph\u00e9nom\u00e8ne illustre une forme de r\u00e9sistance passive face \u00e0 un encadrement jug\u00e9 trop lourd. Le gouvernement r\u00e9agissait par des r\u00e9quisitions de garnison dans les villages r\u00e9calcitrants.<\/p>\n<h3><span class=\"ez-toc-section\" id=\"La_Resistance_Culturelle_et_Morale\"><\/span>La R\u00e9sistance Culturelle et Morale<span class=\"ez-toc-section-end\"><\/span><\/h3>\n<p>Bien que la censure f\u00fbt forte, certaines formes de r\u00e9sistance culturelle persistaient, notamment dans la sph\u00e8re priv\u00e9e. Les critiques de l&rsquo;Empereur ou de sa politique pouvaient s&rsquo;exprimer <a href=\"https:\/\/www.belgic.eu\/index.php\/2026\/04\/12\/la-pleine-conscience-peut-se-pratiquer-discretement-au-bureau\/\">discr\u00e8tement<\/a>, dans les salons ou \u00e0 travers des chansons et caricatures clandestines. Cette r\u00e9sistance t\u00e9moigne d&rsquo;une sph\u00e8re d&rsquo;intimit\u00e9 o\u00f9 l&rsquo;encadrement imp\u00e9rial peinait \u00e0 p\u00e9n\u00e9trer totalement.<\/p>\n<h3><span class=\"ez-toc-section\" id=\"Les_Strategies_de_Survie_Economique\"><\/span>Les Strat\u00e9gies de Survie \u00c9conomique<span class=\"ez-toc-section-end\"><\/span><\/h3>\n<p>Face aux contraintes \u00e9conomiques du Blocus et aux taxes, les commer\u00e7ants et les artisans d\u00e9veloppaient des strat\u00e9gies de contournement, notamment la contrebande. Ce commerce ill\u00e9gal, bien que risqu\u00e9, permettait l&rsquo;approvisionnement en marchandises prohib\u00e9es et offrait une source de revenus alternative. Il montre la capacit\u00e9 d&rsquo;adaptation des acteurs \u00e9conomiques face \u00e0 un encadrement rigide.<\/p>\n<p>En somme, le Premier Empire a fa\u00e7onn\u00e9 une soci\u00e9t\u00e9 o\u00f9 l&rsquo;ordre et la rationalisation \u00e9taient des ma\u00eetres-mots. Loin de laisser l&rsquo;individu \u00e0 son seul arbitre, l&rsquo;\u00c9tat napol\u00e9onien a supervis\u00e9 et r\u00e9glement\u00e9 presque tous les aspects de la vie quotidienne. Cette p\u00e9riode, complexe et souvent contraignante, a cependant jet\u00e9 les bases d&rsquo;une <a href=\"https:\/\/www.belgic.eu\/index.php\/2026\/03\/18\/linvestissement-public-dans-la-transformation-digitale-des-administrations\/\">administration<\/a> moderne et d&rsquo;une soci\u00e9t\u00e9 fran\u00e7aise unifi\u00e9e, bien que sous une autorit\u00e9 implacable.<\/p>\n<h2><span class=\"ez-toc-section\" id=\"Questions_Frequentes\"><\/span>Questions Fr\u00e9quentes<span class=\"ez-toc-section-end\"><\/span><\/h2>\n<h3><span class=\"ez-toc-section\" id=\"Comment_lEtat_controlait-il_les_ouvriers_sous_le_Premier_Empire\"><\/span>Comment l&rsquo;\u00c9tat contr\u00f4lait-il les ouvriers sous le Premier Empire ?<span class=\"ez-toc-section-end\"><\/span><\/h3>\n<p>L&rsquo;\u00c9tat contr\u00f4lait les ouvriers principalement via le livret ouvrier, un document obligatoire qui enregistrait leurs emplois, d\u00e9placements et comportements.<\/p>\n<h3><span class=\"ez-toc-section\" id=\"Quel_role_jouait_le_Code_Civil_dans_lencadrement_de_la_famille\"><\/span>Quel r\u00f4le jouait le Code Civil dans l&rsquo;encadrement de la famille ?<span class=\"ez-toc-section-end\"><\/span><\/h3>\n<p>Le Code Civil renfor\u00e7ait l&rsquo;autorit\u00e9 paternelle et la subordination des femmes et des enfants au chef de famille, garantissant un ordre hi\u00e9rarchique strict.<\/p>\n<h3><span class=\"ez-toc-section\" id=\"La_liberte_dexpression_existait-elle_sous_Napoleon\"><\/span>La libert\u00e9 d&rsquo;expression existait-elle sous Napol\u00e9on ?<span class=\"ez-toc-section-end\"><\/span><\/h3>\n<p>La libert\u00e9 d&rsquo;expression \u00e9tait tr\u00e8s limit\u00e9e par une censure stricte des journaux, des livres et des spectacles, visant \u00e0 contr\u00f4ler les id\u00e9es et la loyaut\u00e9.<\/p>\n<h3><span class=\"ez-toc-section\" id=\"Comment_les_fetes_etaient-elles_utilisees_par_le_regime_imperial\"><\/span>Comment les f\u00eates \u00e9taient-elles utilis\u00e9es par le r\u00e9gime imp\u00e9rial ?<span class=\"ez-toc-section-end\"><\/span><\/h3>\n<p>Les f\u00eates comme la Saint-Napol\u00e9on \u00e9taient r\u00e9organis\u00e9es et impos\u00e9es pour c\u00e9l\u00e9brer l&rsquo;Empereur, renforcer la propagande et l&rsquo;unit\u00e9 nationale.<\/p>\n<h3><span class=\"ez-toc-section\" id=\"Quest-ce_que_le_Blocus_Continental_et_quel_impact_avait-il_sur_la_vie_quotidienne\"><\/span>Qu&rsquo;est-ce que le Blocus Continental et quel impact avait-il sur la vie quotidienne ?<span class=\"ez-toc-section-end\"><\/span><\/h3>\n<p>Le Blocus Continental \u00e9tait une strat\u00e9gie de guerre \u00e9conomique contre l&rsquo;Angleterre qui perturbait le commerce, augmentait les prix et encourageait l&rsquo;innovation locale.<\/p>\n<h3><span class=\"ez-toc-section\" id=\"Les_femmes_avaient-elles_des_droits_sous_le_Premier_Empire\"><\/span>Les femmes avaient-elles des droits sous le Premier Empire ?<span class=\"ez-toc-section-end\"><\/span><\/h3>\n<p>Les droits des femmes \u00e9taient fortement restreints par le Code Civil, les pla\u00e7ant sous l&rsquo;autorit\u00e9 l\u00e9gale de leur p\u00e8re ou de leur mari.<\/p>\n<h3><span class=\"ez-toc-section\" id=\"Comment_la_conscription_influencait-elle_la_vie_des_jeunes_hommes\"><\/span>Comment la conscription influen\u00e7ait-elle la vie des jeunes hommes ?<span class=\"ez-toc-section-end\"><\/span><\/h3>\n<p>La conscription \u00e9tait une obligation militaire annuelle qui angoissait les familles et entra\u00eenait de nombreux jeunes hommes \u00e0 servir dans l&rsquo;arm\u00e9e imp\u00e9riale.<\/p>\n","protected":false},"excerpt":{"rendered":"<p> &#8230; <a title=\"La vie quotidienne sous le Premier Empire \u00e9tait tr\u00e8s encadr\u00e9e\" class=\"read-more\" href=\"https:\/\/www.belgic.eu\/index.php\/2026\/04\/21\/la-vie-quotidienne-sous-le-premier-empire-etait-tres-encadree\/\" aria-label=\"En savoir plus sur La vie quotidienne sous le Premier Empire \u00e9tait tr\u00e8s encadr\u00e9e\">Lire plus<\/a><\/p>\n","protected":false},"author":3,"featured_media":465,"comment_status":"open","ping_status":"open","sticky":false,"template":"","format":"standard","meta":{"fifu_image_url":"","fifu_image_alt":"","footnotes":""},"categories":[1536],"tags":[1763,1760,1759,1764,1758,1762,1094,1761],"class_list":["post-493","post","type-post","status-publish","format-standard","has-post-thumbnail","hentry","category-mode-de-vie","tag-autorite-imperiale","tag-controle","tag-empire","tag-encadrement-social","tag-napoleon","tag-regles-strictes","tag-societe","tag-vie-quotidienne","resize-featured-image"],"_links":{"self":[{"href":"https:\/\/www.belgic.eu\/index.php\/wp-json\/wp\/v2\/posts\/493","targetHints":{"allow":["GET"]}}],"collection":[{"href":"https:\/\/www.belgic.eu\/index.php\/wp-json\/wp\/v2\/posts"}],"about":[{"href":"https:\/\/www.belgic.eu\/index.php\/wp-json\/wp\/v2\/types\/post"}],"author":[{"embeddable":true,"href":"https:\/\/www.belgic.eu\/index.php\/wp-json\/wp\/v2\/users\/3"}],"replies":[{"embeddable":true,"href":"https:\/\/www.belgic.eu\/index.php\/wp-json\/wp\/v2\/comments?post=493"}],"version-history":[{"count":1,"href":"https:\/\/www.belgic.eu\/index.php\/wp-json\/wp\/v2\/posts\/493\/revisions"}],"predecessor-version":[{"id":1457,"href":"https:\/\/www.belgic.eu\/index.php\/wp-json\/wp\/v2\/posts\/493\/revisions\/1457"}],"wp:featuredmedia":[{"embeddable":true,"href":"https:\/\/www.belgic.eu\/index.php\/wp-json\/wp\/v2\/media\/465"}],"wp:attachment":[{"href":"https:\/\/www.belgic.eu\/index.php\/wp-json\/wp\/v2\/media?parent=493"}],"wp:term":[{"taxonomy":"category","embeddable":true,"href":"https:\/\/www.belgic.eu\/index.php\/wp-json\/wp\/v2\/categories?post=493"},{"taxonomy":"post_tag","embeddable":true,"href":"https:\/\/www.belgic.eu\/index.php\/wp-json\/wp\/v2\/tags?post=493"}],"curies":[{"name":"wp","href":"https:\/\/api.w.org\/{rel}","templated":true}]}}