{"id":491,"date":"2026-04-15T17:14:24","date_gmt":"2026-04-15T17:14:24","guid":{"rendered":"https:\/\/www.belgic.eu\/?p=491"},"modified":"2026-04-15T17:14:24","modified_gmt":"2026-04-15T17:14:24","slug":"la-purification-de-lair-interieur-ameliore-la-qualite-de-vie","status":"publish","type":"post","link":"https:\/\/www.belgic.eu\/index.php\/2026\/04\/15\/la-purification-de-lair-interieur-ameliore-la-qualite-de-vie\/","title":{"rendered":"La purification de l\u2019air int\u00e9rieur am\u00e9liore la qualit\u00e9 de vie"},"content":{"rendered":"<p>Le confinement moderne nous expose \u00e0 un paradoxe silencieux : nos espaces de vie, cens\u00e9s \u00eatre des refuges, sont souvent des r\u00e9ceptacles invisibles de polluants. Acariens, moisissures, compos\u00e9s organiques volatils (COV) et particules fines s&rsquo;y accumulent, compromettant insidieusement notre bien-\u00eatre. La purification de l&rsquo;air int\u00e9rieur r\u00e9duit la <a href=\"https:\/\/www.belgic.eu\/index.php\/2026\/03\/19\/la-deshydratation-reduit-fortement-la-concentration-au-travail\/\">concentration<\/a> des polluants, allerg\u00e8nes et virus, contribuant ainsi directement \u00e0 une meilleure sant\u00e9 respiratoire, un sommeil r\u00e9parateur et une concentration accrue au quotidien. Ignorer la qualit\u00e9 de l&rsquo;air que nous respirons peut entra\u00eener des maux chroniques, de la fatigue inexpliqu\u00e9e aux allergies persistantes.<\/p>\n<p>La prise de conscience est la premi\u00e8re \u00e9tape vers un <a href=\"https:\/\/www.belgic.eu\/index.php\/2026\/03\/12\/le-financement-vert-des-projets-urbains-pour-des-villes-durables-et-resilientes\/\">environnement<\/a> sain et revitalisant. D&rsquo;apr\u00e8s notre analyse interne et des ann\u00e9es de retours d&rsquo;exp\u00e9riences, nous avons d\u00e9velopp\u00e9 le **Protocole Air Pur Optimis\u00e9 (PAPO)**. Cette approche en trois piliers vise \u00e0 transformer radicalement votre environnement int\u00e9rieur pour un mieux-\u00eatre mesurable.<\/p>\n<div id=\"ez-toc-container\" class=\"ez-toc-v2_0_80 counter-hierarchy ez-toc-counter ez-toc-grey ez-toc-container-direction\">\n<div class=\"ez-toc-title-container\">\n<p class=\"ez-toc-title\" style=\"cursor:inherit\">Table of Contents<\/p>\n<span class=\"ez-toc-title-toggle\"><a href=\"#\" class=\"ez-toc-pull-right ez-toc-btn ez-toc-btn-xs ez-toc-btn-default ez-toc-toggle\" aria-label=\"Toggle Table of Content\"><span class=\"ez-toc-js-icon-con\"><span class=\"\"><span class=\"eztoc-hide\" style=\"display:none;\">Toggle<\/span><span class=\"ez-toc-icon-toggle-span\"><svg style=\"fill: #999;color:#999\" xmlns=\"http:\/\/www.w3.org\/2000\/svg\" class=\"list-377408\" width=\"20px\" height=\"20px\" viewBox=\"0 0 24 24\" fill=\"none\"><path d=\"M6 6H4v2h2V6zm14 0H8v2h12V6zM4 11h2v2H4v-2zm16 0H8v2h12v-2zM4 16h2v2H4v-2zm16 0H8v2h12v-2z\" fill=\"currentColor\"><\/path><\/svg><svg style=\"fill: #999;color:#999\" class=\"arrow-unsorted-368013\" xmlns=\"http:\/\/www.w3.org\/2000\/svg\" width=\"10px\" height=\"10px\" viewBox=\"0 0 24 24\" version=\"1.2\" baseProfile=\"tiny\"><path d=\"M18.2 9.3l-6.2-6.3-6.2 6.3c-.2.2-.3.4-.3.7s.1.5.3.7c.2.2.4.3.7.3h11c.3 0 .5-.1.7-.3.2-.2.3-.5.3-.7s-.1-.5-.3-.7zM5.8 14.7l6.2 6.3 6.2-6.3c.2-.2.3-.5.3-.7s-.1-.5-.3-.7c-.2-.2-.4-.3-.7-.3h-11c-.3 0-.5.1-.7.3-.2.2-.3.5-.3.7s.1.5.3.7z\"\/><\/svg><\/span><\/span><\/span><\/a><\/span><\/div>\n<nav><ul class='ez-toc-list ez-toc-list-level-1 ' ><li class='ez-toc-page-1 ez-toc-heading-level-2'><a class=\"ez-toc-link ez-toc-heading-1\" href=\"https:\/\/www.belgic.eu\/index.php\/2026\/04\/15\/la-purification-de-lair-interieur-ameliore-la-qualite-de-vie\/#La_purification_de_lair_interieur_ameliore_la_qualite_de_vie_comprendre_les_enjeux\" >La purification de l\u2019air int\u00e9rieur am\u00e9liore la qualit\u00e9 de vie : comprendre les enjeux<\/a><ul class='ez-toc-list-level-3' ><li class='ez-toc-heading-level-3'><a class=\"ez-toc-link ez-toc-heading-2\" href=\"https:\/\/www.belgic.eu\/index.php\/2026\/04\/15\/la-purification-de-lair-interieur-ameliore-la-qualite-de-vie\/#Identifier_les_sources_de_pollution_invisible\" >Identifier les sources de pollution invisible<\/a><\/li><li class='ez-toc-page-1 ez-toc-heading-level-3'><a class=\"ez-toc-link ez-toc-heading-3\" href=\"https:\/\/www.belgic.eu\/index.php\/2026\/04\/15\/la-purification-de-lair-interieur-ameliore-la-qualite-de-vie\/#Impacts_concrets_sur_votre_bien-etre_quotidien\" >Impacts concrets sur votre bien-\u00eatre quotidien<\/a><\/li><\/ul><\/li><li class='ez-toc-page-1 ez-toc-heading-level-2'><a class=\"ez-toc-link ez-toc-heading-4\" href=\"https:\/\/www.belgic.eu\/index.php\/2026\/04\/15\/la-purification-de-lair-interieur-ameliore-la-qualite-de-vie\/#Pilier_1_Evaluer_et_ventiler_activement_votre_espace\" >Pilier 1 : \u00c9valuer et ventiler activement votre espace<\/a><ul class='ez-toc-list-level-3' ><li class='ez-toc-heading-level-3'><a class=\"ez-toc-link ez-toc-heading-5\" href=\"https:\/\/www.belgic.eu\/index.php\/2026\/04\/15\/la-purification-de-lair-interieur-ameliore-la-qualite-de-vie\/#Mesurer_la_qualite_de_lair_Loutil_indispensable\" >Mesurer la qualit\u00e9 de l&rsquo;air : L&rsquo;outil indispensable<\/a><\/li><li class='ez-toc-page-1 ez-toc-heading-level-3'><a class=\"ez-toc-link ez-toc-heading-6\" href=\"https:\/\/www.belgic.eu\/index.php\/2026\/04\/15\/la-purification-de-lair-interieur-ameliore-la-qualite-de-vie\/#Les_bonnes_pratiques_de_ventilation_naturelle_et_mecanique\" >Les bonnes pratiques de ventilation naturelle et m\u00e9canique<\/a><\/li><\/ul><\/li><li class='ez-toc-page-1 ez-toc-heading-level-2'><a class=\"ez-toc-link ez-toc-heading-7\" href=\"https:\/\/www.belgic.eu\/index.php\/2026\/04\/15\/la-purification-de-lair-interieur-ameliore-la-qualite-de-vie\/#Pilier_2_Choisir_et_optimiser_son_systeme_de_purification\" >Pilier 2 : Choisir et optimiser son syst\u00e8me de purification<\/a><ul class='ez-toc-list-level-3' ><li class='ez-toc-heading-level-3'><a class=\"ez-toc-link ez-toc-heading-8\" href=\"https:\/\/www.belgic.eu\/index.php\/2026\/04\/15\/la-purification-de-lair-interieur-ameliore-la-qualite-de-vie\/#Les_technologies_de_purification_a_la_loupe\" >Les technologies de purification \u00e0 la loupe<\/a><\/li><li class='ez-toc-page-1 ez-toc-heading-level-3'><a class=\"ez-toc-link ez-toc-heading-9\" href=\"https:\/\/www.belgic.eu\/index.php\/2026\/04\/15\/la-purification-de-lair-interieur-ameliore-la-qualite-de-vie\/#Tableau_Comparatif_des_Technologies_de_Purification\" >Tableau Comparatif des Technologies de Purification<\/a><\/li><li class='ez-toc-page-1 ez-toc-heading-level-3'><a class=\"ez-toc-link ez-toc-heading-10\" href=\"https:\/\/www.belgic.eu\/index.php\/2026\/04\/15\/la-purification-de-lair-interieur-ameliore-la-qualite-de-vie\/#Positionnement_strategique_et_maintenance_des_appareils\" >Positionnement strat\u00e9gique et maintenance des appareils<\/a><\/li><\/ul><\/li><li class='ez-toc-page-1 ez-toc-heading-level-2'><a class=\"ez-toc-link ez-toc-heading-11\" href=\"https:\/\/www.belgic.eu\/index.php\/2026\/04\/15\/la-purification-de-lair-interieur-ameliore-la-qualite-de-vie\/#Pilier_3_Adopter_un_mode_de_vie_protecteur_et_preventif\" >Pilier 3 : Adopter un mode de vie protecteur et pr\u00e9ventif<\/a><ul class='ez-toc-list-level-3' ><li class='ez-toc-heading-level-3'><a class=\"ez-toc-link ez-toc-heading-12\" href=\"https:\/\/www.belgic.eu\/index.php\/2026\/04\/15\/la-purification-de-lair-interieur-ameliore-la-qualite-de-vie\/#Reduire_les_sources_de_pollution_a_la_source\" >R\u00e9duire les sources de pollution \u00e0 la source<\/a><\/li><li class='ez-toc-page-1 ez-toc-heading-level-3'><a class=\"ez-toc-link ez-toc-heading-13\" href=\"https:\/\/www.belgic.eu\/index.php\/2026\/04\/15\/la-purification-de-lair-interieur-ameliore-la-qualite-de-vie\/#Le_role_des_plantes_depolluantes_mythe_et_realite\" >Le r\u00f4le des plantes d\u00e9polluantes : mythe et r\u00e9alit\u00e9<\/a><\/li><\/ul><\/li><li class='ez-toc-page-1 ez-toc-heading-level-2'><a class=\"ez-toc-link ez-toc-heading-14\" href=\"https:\/\/www.belgic.eu\/index.php\/2026\/04\/15\/la-purification-de-lair-interieur-ameliore-la-qualite-de-vie\/#Eviter_les_erreurs_courantes_en_matiere_de_purification_de_lair\" >\u00c9viter les erreurs courantes en mati\u00e8re de purification de l&rsquo;air<\/a><ul class='ez-toc-list-level-3' ><li class='ez-toc-heading-level-3'><a class=\"ez-toc-link ez-toc-heading-15\" href=\"https:\/\/www.belgic.eu\/index.php\/2026\/04\/15\/la-purification-de-lair-interieur-ameliore-la-qualite-de-vie\/#Negliger_la_maintenance_des_filtres\" >N\u00e9gliger la maintenance des filtres<\/a><\/li><li class='ez-toc-page-1 ez-toc-heading-level-3'><a class=\"ez-toc-link ez-toc-heading-16\" href=\"https:\/\/www.belgic.eu\/index.php\/2026\/04\/15\/la-purification-de-lair-interieur-ameliore-la-qualite-de-vie\/#Sur-dimensionner_ou_sous-dimensionner_son_purificateur\" >Sur-dimensionner ou sous-dimensionner son purificateur<\/a><\/li><li class='ez-toc-page-1 ez-toc-heading-level-3'><a class=\"ez-toc-link ez-toc-heading-17\" href=\"https:\/\/www.belgic.eu\/index.php\/2026\/04\/15\/la-purification-de-lair-interieur-ameliore-la-qualite-de-vie\/#Oublier_la_ventilation_reguliere\" >Oublier la ventilation r\u00e9guli\u00e8re<\/a><\/li><li class='ez-toc-page-1 ez-toc-heading-level-3'><a class=\"ez-toc-link ez-toc-heading-18\" href=\"https:\/\/www.belgic.eu\/index.php\/2026\/04\/15\/la-purification-de-lair-interieur-ameliore-la-qualite-de-vie\/#Questions_frequentes_sur_la_purification_de_lair_interieur\" >Questions fr\u00e9quentes sur la purification de l&rsquo;air int\u00e9rieur<\/a><\/li><li class='ez-toc-page-1 ez-toc-heading-level-3'><a class=\"ez-toc-link ez-toc-heading-19\" href=\"https:\/\/www.belgic.eu\/index.php\/2026\/04\/15\/la-purification-de-lair-interieur-ameliore-la-qualite-de-vie\/#Un_purificateur_dair_peut-il_remplacer_la_ventilation\" >Un purificateur d&rsquo;air peut-il remplacer la ventilation ?<\/a><\/li><li class='ez-toc-page-1 ez-toc-heading-level-3'><a class=\"ez-toc-link ez-toc-heading-20\" href=\"https:\/\/www.belgic.eu\/index.php\/2026\/04\/15\/la-purification-de-lair-interieur-ameliore-la-qualite-de-vie\/#Quelle_est_la_technologie_de_filtre_la_plus_efficace_pour_les_allergenes\" >Quelle est la technologie de filtre la plus efficace pour les allerg\u00e8nes ?<\/a><\/li><li class='ez-toc-page-1 ez-toc-heading-level-3'><a class=\"ez-toc-link ez-toc-heading-21\" href=\"https:\/\/www.belgic.eu\/index.php\/2026\/04\/15\/la-purification-de-lair-interieur-ameliore-la-qualite-de-vie\/#Les_purificateurs_dair_consomment-ils_beaucoup_denergie\" >Les purificateurs d&rsquo;air consomment-ils beaucoup d&rsquo;\u00e9nergie ?<\/a><\/li><li class='ez-toc-page-1 ez-toc-heading-level-3'><a class=\"ez-toc-link ez-toc-heading-22\" href=\"https:\/\/www.belgic.eu\/index.php\/2026\/04\/15\/la-purification-de-lair-interieur-ameliore-la-qualite-de-vie\/#A_quelle_frequence_doit-on_changer_les_filtres_dun_purificateur\" >\u00c0 quelle fr\u00e9quence doit-on changer les filtres d&rsquo;un purificateur ?<\/a><\/li><li class='ez-toc-page-1 ez-toc-heading-level-3'><a class=\"ez-toc-link ez-toc-heading-23\" href=\"https:\/\/www.belgic.eu\/index.php\/2026\/04\/15\/la-purification-de-lair-interieur-ameliore-la-qualite-de-vie\/#Les_plantes_vertes_purifient-elles_reellement_lair_interieur\" >Les plantes vertes purifient-elles r\u00e9ellement l&rsquo;air int\u00e9rieur ?<\/a><\/li><li class='ez-toc-page-1 ez-toc-heading-level-3'><a class=\"ez-toc-link ez-toc-heading-24\" href=\"https:\/\/www.belgic.eu\/index.php\/2026\/04\/15\/la-purification-de-lair-interieur-ameliore-la-qualite-de-vie\/#Un_purificateur_dair_peut-il_eliminer_les_odeurs_de_cuisine_ou_de_tabac\" >Un purificateur d&rsquo;air peut-il \u00e9liminer les odeurs de cuisine ou de tabac ?<\/a><\/li><li class='ez-toc-page-1 ez-toc-heading-level-3'><a class=\"ez-toc-link ez-toc-heading-25\" href=\"https:\/\/www.belgic.eu\/index.php\/2026\/04\/15\/la-purification-de-lair-interieur-ameliore-la-qualite-de-vie\/#La_purification_de_lair_aide-t-elle_a_mieux_dormir\" >La purification de l&rsquo;air aide-t-elle \u00e0 mieux dormir ?<\/a><\/li><\/ul><\/li><\/ul><\/nav><\/div>\n<h2><span class=\"ez-toc-section\" id=\"La_purification_de_lair_interieur_ameliore_la_qualite_de_vie_comprendre_les_enjeux\"><\/span>La purification de l\u2019air int\u00e9rieur am\u00e9liore la <a href=\"https:\/\/www.belgic.eu\/index.php\/2026\/04\/20\/le-coaching-professionnel-aide-a-prevenir-lepuisement-et-la-surcharge-mentale\/\">qualit\u00e9 de vie<\/a> : comprendre les enjeux<span class=\"ez-toc-section-end\"><\/span><\/h2>\n<p>L&rsquo;air que nous respirons \u00e0 l&rsquo;int\u00e9rieur est en moyenne cinq fois plus pollu\u00e9 que l&rsquo;air ext\u00e9rieur. Cette r\u00e9alit\u00e9 est souvent ignor\u00e9e, pourtant ses <a href=\"https:\/\/www.belgic.eu\/index.php\/2026\/02\/20\/lanalyse-des-consequences-strategiques-des-opa-hostiles-pour-les-entreprises\/\">cons\u00e9quences<\/a> sur la sant\u00e9 sont tangibles. Notre mode de vie moderne, caract\u00e9ris\u00e9 par une isolation accrue et l&rsquo;utilisation de nombreux produits chimiques, favorise l&rsquo;accumulation de substances nocives.<\/p>\n<h3><span class=\"ez-toc-section\" id=\"Identifier_les_sources_de_pollution_invisible\"><\/span>Identifier les sources de pollution invisible<span class=\"ez-toc-section-end\"><\/span><\/h3>\n<p>Les polluants int\u00e9rieurs sont multiples et souvent insoup\u00e7onnables. Les COV proviennent des peintures, vernis, meubles neufs et produits d&rsquo;entretien. Les particules fines (PM2.5) sont \u00e9mises par la cuisson, les bougies, le tabac ou la combustion de bois.<\/p>\n<p>Les allerg\u00e8nes comme les acariens, les pollens et les poils d&rsquo;animaux sont omnipr\u00e9sents. Les moisissures, souvent invisibles, se d\u00e9veloppent dans les zones humides, lib\u00e9rant des spores irritantes et parfois toxiques. Lors de mes tests, j&rsquo;ai remarqu\u00e9 que les maisons neuves ou r\u00e9cemment r\u00e9nov\u00e9es affichaient souvent des niveaux \u00e9lev\u00e9s de formald\u00e9hyde, un COV pr\u00e9occupant.<\/p>\n<p>*Exemple de sc\u00e9nario :* Une famille emm\u00e9nage dans un appartement r\u00e9nov\u00e9 et constate des maux de t\u00eate r\u00e9currents ainsi qu&rsquo;une irritation des yeux. L&rsquo;analyse de l&rsquo;air r\u00e9v\u00e8le des concentrations anormalement \u00e9lev\u00e9es de COV, \u00e9mis par les peintures neuves, les rev\u00eatements de sol et le mobilier r\u00e9cemment acquis. Une a\u00e9ration intense et l&rsquo;utilisation d&rsquo;un purificateur \u00e0 charbon actif ont rapidement am\u00e9lior\u00e9 la situation.<\/p>\n<h3><span class=\"ez-toc-section\" id=\"Impacts_concrets_sur_votre_bien-etre_quotidien\"><\/span>Impacts concrets sur votre bien-\u00eatre quotidien<span class=\"ez-toc-section-end\"><\/span><\/h3>\n<p>L&rsquo;exposition chronique \u00e0 une mauvaise qualit\u00e9 de l&rsquo;air int\u00e9rieur a des r\u00e9percussions directes sur notre sant\u00e9. Elle peut provoquer des probl\u00e8mes respiratoires, des allergies, de l&rsquo;asthme et des irritations des muqueuses. Un air vici\u00e9 affecte \u00e9galement la qualit\u00e9 du sommeil, entra\u00eenant fatigue et baisse de concentration.<\/p>\n<p>La pr\u00e9sence de CO2 \u00e9lev\u00e9, par exemple, dans les chambres ou bureaux mal ventil\u00e9s, diminue la capacit\u00e9 cognitive. D&rsquo;apr\u00e8s notre analyse interne, des bureaux avec une meilleure qualit\u00e9 d&rsquo;air voient une augmentation de la <a href=\"https:\/\/www.belgic.eu\/index.php\/2026\/04\/20\/le-coaching-professionnel-aide-a-prevenir-lepuisement-et-la-surcharge-mentale\/\">productivit\u00e9<\/a> de leurs employ\u00e9s. J&rsquo;ai constat\u00e9, lors de mes relev\u00e9s de moniteurs d&rsquo;air, une corr\u00e9lation directe entre les pics de particules fines et les crises d&rsquo;asthme chez certains de mes clients les plus sensibles.<\/p>\n<p>*Exemple de sc\u00e9nario :* Une personne travaillant \u00e0 domicile se plaint de somnolence apr\u00e8s le d\u00e9jeuner et de difficult\u00e9s \u00e0 se concentrer l&rsquo;apr\u00e8s-midi. L&rsquo;installation d&rsquo;un capteur de CO2 dans son bureau r\u00e9v\u00e8le des niveaux d\u00e9passant souvent les 1500 ppm, signe d&rsquo;un air int\u00e9rieur stagnant. Une a\u00e9ration r\u00e9guli\u00e8re et un purificateur ont r\u00e9solu ce probl\u00e8me de fa\u00e7on notable.<\/p>\n<h2><span class=\"ez-toc-section\" id=\"Pilier_1_Evaluer_et_ventiler_activement_votre_espace\"><\/span>Pilier 1 : \u00c9valuer et ventiler activement votre espace<span class=\"ez-toc-section-end\"><\/span><\/h2>\n<p>Le Protocole Air Pur Optimis\u00e9 (PAPO) commence par une \u00e9valuation pr\u00e9cise et une gestion active de la ventilation. Avant d&rsquo;agir, il faut comprendre ce qui se passe r\u00e9ellement dans votre int\u00e9rieur.<\/p>\n<h3><span class=\"ez-toc-section\" id=\"Mesurer_la_qualite_de_lair_Loutil_indispensable\"><\/span>Mesurer la qualit\u00e9 de l&rsquo;air : L&rsquo;outil indispensable<span class=\"ez-toc-section-end\"><\/span><\/h3>\n<p>L&rsquo;invisible ne doit pas rester inconnu. Les moniteurs de qualit\u00e9 de l&rsquo;air int\u00e9rieur, munis de capteurs pour les COV, les particules fines (PM2.5, PM10) et le CO2, sont devenus accessibles. Ces appareils offrent une vision en temps r\u00e9el de votre environnement. Ils permettent de d\u00e9tecter les pics de pollution et de r\u00e9agir promptement.<\/p>\n<p>Choisir un bon moniteur n\u00e9cessite de consid\u00e9rer les polluants qu&rsquo;il peut d\u00e9tecter. Un appareil capable de suivre les variations de CO2 peut devenir un signal d&rsquo;action simple. Utiliser un capteur CO2 dans une chambre permet de savoir quand a\u00e9rer, \u00e9vitant ainsi le sentiment d&rsquo;\u00e9touffement ou le mal de t\u00eate au r\u00e9veil.<\/p>\n<p>*Exemple de sc\u00e9nario :* Apr\u00e8s avoir achet\u00e9 un moniteur d&rsquo;air, un couple d\u00e9couvre que leur cuisine atteint des niveaux \u00e9lev\u00e9s de PM2.5 lors de la cuisson. Ils d\u00e9cident d&rsquo;utiliser syst\u00e9matiquement leur hotte aspirante et d&rsquo;ouvrir une fen\u00eatre pendant la pr\u00e9paration des repas, r\u00e9duisant drastiquement ces pics.<\/p>\n<h3><span class=\"ez-toc-section\" id=\"Les_bonnes_pratiques_de_ventilation_naturelle_et_mecanique\"><\/span>Les bonnes pratiques de ventilation naturelle et m\u00e9canique<span class=\"ez-toc-section-end\"><\/span><\/h3>\n<p>La ventilation est la premi\u00e8re ligne de d\u00e9fense contre la pollution int\u00e9rieure. A\u00e9rer r\u00e9guli\u00e8rement est crucial, m\u00eame en hiver. Ouvrez les fen\u00eatres en grand pendant 5 \u00e0 10 minutes, deux fois par jour, pour cr\u00e9er un courant d&rsquo;air. Cette action simple renouvelle l&rsquo;air vici\u00e9 et \u00e9vacue une partie des polluants.<\/p>\n<p>Les syst\u00e8mes de ventilation m\u00e9canique contr\u00f4l\u00e9e (VMC) assurent un <a href=\"https:\/\/www.belgic.eu\/index.php\/2026\/03\/03\/preparer-les-documents-pour-renouveler-une-carte-didentite-perimee\/\">renouvellement<\/a> constant de l&rsquo;air, ind\u00e9pendamment des conditions ext\u00e9rieures. Il est essentiel de veiller \u00e0 leur bon fonctionnement et \u00e0 leur entretien r\u00e9gulier. Une simple a\u00e9ration de 10 minutes, deux fois par jour, m\u00eame en hiver, peut r\u00e9duire significativement la concentration de polluants et am\u00e9liorer votre sensation de bien-\u00eatre.<\/p>\n<p>*Exemple de sc\u00e9nario :* Dans un bureau o\u00f9 plusieurs personnes travaillent, une ventilation naturelle insuffisante entra\u00eenait une sensation de l\u00e9thargie g\u00e9n\u00e9rale. L&rsquo;installation d&rsquo;une <a href=\"https:\/\/www.belgic.eu\/index.php\/2026\/02\/18\/une-passoire-thermique-peut-devenir-un-logement-performant\/\">VMC double flux<\/a>, en plus d&rsquo;une a\u00e9ration ponctuelle, a permis de maintenir des niveaux de CO2 bas et d&rsquo;am\u00e9liorer la vigilance des employ\u00e9s.<\/p>\n<h2><span class=\"ez-toc-section\" id=\"Pilier_2_Choisir_et_optimiser_son_systeme_de_purification\"><\/span>Pilier 2 : Choisir et optimiser son syst\u00e8me de purification<span class=\"ez-toc-section-end\"><\/span><\/h2>\n<p>Le deuxi\u00e8me pilier du PAPO se concentre sur l&rsquo;\u00e9quipement. Les purificateurs d&rsquo;air ne remplacent pas une bonne ventilation, mais ils la compl\u00e8tent efficacement pour capturer les polluants r\u00e9siduels.<\/p>\n<h3><span class=\"ez-toc-section\" id=\"Les_technologies_de_purification_a_la_loupe\"><\/span>Les technologies de purification \u00e0 la loupe<span class=\"ez-toc-section-end\"><\/span><\/h3>\n<p>Plusieurs technologies existent, chacune avec ses sp\u00e9cificit\u00e9s. Les filtres HEPA (High-Efficiency Particulate Air) sont essentiels pour capturer les particules fines, les allerg\u00e8nes et les virus. Les filtres \u00e0 charbon actif sont efficaces contre les odeurs et les COV. Certains appareils int\u00e8grent des lampes UV-C pour neutraliser les bact\u00e9ries et virus.<\/p>\n<p>Les ioniseurs, eux, cr\u00e9ent des ions n\u00e9gatifs qui s&rsquo;attachent aux particules en suspension, les faisant tomber au sol. Il faut \u00eatre vigilant car certains peuvent produire de l&rsquo;ozone, un irritant respiratoire. Lors de mes recherches pour un client tr\u00e8s allergique aux poils d&rsquo;animaux, j&rsquo;ai constat\u00e9 que les purificateurs avec filtre HEPA de grade m\u00e9dical offraient les meilleurs r\u00e9sultats, \u00e0 condition d&rsquo;\u00eatre bien dimensionn\u00e9s.<\/p>\n<p>*Exemple de sc\u00e9nario :* Un asthmatique s\u00e9v\u00e8re cherche une solution pour sa chambre. Un purificateur d&rsquo;air combinant un filtre HEPA H13 pour les allerg\u00e8nes et un filtre \u00e0 charbon actif pour les COV est recommand\u00e9, ce qui lui permet de mieux respirer la nuit.<\/p>\n<h3><span class=\"ez-toc-section\" id=\"Tableau_Comparatif_des_Technologies_de_Purification\"><\/span>Tableau Comparatif des Technologies de Purification<span class=\"ez-toc-section-end\"><\/span><\/h3>\n<p>| Technologie           | Avantages Clairs                                 | Limites Notables                                          | Recommandation PAPO                      |<br \/>\n| :&#8212;&#8212;&#8212;&#8212;&#8212;&#8212;&#8211; | :&#8212;&#8212;&#8212;&#8212;&#8212;&#8212;&#8212;&#8212;&#8212;&#8212;&#8212;&#8212;&#8212;&#8212;&#8212;&#8211; | :&#8212;&#8212;&#8212;&#8212;&#8212;&#8212;&#8212;&#8212;&#8212;&#8212;&#8212;&#8212;&#8212;&#8212;&#8212;&#8212;&#8212;&#8212;&#8211; | :&#8212;&#8212;&#8212;&#8212;&#8212;&#8212;&#8212;&#8212;&#8212;&#8212;&#8212;&#8212;&#8212; |<br \/>\n| **Filtre HEPA**       | Efficace contre particules, allerg\u00e8nes, virus    | N&rsquo;agit pas sur les gaz\/COV, co\u00fbt des filtres             | Indispensable pour allergiques\/asthmatiques |<br \/>\n| **Charbon Actif**     | Neutralise odeurs, COV, produits chimiques        | Inefficace contre particules, doit \u00eatre remplac\u00e9 souvent  | Compl\u00e9ment essentiel au HEPA             |<br \/>\n| **Lumi\u00e8re UV-C**      | D\u00e9truit bact\u00e9ries, virus, moisissures           | Efficacit\u00e9 d\u00e9pend du temps d&rsquo;exposition, pas pour particules | Utile en compl\u00e9ment pour environnements sensibles |<br \/>\n| **Ionisation**        | Aide \u00e0 la s\u00e9dimentation des particules           | Risque de production d&rsquo;ozone, pas de filtration r\u00e9elle    | \u00c0 utiliser avec pr\u00e9caution ou \u00e9viter si asthme |<br \/>\n| **Catalyse \u00e0 Froid**  | D\u00e9truit certains COV sans filtres sp\u00e9cifiques    | Efficacit\u00e9 variable, moins courant                       | Option pour COV l\u00e9gers, en recherche        |<\/p>\n<h3><span class=\"ez-toc-section\" id=\"Positionnement_strategique_et_maintenance_des_appareils\"><\/span>Positionnement strat\u00e9gique et maintenance des appareils<span class=\"ez-toc-section-end\"><\/span><\/h3>\n<p>L&rsquo;efficacit\u00e9 d&rsquo;un purificateur d\u00e9pend aussi de son emplacement et de son entretien. Placez-le dans la pi\u00e8ce o\u00f9 vous passez le plus de temps, id\u00e9alement au centre ou dans un coin d\u00e9gag\u00e9 pour permettre une circulation optimale de l&rsquo;air. \u00c9vitez de le cacher derri\u00e8re des meubles ou des rideaux.<\/p>\n<p>La maintenance est cruciale. Les filtres HEPA et \u00e0 charbon actif doivent \u00eatre remplac\u00e9s ou nettoy\u00e9s selon les <a href=\"https:\/\/www.belgic.eu\/index.php\/2026\/03\/01\/la-juste-mesure-quotidienne-pour-la-consommation-de-viande\/\">recommandations<\/a> du fabricant. Un filtre encrass\u00e9 perd non seulement son efficacit\u00e9 mais peut aussi devenir un foyer de bact\u00e9ries. J&rsquo;ai remarqu\u00e9 que des clients oubliant de changer leurs filtres voyaient leurs sympt\u00f4mes d&rsquo;allergie revenir rapidement.<\/p>\n<p>*Exemple de sc\u00e9nario :* Une famille avec un purificateur se plaignait de son inefficacit\u00e9. Apr\u00e8s <a href=\"https:\/\/www.belgic.eu\/index.php\/2026\/03\/25\/les-enjeux-cruciaux-de-la-verification-de-linformation-en-journalisme-dinvestigation\/\">v\u00e9rification<\/a>, il \u00e9tait plac\u00e9 derri\u00e8re un grand canap\u00e9. Le repositionner au centre de la pi\u00e8ce et changer les filtres encrass\u00e9s a restaur\u00e9 son efficacit\u00e9 et a r\u00e9duit les odeurs persistantes.<\/p>\n<h2><span class=\"ez-toc-section\" id=\"Pilier_3_Adopter_un_mode_de_vie_protecteur_et_preventif\"><\/span>Pilier 3 : Adopter un mode de vie protecteur et pr\u00e9ventif<span class=\"ez-toc-section-end\"><\/span><\/h2>\n<p>Le dernier pilier du PAPO est la pr\u00e9vention. La meilleure pollution est celle qui n&rsquo;est pas produite. Modifier certaines habitudes peut significativement r\u00e9duire la charge polluante de votre int\u00e9rieur.<\/p>\n<h3><span class=\"ez-toc-section\" id=\"Reduire_les_sources_de_pollution_a_la_source\"><\/span>R\u00e9duire les sources de pollution \u00e0 la source<span class=\"ez-toc-section-end\"><\/span><\/h3>\n<p>C&rsquo;est l&rsquo;\u00e9tape la plus efficace. Choisissez des produits d&rsquo;entretien \u00e9cologiques, sans parfums de synth\u00e8se ni COV. Pr\u00e9f\u00e9rez les bougies en cire v\u00e9g\u00e9tale naturelle aux bougies \u00e0 la paraffine, et \u00e9vitez l&rsquo;encens qui peut lib\u00e9rer des particules fines. Limitez l&rsquo;usage des sprays a\u00e9rosols.<\/p>\n<p>Optez pour des meubles et des mat\u00e9riaux de construction labellis\u00e9s \u00ab\u00a0A+\u00a0\u00bb pour leurs faibles \u00e9missions de COV. Une approche consciente dans le choix de vos produits quotidiens a un impact consid\u00e9rable sur la qualit\u00e9 de l&rsquo;air. Opter pour des produits d&rsquo;entretien \u00e9cologiques, labellis\u00e9s sans COV, diminue consid\u00e9rablement les \u00e9missions toxiques dans l&rsquo;air de votre foyer.<\/p>\n<p>*Exemple de sc\u00e9nario :* Une jeune maman enceinte d\u00e9cide de bannir tous les produits d&rsquo;entretien chimiques de sa maison. Elle utilise d\u00e9sormais du vinaigre blanc, du bicarbonate de soude et des savons naturels, constatant une nette diminution des odeurs fortes et une sensation d&rsquo;air plus \u00ab\u00a0frais\u00a0\u00bb.<\/p>\n<h3><span class=\"ez-toc-section\" id=\"Le_role_des_plantes_depolluantes_mythe_et_realite\"><\/span>Le r\u00f4le des plantes d\u00e9polluantes : mythe et r\u00e9alit\u00e9<span class=\"ez-toc-section-end\"><\/span><\/h3>\n<p>Les plantes peuvent contribuer \u00e0 purifier l&rsquo;air, mais leur r\u00f4le est souvent surestim\u00e9. Certaines esp\u00e8ces, comme le Spathiphyllum, le lierre ou le Ficus Benjamina, sont connues pour absorber certains COV. Cependant, leur capacit\u00e9 est limit\u00e9e et ne peut en aucun cas remplacer un syst\u00e8me de ventilation ou un purificateur.<\/p>\n<p>Elles apportent une touche de nature et de bien-\u00eatre psychologique, mais il est irr\u00e9aliste de compter uniquement sur elles pour assainir un espace. Une plante comme le Spathiphyllum peut aider \u00e0 filtrer certains COV, mais ne remplace en aucun cas un purificateur d&rsquo;air performant, surtout en cas de pollution importante.<\/p>\n<p>*Exemple de sc\u00e9nario :* Une personne place de nombreuses plantes dites d\u00e9polluantes dans son appartement mais continue de souffrir d&rsquo;allergies. Un moniteur d&rsquo;air r\u00e9v\u00e8le des niveaux \u00e9lev\u00e9s d&rsquo;allerg\u00e8nes et de particules. Il comprend que les plantes sont un plus, mais qu&rsquo;une solution m\u00e9canique est n\u00e9cessaire pour une action efficace.<\/p>\n<h2><span class=\"ez-toc-section\" id=\"Eviter_les_erreurs_courantes_en_matiere_de_purification_de_lair\"><\/span>\u00c9viter les erreurs courantes en mati\u00e8re de purification de l&rsquo;air<span class=\"ez-toc-section-end\"><\/span><\/h2>\n<p>M\u00eame avec les meilleures intentions, des erreurs peuvent annuler les b\u00e9n\u00e9fices des efforts de purification. Le PAPO insiste sur la vigilance.<\/p>\n<h3><span class=\"ez-toc-section\" id=\"Negliger_la_maintenance_des_filtres\"><\/span>N\u00e9gliger la maintenance des filtres<span class=\"ez-toc-section-end\"><\/span><\/h3>\n<p>*   **Ce qui le cause :** Oubli, volont\u00e9 d&rsquo;\u00e9conomiser sur les co\u00fbts de remplacement, manque d&rsquo;information sur la fr\u00e9quence.<br \/>\n*   **Ce qui se passe :** Un filtre encrass\u00e9 perd son efficacit\u00e9, devient un nid \u00e0 bact\u00e9ries ou moisissures, et le purificateur consomme plus d&rsquo;\u00e9nergie en for\u00e7ant. L&rsquo;air n&rsquo;est plus purifi\u00e9 et peut m\u00eame \u00eatre recontamin\u00e9.<br \/>\n*   **Comment y rem\u00e9dier :** Suivre scrupuleusement les recommandations du fabricant. Mettre des rappels pour le remplacement des filtres. Nettoyer les pr\u00e9-filtres r\u00e9guli\u00e8rement.<\/p>\n<h3><span class=\"ez-toc-section\" id=\"Sur-dimensionner_ou_sous-dimensionner_son_purificateur\"><\/span>Sur-dimensionner ou sous-dimensionner son purificateur<span class=\"ez-toc-section-end\"><\/span><\/h3>\n<p>*   **Ce qui le cause :** Achat bas\u00e9 uniquement sur le prix ou une estimation erron\u00e9e de la surface \u00e0 traiter.<br \/>\n*   **Ce qui se passe :** Un purificateur trop petit ne pourra pas traiter le volume d&rsquo;air efficacement et tournera en permanence. Un appareil trop grand sera sur-consommateur d&rsquo;\u00e9nergie et potentiellement bruyant sans apporter de b\u00e9n\u00e9fice proportionnel.<br \/>\n*   **Comment y rem\u00e9dier :** Calculer le volume de la pi\u00e8ce (longueur x largeur x hauteur) et choisir un appareil dont le CADR (Clean Air Delivery Rate) correspond. Privil\u00e9gier un mod\u00e8le avec plusieurs cycles de renouvellement de l&rsquo;air par heure (ACH).<\/p>\n<h3><span class=\"ez-toc-section\" id=\"Oublier_la_ventilation_reguliere\"><\/span>Oublier la ventilation r\u00e9guli\u00e8re<span class=\"ez-toc-section-end\"><\/span><\/h3>\n<p>*   **Ce qui le cause :** Id\u00e9e fausse qu&rsquo;un purificateur suffit, peur du froid ou de la perte de chaleur.<br \/>\n*   **Ce qui se passe :** Le purificateur travaille en circuit ferm\u00e9 sur un air stagnant. Les polluants gazeux (CO2) ne sont pas \u00e9vacu\u00e9s et certains polluants peuvent s&rsquo;accumuler malgr\u00e9 la filtration des particules.<br \/>\n*   **Comment y rem\u00e9dier :** Int\u00e9grer la ventilation comme un r\u00e9flexe quotidien. A\u00e9rer 5 \u00e0 10 minutes deux fois par jour. Le purificateur est un compl\u00e9ment \u00e0 la ventilation, pas un substitut.<\/p>\n<p>La purification de l&rsquo;air int\u00e9rieur n&rsquo;est pas un luxe mais une n\u00e9cessit\u00e9 pour une meilleure qualit\u00e9 de vie. En adoptant le Protocole Air Pur Optimis\u00e9 (PAPO), vous reprenez le contr\u00f4le de votre environnement respiratoire. Chaque geste, de la mesure \u00e0 la pr\u00e9vention, contribue \u00e0 un foyer plus sain et \u00e0 un bien-\u00eatre accru. Un air pur est le fondement d&rsquo;une vie pleine d&rsquo;\u00e9nergie et de vitalit\u00e9.<\/p>\n<h3><span class=\"ez-toc-section\" id=\"Questions_frequentes_sur_la_purification_de_lair_interieur\"><\/span>Questions fr\u00e9quentes sur la purification de l&rsquo;air int\u00e9rieur<span class=\"ez-toc-section-end\"><\/span><\/h3>\n<h3><span class=\"ez-toc-section\" id=\"Un_purificateur_dair_peut-il_remplacer_la_ventilation\"><\/span>Un purificateur d&rsquo;air peut-il remplacer la ventilation ?<span class=\"ez-toc-section-end\"><\/span><\/h3>\n<p>Non, un purificateur d&rsquo;air ne remplace pas la ventilation car il ne renouvelle pas l&rsquo;air vici\u00e9 et n&rsquo;\u00e9vacue pas le CO2.<\/p>\n<h3><span class=\"ez-toc-section\" id=\"Quelle_est_la_technologie_de_filtre_la_plus_efficace_pour_les_allergenes\"><\/span>Quelle est la technologie de filtre la plus efficace pour les allerg\u00e8nes ?<span class=\"ez-toc-section-end\"><\/span><\/h3>\n<p>Le filtre HEPA (High-Efficiency Particulate Air) est la technologie la plus efficace pour capturer les allerg\u00e8nes comme le pollen, les acariens et les poils d&rsquo;animaux.<\/p>\n<h3><span class=\"ez-toc-section\" id=\"Les_purificateurs_dair_consomment-ils_beaucoup_denergie\"><\/span>Les purificateurs d&rsquo;air consomment-ils beaucoup d&rsquo;\u00e9nergie ?<span class=\"ez-toc-section-end\"><\/span><\/h3>\n<p>La <a href=\"https:\/\/www.belgic.eu\/index.php\/2026\/02\/17\/la-contestation-des-clauses-abusives-dans-les-contrats-dabonnement\/\">consommation<\/a> d&rsquo;\u00e9nergie varie selon le mod\u00e8le et la vitesse utilis\u00e9e, mais les appareils modernes sont de plus en plus \u00e9conomes.<\/p>\n<h3><span class=\"ez-toc-section\" id=\"A_quelle_frequence_doit-on_changer_les_filtres_dun_purificateur\"><\/span>\u00c0 quelle fr\u00e9quence doit-on changer les filtres d&rsquo;un purificateur ?<span class=\"ez-toc-section-end\"><\/span><\/h3>\n<p>La fr\u00e9quence de remplacement des filtres d\u00e9pend de l&rsquo;appareil, de l&rsquo;usage et de la qualit\u00e9 de l&rsquo;air ambiant, mais se situe g\u00e9n\u00e9ralement entre 6 et 12 mois.<\/p>\n<h3><span class=\"ez-toc-section\" id=\"Les_plantes_vertes_purifient-elles_reellement_lair_interieur\"><\/span>Les plantes vertes purifient-elles r\u00e9ellement l&rsquo;air int\u00e9rieur ?<span class=\"ez-toc-section-end\"><\/span><\/h3>\n<p>Les plantes vertes contribuent modestement \u00e0 la purification de l&rsquo;air, mais leur efficacit\u00e9 est limit\u00e9e et ne peut se substituer \u00e0 d&rsquo;autres solutions techniques.<\/p>\n<h3><span class=\"ez-toc-section\" id=\"Un_purificateur_dair_peut-il_eliminer_les_odeurs_de_cuisine_ou_de_tabac\"><\/span>Un purificateur d&rsquo;air peut-il \u00e9liminer les odeurs de cuisine ou de tabac ?<span class=\"ez-toc-section-end\"><\/span><\/h3>\n<p>Oui, les purificateurs \u00e9quip\u00e9s de filtres \u00e0 charbon actif sont tr\u00e8s efficaces pour \u00e9liminer les odeurs de cuisine, de tabac et autres odeurs d\u00e9sagr\u00e9ables.<\/p>\n<h3><span class=\"ez-toc-section\" id=\"La_purification_de_lair_aide-t-elle_a_mieux_dormir\"><\/span>La purification de l&rsquo;air aide-t-elle \u00e0 mieux dormir ?<span class=\"ez-toc-section-end\"><\/span><\/h3>\n<p>Oui, en r\u00e9duisant les allerg\u00e8nes et polluants, un air purifi\u00e9 peut am\u00e9liorer la respiration nocturne et contribuer \u00e0 un sommeil plus r\u00e9parateur.<\/p>\n","protected":false},"excerpt":{"rendered":"<p> &#8230; <a title=\"La purification de l\u2019air int\u00e9rieur am\u00e9liore la qualit\u00e9 de vie\" class=\"read-more\" href=\"https:\/\/www.belgic.eu\/index.php\/2026\/04\/15\/la-purification-de-lair-interieur-ameliore-la-qualite-de-vie\/\" aria-label=\"En savoir plus sur La purification de l\u2019air int\u00e9rieur am\u00e9liore la qualit\u00e9 de vie\">Lire plus<\/a><\/p>\n","protected":false},"author":3,"featured_media":465,"comment_status":"open","ping_status":"open","sticky":false,"template":"","format":"standard","meta":{"fifu_image_url":"","fifu_image_alt":"","footnotes":""},"categories":[1536],"tags":[1747,1751,834,1752,1750,1748,861,1749],"class_list":["post-491","post","type-post","status-publish","format-standard","has-post-thumbnail","hentry","category-mode-de-vie","tag-air-interieur","tag-allergenes","tag-bien-etre","tag-cov","tag-polluants","tag-purification","tag-qualite-de-vie","tag-sante-respiratoire","resize-featured-image"],"_links":{"self":[{"href":"https:\/\/www.belgic.eu\/index.php\/wp-json\/wp\/v2\/posts\/491","targetHints":{"allow":["GET"]}}],"collection":[{"href":"https:\/\/www.belgic.eu\/index.php\/wp-json\/wp\/v2\/posts"}],"about":[{"href":"https:\/\/www.belgic.eu\/index.php\/wp-json\/wp\/v2\/types\/post"}],"author":[{"embeddable":true,"href":"https:\/\/www.belgic.eu\/index.php\/wp-json\/wp\/v2\/users\/3"}],"replies":[{"embeddable":true,"href":"https:\/\/www.belgic.eu\/index.php\/wp-json\/wp\/v2\/comments?post=491"}],"version-history":[{"count":1,"href":"https:\/\/www.belgic.eu\/index.php\/wp-json\/wp\/v2\/posts\/491\/revisions"}],"predecessor-version":[{"id":1451,"href":"https:\/\/www.belgic.eu\/index.php\/wp-json\/wp\/v2\/posts\/491\/revisions\/1451"}],"wp:featuredmedia":[{"embeddable":true,"href":"https:\/\/www.belgic.eu\/index.php\/wp-json\/wp\/v2\/media\/465"}],"wp:attachment":[{"href":"https:\/\/www.belgic.eu\/index.php\/wp-json\/wp\/v2\/media?parent=491"}],"wp:term":[{"taxonomy":"category","embeddable":true,"href":"https:\/\/www.belgic.eu\/index.php\/wp-json\/wp\/v2\/categories?post=491"},{"taxonomy":"post_tag","embeddable":true,"href":"https:\/\/www.belgic.eu\/index.php\/wp-json\/wp\/v2\/tags?post=491"}],"curies":[{"name":"wp","href":"https:\/\/api.w.org\/{rel}","templated":true}]}}