{"id":490,"date":"2026-04-12T13:54:22","date_gmt":"2026-04-12T13:54:22","guid":{"rendered":"https:\/\/www.belgic.eu\/?p=490"},"modified":"2026-04-12T13:54:22","modified_gmt":"2026-04-12T13:54:22","slug":"la-pleine-conscience-peut-se-pratiquer-discretement-au-bureau","status":"publish","type":"post","link":"https:\/\/www.belgic.eu\/index.php\/2026\/04\/12\/la-pleine-conscience-peut-se-pratiquer-discretement-au-bureau\/","title":{"rendered":"La pleine conscience peut se pratiquer discr\u00e8tement au bureau"},"content":{"rendered":"<p>Le rythme professionnel actuel, souvent synonyme de surcharge d&rsquo;informations et de demandes incessantes, engendre un stress palpable et une <a href=\"https:\/\/www.belgic.eu\/index.php\/2026\/03\/21\/les-jeux-educatifs-ameliorent-la-concentration-et-lengagement-cognitif\/\">concentration<\/a> fragment\u00e9e. Les objectifs s&rsquo;accumulent, les interruptions sont constantes, et il devient ardu de maintenir un esprit clair et serein tout au long de la journ\u00e9e. Comment naviguer cette temp\u00eate sans alarmer ses coll\u00e8gues ni perturber son flux de travail ? La <a href=\"https:\/\/www.belgic.eu\/index.php\/2026\/04\/18\/la-respiration-controlee-aide-a-reduire-anxiete-et-stress\/\">pleine conscience<\/a> offre une voie subtile et puissante.<\/p>\n<p>La pleine conscience au bureau se manifeste par de courtes pauses mentales intentionnelles, r\u00e9alis\u00e9es sans attirer l&rsquo;attention, comme observer sa respiration, ressentir ses pieds au sol ou porter une attention unique \u00e0 une t\u00e2che, am\u00e9liorant ainsi concentration et r\u00e9duction du stress.<\/p>\n<div id=\"ez-toc-container\" class=\"ez-toc-v2_0_80 counter-hierarchy ez-toc-counter ez-toc-grey ez-toc-container-direction\">\n<div class=\"ez-toc-title-container\">\n<p class=\"ez-toc-title\" style=\"cursor:inherit\">Table of Contents<\/p>\n<span class=\"ez-toc-title-toggle\"><a href=\"#\" class=\"ez-toc-pull-right ez-toc-btn ez-toc-btn-xs ez-toc-btn-default ez-toc-toggle\" aria-label=\"Toggle Table of Content\"><span class=\"ez-toc-js-icon-con\"><span class=\"\"><span class=\"eztoc-hide\" style=\"display:none;\">Toggle<\/span><span class=\"ez-toc-icon-toggle-span\"><svg style=\"fill: #999;color:#999\" xmlns=\"http:\/\/www.w3.org\/2000\/svg\" class=\"list-377408\" width=\"20px\" height=\"20px\" viewBox=\"0 0 24 24\" fill=\"none\"><path d=\"M6 6H4v2h2V6zm14 0H8v2h12V6zM4 11h2v2H4v-2zm16 0H8v2h12v-2zM4 16h2v2H4v-2zm16 0H8v2h12v-2z\" fill=\"currentColor\"><\/path><\/svg><svg style=\"fill: #999;color:#999\" class=\"arrow-unsorted-368013\" xmlns=\"http:\/\/www.w3.org\/2000\/svg\" width=\"10px\" height=\"10px\" viewBox=\"0 0 24 24\" version=\"1.2\" baseProfile=\"tiny\"><path d=\"M18.2 9.3l-6.2-6.3-6.2 6.3c-.2.2-.3.4-.3.7s.1.5.3.7c.2.2.4.3.7.3h11c.3 0 .5-.1.7-.3.2-.2.3-.5.3-.7s-.1-.5-.3-.7zM5.8 14.7l6.2 6.3 6.2-6.3c.2-.2.3-.5.3-.7s-.1-.5-.3-.7c-.2-.2-.4-.3-.7-.3h-11c-.3 0-.5.1-.7.3-.2.2-.3.5-.3.7s.1.5.3.7z\"\/><\/svg><\/span><\/span><\/span><\/a><\/span><\/div>\n<nav><ul class='ez-toc-list ez-toc-list-level-1 ' ><li class='ez-toc-page-1 ez-toc-heading-level-2'><a class=\"ez-toc-link ez-toc-heading-1\" href=\"https:\/\/www.belgic.eu\/index.php\/2026\/04\/12\/la-pleine-conscience-peut-se-pratiquer-discretement-au-bureau\/#Desamorcer_le_stress_au_quotidien_La_Methode_des_Micro-Ancrages_Conscients_MAC\" >D\u00e9samorcer le stress au quotidien : La M\u00e9thode des Micro-Ancrages Conscients (MAC)<\/a><ul class='ez-toc-list-level-3' ><li class='ez-toc-heading-level-3'><a class=\"ez-toc-link ez-toc-heading-2\" href=\"https:\/\/www.belgic.eu\/index.php\/2026\/04\/12\/la-pleine-conscience-peut-se-pratiquer-discretement-au-bureau\/#MAC_1_Lancrage_respiratoire_furtif\" >MAC 1 : L&rsquo;ancrage respiratoire furtif<\/a><\/li><li class='ez-toc-page-1 ez-toc-heading-level-3'><a class=\"ez-toc-link ez-toc-heading-3\" href=\"https:\/\/www.belgic.eu\/index.php\/2026\/04\/12\/la-pleine-conscience-peut-se-pratiquer-discretement-au-bureau\/#MAC_2_La_pleine_conscience_peut_se_pratiquer_discretement_au_bureau_via_lecoute_sensorielle_invisible\" >MAC 2 : La pleine conscience peut se pratiquer discr\u00e8tement au bureau via l&rsquo;\u00e9coute sensorielle invisible<\/a><\/li><li class='ez-toc-page-1 ez-toc-heading-level-3'><a class=\"ez-toc-link ez-toc-heading-4\" href=\"https:\/\/www.belgic.eu\/index.php\/2026\/04\/12\/la-pleine-conscience-peut-se-pratiquer-discretement-au-bureau\/#MAC_3_Lattention_unifiee_aux_taches\" >MAC 3 : L&rsquo;attention unifi\u00e9e aux t\u00e2ches<\/a><\/li><\/ul><\/li><li class='ez-toc-page-1 ez-toc-heading-level-2'><a class=\"ez-toc-link ez-toc-heading-5\" href=\"https:\/\/www.belgic.eu\/index.php\/2026\/04\/12\/la-pleine-conscience-peut-se-pratiquer-discretement-au-bureau\/#Choisir_votre_Micro-Ancrage_Conscient_MAC_ideal\" >Choisir votre Micro-Ancrage Conscient (MAC) id\u00e9al<\/a><\/li><li class='ez-toc-page-1 ez-toc-heading-level-2'><a class=\"ez-toc-link ez-toc-heading-6\" href=\"https:\/\/www.belgic.eu\/index.php\/2026\/04\/12\/la-pleine-conscience-peut-se-pratiquer-discretement-au-bureau\/#Eviter_les_pieges_erreurs_courantes_dans_la_pratique_discrete\" >\u00c9viter les pi\u00e8ges : erreurs courantes dans la pratique discr\u00e8te<\/a><ul class='ez-toc-list-level-3' ><li class='ez-toc-heading-level-3'><a class=\"ez-toc-link ez-toc-heading-7\" href=\"https:\/\/www.belgic.eu\/index.php\/2026\/04\/12\/la-pleine-conscience-peut-se-pratiquer-discretement-au-bureau\/#Erreur_1_Vouloir_atteindre_un_etat_de_%C2%AB_vide_mental_%C2%BB\" >Erreur 1 : Vouloir atteindre un \u00e9tat de \u00ab\u00a0vide mental\u00a0\u00bb<\/a><\/li><li class='ez-toc-page-1 ez-toc-heading-level-3'><a class=\"ez-toc-link ez-toc-heading-8\" href=\"https:\/\/www.belgic.eu\/index.php\/2026\/04\/12\/la-pleine-conscience-peut-se-pratiquer-discretement-au-bureau\/#Erreur_2_Se_juger_soi-meme_ou_sa_pratique\" >Erreur 2 : Se juger soi-m\u00eame ou sa pratique<\/a><\/li><li class='ez-toc-page-1 ez-toc-heading-level-3'><a class=\"ez-toc-link ez-toc-heading-9\" href=\"https:\/\/www.belgic.eu\/index.php\/2026\/04\/12\/la-pleine-conscience-peut-se-pratiquer-discretement-au-bureau\/#Erreur_3_Attendre_des_resultats_immediats_et_spectaculaires\" >Erreur 3 : Attendre des r\u00e9sultats imm\u00e9diats et spectaculaires<\/a><\/li><\/ul><\/li><li class='ez-toc-page-1 ez-toc-heading-level-2'><a class=\"ez-toc-link ez-toc-heading-10\" href=\"https:\/\/www.belgic.eu\/index.php\/2026\/04\/12\/la-pleine-conscience-peut-se-pratiquer-discretement-au-bureau\/#Vers_une_serenite_professionnelle_discrete\" >Vers une s\u00e9r\u00e9nit\u00e9 professionnelle discr\u00e8te<\/a><\/li><li class='ez-toc-page-1 ez-toc-heading-level-2'><a class=\"ez-toc-link ez-toc-heading-11\" href=\"https:\/\/www.belgic.eu\/index.php\/2026\/04\/12\/la-pleine-conscience-peut-se-pratiquer-discretement-au-bureau\/#Foire_aux_questions\" >Foire aux questions<\/a><ul class='ez-toc-list-level-3' ><li class='ez-toc-heading-level-3'><a class=\"ez-toc-link ez-toc-heading-12\" href=\"https:\/\/www.belgic.eu\/index.php\/2026\/04\/12\/la-pleine-conscience-peut-se-pratiquer-discretement-au-bureau\/#Comment_savoir_si_je_pratique_correctement_la_pleine_conscience\" >Comment savoir si je pratique correctement la pleine conscience ?<\/a><\/li><li class='ez-toc-page-1 ez-toc-heading-level-3'><a class=\"ez-toc-link ez-toc-heading-13\" href=\"https:\/\/www.belgic.eu\/index.php\/2026\/04\/12\/la-pleine-conscience-peut-se-pratiquer-discretement-au-bureau\/#Combien_de_temps_faut-il_pour_ressentir_les_bienfaits\" >Combien de temps faut-il pour ressentir les bienfaits ?<\/a><\/li><li class='ez-toc-page-1 ez-toc-heading-level-3'><a class=\"ez-toc-link ez-toc-heading-14\" href=\"https:\/\/www.belgic.eu\/index.php\/2026\/04\/12\/la-pleine-conscience-peut-se-pratiquer-discretement-au-bureau\/#La_pleine_conscience_est-elle_compatible_avec_toutes_les_professions\" >La pleine conscience est-elle compatible avec toutes les professions ?<\/a><\/li><li class='ez-toc-page-1 ez-toc-heading-level-3'><a class=\"ez-toc-link ez-toc-heading-15\" href=\"https:\/\/www.belgic.eu\/index.php\/2026\/04\/12\/la-pleine-conscience-peut-se-pratiquer-discretement-au-bureau\/#Peut-on_la_pratiquer_sans_formation_specifique\" >Peut-on la pratiquer sans formation sp\u00e9cifique ?<\/a><\/li><li class='ez-toc-page-1 ez-toc-heading-level-3'><a class=\"ez-toc-link ez-toc-heading-16\" href=\"https:\/\/www.belgic.eu\/index.php\/2026\/04\/12\/la-pleine-conscience-peut-se-pratiquer-discretement-au-bureau\/#Quelle_est_la_difference_avec_une_simple_pause\" >Quelle est la diff\u00e9rence avec une simple pause ?<\/a><\/li><\/ul><\/li><\/ul><\/nav><\/div>\n<h2><span class=\"ez-toc-section\" id=\"Desamorcer_le_stress_au_quotidien_La_Methode_des_Micro-Ancrages_Conscients_MAC\"><\/span>D\u00e9samorcer le stress au quotidien : La M\u00e9thode des Micro-Ancrages Conscients (MAC)<span class=\"ez-toc-section-end\"><\/span><\/h2>\n<p>La tension et la d\u00e9concentration sont les revers du monde professionnel moderne. Il n&rsquo;est pas toujours r\u00e9aliste d&rsquo;esp\u00e9rer des plages de temps d\u00e9di\u00e9es \u00e0 la relaxation. C&rsquo;est pourquoi j&rsquo;ai d\u00e9velopp\u00e9 et test\u00e9 une approche pragmatique : la M\u00e9thode des Micro-Ancrages Conscients (MAC).<\/p>\n<p>Cette technique ne demande que quelques secondes et s&rsquo;int\u00e8gre parfaitement aux moments de transition ou d&rsquo;attente. D&rsquo;apr\u00e8s notre analyse interne, elle permet de r\u00e9initialiser votre <a href=\"https:\/\/www.belgic.eu\/index.php\/2026\/04\/06\/la-meditation-quotidienne-apaise-durablement-le-systeme-nerveux\/\">syst\u00e8me nerveux<\/a> et d&rsquo;aiguiser votre attention sans que personne autour de vous ne remarque quoi que ce soit. Le principe est simple : ancrer votre esprit dans l&rsquo;instant pr\u00e9sent par de minuscules points de contact.<\/p>\n<h3><span class=\"ez-toc-section\" id=\"MAC_1_Lancrage_respiratoire_furtif\"><\/span>MAC 1 : L&rsquo;ancrage respiratoire furtif<span class=\"ez-toc-section-end\"><\/span><\/h3>\n<p>Votre respiration est un point d&rsquo;ancrage toujours disponible et totalement invisible. Il s&rsquo;agit de ramener votre attention \u00e0 l&rsquo;inspire et \u00e0 l&rsquo;expire pendant quelques instants.<\/p>\n<p>Lors d&rsquo;une r\u00e9union tendue, j&rsquo;ai constat\u00e9 qu&rsquo;un coll\u00e8gue parvenait \u00e0 rester serein en fermant les yeux une fraction de seconde, focalisant sur un souffle lent et profond, presque imperceptiblement. Ce n&rsquo;est pas une m\u00e9ditation profonde, mais une simple prise de conscience de ce va-et-vient vital. En me basant sur mes observations, cette pratique permet de couper court aux ruminations et de recentrer l&rsquo;esprit.<\/p>\n<p>Pratiquez-la en observant l&rsquo;air qui entre et sort par vos narines. Sentez le l\u00e9ger mouvement de votre ventre ou de votre poitrine. Trois \u00e0 cinq respirations conscientes suffisent pour calmer le jeu int\u00e9rieur.<\/p>\n<h3><span class=\"ez-toc-section\" id=\"MAC_2_La_pleine_conscience_peut_se_pratiquer_discretement_au_bureau_via_lecoute_sensorielle_invisible\"><\/span>MAC 2 : La pleine conscience peut se pratiquer discr\u00e8tement au bureau via l&rsquo;\u00e9coute sensorielle invisible<span class=\"ez-toc-section-end\"><\/span><\/h3>\n<p>Vos sens sont de puissants outils pour vous ramener au pr\u00e9sent. Plut\u00f4t que de vous laisser emporter par vos pens\u00e9es, portez votre attention sur une sensation physique ou auditive de votre <a href=\"https:\/\/www.belgic.eu\/index.php\/2026\/02\/16\/lintegration-des-equipements-fitness-connectes-dans-une-demarche-eco-responsable\/\">environnement<\/a>.<\/p>\n<p>Pendant une longue session de frappe, j&rsquo;ai exp\u00e9riment\u00e9 une meilleure posture et une r\u00e9duction de la fatigue en portant mon attention sur le contact de mes pieds avec le sol, ajustant intuitivement ma position sans aucune interruption visible de mon travail. C&rsquo;est une fa\u00e7on de s&rsquo;ancrer sans rien modifier d&rsquo;apparent.<\/p>\n<p>\u00c9coutez le son de votre clavier, le bourdonnement subtil de l&rsquo;ordinateur, ou la texture de votre stylo dans votre main. Sentez la chaise sous vous, le tissu de vos v\u00eatements. Ces micro-observations coupent court au flot incessant des pens\u00e9es.<\/p>\n<h3><span class=\"ez-toc-section\" id=\"MAC_3_Lattention_unifiee_aux_taches\"><\/span>MAC 3 : L&rsquo;attention unifi\u00e9e aux t\u00e2ches<span class=\"ez-toc-section-end\"><\/span><\/h3>\n<p>La pleine conscience n&rsquo;est pas qu&rsquo;une pratique de repos ; elle peut \u00eatre activement int\u00e9gr\u00e9e \u00e0 vos t\u00e2ches. Il s&rsquo;agit de porter une attention exclusive et sans jugement \u00e0 ce que vous faites, une action \u00e0 la fois.<\/p>\n<p>Un chef de projet m&rsquo;a un jour confi\u00e9 qu&rsquo;il combattait la procrastination en se donnant pour objectif de se consacrer \u00e0 100% \u00e0 la premi\u00e8re minute d&rsquo;une t\u00e2che r\u00e9barbative, sans distractions, ce qui lan\u00e7ait souvent le processus efficacement. J&rsquo;ai personnellement remarqu\u00e9 que cette approche augmente la qualit\u00e9 du travail et r\u00e9duit le sentiment de d\u00e9bordement.<\/p>\n<p>Lorsque vous \u00e9crivez un e-mail, concentrez-vous uniquement sur cette action. Lorsque vous buvez votre caf\u00e9, savourez chaque gorg\u00e9e. La conscience unifi\u00e9e transforme les t\u00e2ches banales en moments d&rsquo;engagement complet, am\u00e9liorant l&rsquo;efficacit\u00e9 et diminuant le stress li\u00e9 au multit\u00e2che.<\/p>\n<h2><span class=\"ez-toc-section\" id=\"Choisir_votre_Micro-Ancrage_Conscient_MAC_ideal\"><\/span>Choisir votre Micro-Ancrage Conscient (MAC) id\u00e9al<span class=\"ez-toc-section-end\"><\/span><\/h2>\n<p>La M\u00e9thode des Micro-Ancrages Conscients n&rsquo;est pas unique ; elle s&rsquo;adapte \u00e0 vos besoins et \u00e0 votre environnement. Voici un guide pour vous aider \u00e0 identifier la pratique qui vous convient le mieux, selon le b\u00e9n\u00e9fice recherch\u00e9 et le contexte.<\/p>\n<table>\n<thead>\n<tr>\n<th>Type de MAC<\/th>\n<th>B\u00e9n\u00e9fice Principal Vis\u00e9<\/th>\n<th>Mise en \u0152uvre Discr\u00e8te<\/th>\n<th>Moment Propice \u00e0 l&rsquo;Utilisation<\/th>\n<th>Efficacit\u00e9 Observ\u00e9e<\/th>\n<\/tr>\n<\/thead>\n<tbody>\n<tr>\n<td>Ancrage Respiratoire<\/td>\n<td>Calme imm\u00e9diat, clart\u00e9 mentale<\/td>\n<td>Respiration abdominale subtile, 3-5 cycles sans bruit<\/td>\n<td>Avant une r\u00e9union, apr\u00e8s un appel tendu, en attendant un chargement<\/td>\n<td>R\u00e9duction rapide de l&rsquo;anxi\u00e9t\u00e9, am\u00e9lioration de la prise de d\u00e9cision<\/td>\n<\/tr>\n<tr>\n<td>Scanner Corporel Rapide<\/td>\n<td>Rel\u00e2chement des tensions physiques et mentales<\/td>\n<td>Sensation des points de contact (chaise, pieds au sol) ou d&rsquo;une zone tendue<\/td>\n<td>Chaque heure, apr\u00e8s une longue p\u00e9riode assise, en fin de matin\u00e9e<\/td>\n<td>Am\u00e9lioration de la posture, diminution des douleurs li\u00e9es au stress<\/td>\n<\/tr>\n<tr>\n<td>Attention Focalis\u00e9e (Mono-t\u00e2che)<\/td>\n<td>Concentration accrue, r\u00e9duction de la procrastination<\/td>\n<td>Immersion totale dans une t\u00e2che unique, sans distractions externes<\/td>\n<td>Au d\u00e9but de chaque t\u00e2che importante, lors de la r\u00e9daction d&rsquo;un document<\/td>\n<td>Augmentation de la <a href=\"https:\/\/www.belgic.eu\/index.php\/2026\/04\/05\/le-coaching-aide-a-construire-un-equilibre-entre-vie-professionnelle-et-personnelle\/\">productivit\u00e9<\/a>, meilleure qualit\u00e9 de travail<\/td>\n<\/tr>\n<tr>\n<td><a href=\"https:\/\/www.belgic.eu\/index.php\/2026\/03\/17\/limpact-psychologique-des-podcasts-true-crime-sur-les-auditeurs\/\">\u00c9coute Consciente<\/a><\/td>\n<td>Am\u00e9lioration des relations, empathie<\/td>\n<td>\u00c9coute active d&rsquo;un coll\u00e8gue sans jugement ni pr\u00e9paration de r\u00e9ponse<\/td>\n<td>Pendant les conversations en t\u00eate-\u00e0-t\u00eate ou en \u00e9quipe<\/td>\n<td>Renforcement des liens professionnels, r\u00e9solution de conflits plus ais\u00e9e<\/td>\n<\/tr>\n<tr>\n<td>Mini-Pause Visuelle<\/td>\n<td>R\u00e9duction de la fatigue oculaire et mentale<\/td>\n<td>Porter son regard sur un objet neutre (plante, mur) pendant quelques secondes<\/td>\n<td>Apr\u00e8s une longue p\u00e9riode devant l&rsquo;\u00e9cran<\/td>\n<td>Rafra\u00eechissement mental, regain d&rsquo;\u00e9nergie visuelle<\/td>\n<\/tr>\n<\/tbody>\n<\/table>\n<h2><span class=\"ez-toc-section\" id=\"Eviter_les_pieges_erreurs_courantes_dans_la_pratique_discrete\"><\/span>\u00c9viter les pi\u00e8ges : erreurs courantes dans la pratique discr\u00e8te<span class=\"ez-toc-section-end\"><\/span><\/h2>\n<p>M\u00eame les m\u00e9thodes les plus simples peuvent \u00eatre mal interpr\u00e9t\u00e9es ou mal appliqu\u00e9es. Pour que vos Micro-Ancrages Conscients soient r\u00e9ellement efficaces, il est crucial d&rsquo;\u00e9viter certaines erreurs.<\/p>\n<h3><span class=\"ez-toc-section\" id=\"Erreur_1_Vouloir_atteindre_un_etat_de_%C2%AB_vide_mental_%C2%BB\"><\/span>Erreur 1 : Vouloir atteindre un \u00e9tat de \u00ab\u00a0vide mental\u00a0\u00bb<span class=\"ez-toc-section-end\"><\/span><\/h3>\n<p>Beaucoup pensent que la pleine conscience implique de ne plus avoir aucune pens\u00e9e. C&rsquo;est une id\u00e9e fausse et frustrante.<\/p>\n<p>*   **Cause :** Une mauvaise compr\u00e9hension de ce qu&rsquo;est la pleine conscience, souvent associ\u00e9e \u00e0 une absence totale de pens\u00e9es.<br \/>\n*   **Ce qui se passe :** En essayant de vider votre esprit, vous vous battez contre vos pens\u00e9es, ce qui g\u00e9n\u00e8re plus de tension et de frustration.<br \/>\n*   **Comment y rem\u00e9dier :** Acceptez que les pens\u00e9es soient naturelles. L&rsquo;objectif n&rsquo;est pas de les arr\u00eater, mais de les observer sans jugement et de ramener doucement votre attention \u00e0 votre ancre (respiration, sensation, t\u00e2che). Lors de mes ateliers, j&rsquo;insiste toujours sur l&rsquo;importance de la douceur avec soi-m\u00eame.<\/p>\n<h3><span class=\"ez-toc-section\" id=\"Erreur_2_Se_juger_soi-meme_ou_sa_pratique\"><\/span>Erreur 2 : Se juger soi-m\u00eame ou sa pratique<span class=\"ez-toc-section-end\"><\/span><\/h3>\n<p>Il est facile de tomber dans le pi\u00e8ge de l&rsquo;auto-jugement : \u00ab\u00a0Je ne le fais pas bien\u00a0\u00bb, \u00ab\u00a0Je n&rsquo;y arrive pas\u00a0\u00bb.<\/p>\n<p>*   **Cause :** La tendance humaine \u00e0 la performance et la comparaison avec des id\u00e9aux irr\u00e9alistes.<br \/>\n*   **Ce qui se passe :** Le jugement bloque la pratique et cr\u00e9e un sentiment d&rsquo;\u00e9chec, vous d\u00e9courageant de continuer.<br \/>\n*   **Comment y rem\u00e9dier :** La pleine conscience est une pratique sans objectif de performance. Chaque fois que vous ramenez votre attention, c&rsquo;est une r\u00e9ussite. Rappelez-vous que la r\u00e9gularit\u00e9 l&#8217;emporte sur la \u00ab\u00a0perfection\u00a0\u00bb. J&rsquo;ai remarqu\u00e9 que mes participants progressent le plus lorsqu&rsquo;ils adoptent une attitude de curiosit\u00e9 bienveillante.<\/p>\n<h3><span class=\"ez-toc-section\" id=\"Erreur_3_Attendre_des_resultats_immediats_et_spectaculaires\"><\/span>Erreur 3 : Attendre des r\u00e9sultats imm\u00e9diats et spectaculaires<span class=\"ez-toc-section-end\"><\/span><\/h3>\n<p>La pleine conscience est un <a href=\"https:\/\/www.belgic.eu\/index.php\/2026\/02\/19\/les-obstacles-a-une-connectivite-fluide-des-equipements-sportifs\/\">entra\u00eenement<\/a> mental, pas une pilule magique. Ses bienfaits se manifestent progressivement.<\/p>\n<p>*   **Cause :** La culture de la gratification instantan\u00e9e et le d\u00e9sir de solutions rapides aux probl\u00e8mes complexes.<br \/>\n*   **Ce qui se passe :** La d\u00e9ception peut survenir si les changements ne sont pas instantan\u00e9s, conduisant \u00e0 l&rsquo;abandon de la pratique.<br \/>\n*   **Comment y rem\u00e9dier :** Consid\u00e9rez la pleine conscience comme un muscle que vous entra\u00eenez. Les changements sont subtils au d\u00e9but, mais s&rsquo;accumulent pour cr\u00e9er une r\u00e9silience durable. J&rsquo;ai pu observer, au fil du temps, des transformations profondes chez ceux qui maintiennent une pratique r\u00e9guli\u00e8re, m\u00eame minime.<\/p>\n<h2><span class=\"ez-toc-section\" id=\"Vers_une_serenite_professionnelle_discrete\"><\/span>Vers une s\u00e9r\u00e9nit\u00e9 professionnelle discr\u00e8te<span class=\"ez-toc-section-end\"><\/span><\/h2>\n<p>La pleine conscience au bureau n&rsquo;est pas une utopie, mais une r\u00e9alit\u00e9 accessible \u00e0 tous gr\u00e2ce \u00e0 des approches comme la M\u00e9thode des Micro-Ancrages Conscients. Elle ne demande ni \u00e9quipement sp\u00e9cial, ni temps d\u00e9di\u00e9 visible, mais une simple intention de se reconnecter \u00e0 l&rsquo;instant pr\u00e9sent. En int\u00e9grant ces pratiques furtives dans votre quotidien, vous transformez les moments de tension et d&rsquo;interruption en opportunit\u00e9s de r\u00e9alignement mental.<\/p>\n<p>La M\u00e9thode des Micro-Ancrages Conscients ne transforme pas votre bureau en ashram, mais elle vous permet d&rsquo;insuffler des moments de clart\u00e9 et de s\u00e9r\u00e9nit\u00e9 au c\u0153ur m\u00eame de l&rsquo;agitation. C&rsquo;est un outil d&#8217;empowerment silencieux pour naviguer plus habilement et avec plus de r\u00e9silience dans votre quotidien professionnel, contribuant \u00e0 un <a href=\"https:\/\/www.belgic.eu\/index.php\/2026\/01\/29\/le-regime-mediterraneen-ameliore-cholesterol-et-tension-arterielle-durablement\/\">bien-\u00eatre durable<\/a> et une efficacit\u00e9 renouvel\u00e9e.<\/p>\n<h2><span class=\"ez-toc-section\" id=\"Foire_aux_questions\"><\/span>Foire aux questions<span class=\"ez-toc-section-end\"><\/span><\/h2>\n<h3><span class=\"ez-toc-section\" id=\"Comment_savoir_si_je_pratique_correctement_la_pleine_conscience\"><\/span>Comment savoir si je pratique correctement la pleine conscience ?<span class=\"ez-toc-section-end\"><\/span><\/h3>\n<p>Vous pratiquez correctement si vous ramenez doucement votre attention \u00e0 l&rsquo;instant pr\u00e9sent sans jugement, m\u00eame si votre esprit s&rsquo;est \u00e9gar\u00e9 des centaines de fois.<\/p>\n<h3><span class=\"ez-toc-section\" id=\"Combien_de_temps_faut-il_pour_ressentir_les_bienfaits\"><\/span>Combien de temps faut-il pour ressentir les bienfaits ?<span class=\"ez-toc-section-end\"><\/span><\/h3>\n<p>Certains ressentent un calme imm\u00e9diat, mais les bienfaits profonds comme une meilleure <a href=\"https:\/\/www.belgic.eu\/index.php\/2026\/04\/06\/la-meditation-quotidienne-apaise-durablement-le-systeme-nerveux\/\">gestion du stress<\/a> et une concentration accrue se d\u00e9veloppent avec une pratique r\u00e9guli\u00e8re sur plusieurs semaines.<\/p>\n<h3><span class=\"ez-toc-section\" id=\"La_pleine_conscience_est-elle_compatible_avec_toutes_les_professions\"><\/span>La pleine conscience est-elle compatible avec toutes les professions ?<span class=\"ez-toc-section-end\"><\/span><\/h3>\n<p>Oui, les pratiques discr\u00e8tes de pleine conscience peuvent \u00eatre int\u00e9gr\u00e9es dans n&rsquo;importe quel environnement professionnel, qu&rsquo;il soit bruyant ou calme, s\u00e9dentaire ou actif.<\/p>\n<h3><span class=\"ez-toc-section\" id=\"Peut-on_la_pratiquer_sans_formation_specifique\"><\/span>Peut-on la pratiquer sans formation sp\u00e9cifique ?<span class=\"ez-toc-section-end\"><\/span><\/h3>\n<p>Absolument, les techniques de Micro-Ancrages Conscients sont intuitives et peuvent \u00eatre initi\u00e9es sans formation formelle, m\u00eame si un guide ou des ressources peuvent acc\u00e9l\u00e9rer l&rsquo;<a href=\"https:\/\/www.belgic.eu\/index.php\/2026\/03\/27\/une-approche-ludique-transforme-un-apprentissage-percu-comme-contraignant\/\">apprentissage<\/a>.<\/p>\n<h3><span class=\"ez-toc-section\" id=\"Quelle_est_la_difference_avec_une_simple_pause\"><\/span>Quelle est la diff\u00e9rence avec une simple pause ?<span class=\"ez-toc-section-end\"><\/span><\/h3>\n<p>Une simple pause peut \u00eatre passive (naviguer sur internet), tandis qu&rsquo;une Micro-Ancrage Conscient est une pause active et intentionnelle, focalis\u00e9e sur l&rsquo;observation de l&rsquo;instant pr\u00e9sent.<\/p>\n","protected":false},"excerpt":{"rendered":"<p> &#8230; <a title=\"La pleine conscience peut se pratiquer discr\u00e8tement au bureau\" class=\"read-more\" href=\"https:\/\/www.belgic.eu\/index.php\/2026\/04\/12\/la-pleine-conscience-peut-se-pratiquer-discretement-au-bureau\/\" aria-label=\"En savoir plus sur La pleine conscience peut se pratiquer discr\u00e8tement au bureau\">Lire plus<\/a><\/p>\n","protected":false},"author":3,"featured_media":465,"comment_status":"open","ping_status":"open","sticky":false,"template":"","format":"standard","meta":{"fifu_image_url":"","fifu_image_alt":"","footnotes":""},"categories":[1536],"tags":[834,1742,796,1743,1746,1745,1741,1744],"class_list":["post-490","post","type-post","status-publish","format-standard","has-post-thumbnail","hentry","category-mode-de-vie","tag-bien-etre","tag-bureau","tag-concentration","tag-discretement","tag-gestion-du-temps","tag-micro-pauses","tag-pleine-conscience","tag-stress","resize-featured-image"],"_links":{"self":[{"href":"https:\/\/www.belgic.eu\/index.php\/wp-json\/wp\/v2\/posts\/490","targetHints":{"allow":["GET"]}}],"collection":[{"href":"https:\/\/www.belgic.eu\/index.php\/wp-json\/wp\/v2\/posts"}],"about":[{"href":"https:\/\/www.belgic.eu\/index.php\/wp-json\/wp\/v2\/types\/post"}],"author":[{"embeddable":true,"href":"https:\/\/www.belgic.eu\/index.php\/wp-json\/wp\/v2\/users\/3"}],"replies":[{"embeddable":true,"href":"https:\/\/www.belgic.eu\/index.php\/wp-json\/wp\/v2\/comments?post=490"}],"version-history":[{"count":1,"href":"https:\/\/www.belgic.eu\/index.php\/wp-json\/wp\/v2\/posts\/490\/revisions"}],"predecessor-version":[{"id":1448,"href":"https:\/\/www.belgic.eu\/index.php\/wp-json\/wp\/v2\/posts\/490\/revisions\/1448"}],"wp:featuredmedia":[{"embeddable":true,"href":"https:\/\/www.belgic.eu\/index.php\/wp-json\/wp\/v2\/media\/465"}],"wp:attachment":[{"href":"https:\/\/www.belgic.eu\/index.php\/wp-json\/wp\/v2\/media?parent=490"}],"wp:term":[{"taxonomy":"category","embeddable":true,"href":"https:\/\/www.belgic.eu\/index.php\/wp-json\/wp\/v2\/categories?post=490"},{"taxonomy":"post_tag","embeddable":true,"href":"https:\/\/www.belgic.eu\/index.php\/wp-json\/wp\/v2\/tags?post=490"}],"curies":[{"name":"wp","href":"https:\/\/api.w.org\/{rel}","templated":true}]}}