{"id":489,"date":"2026-04-09T14:22:22","date_gmt":"2026-04-09T14:22:22","guid":{"rendered":"https:\/\/www.belgic.eu\/?p=489"},"modified":"2026-04-09T14:22:22","modified_gmt":"2026-04-09T14:22:22","slug":"la-mobilite-articulaire-ameliore-lautonomie-des-seniors-a-domicile","status":"publish","type":"post","link":"https:\/\/www.belgic.eu\/index.php\/2026\/04\/09\/la-mobilite-articulaire-ameliore-lautonomie-des-seniors-a-domicile\/","title":{"rendered":"La mobilit\u00e9 articulaire am\u00e9liore l\u2019autonomie des seniors \u00e0 domicile"},"content":{"rendered":"<p>La mobilit\u00e9 articulaire est la capacit\u00e9 de nos articulations \u00e0 r\u00e9aliser des mouvements amples et fluides. Pour les seniors, cette fonctionnalit\u00e9 est fondamentale pour conserver une pleine autonomie \u00e0 domicile, permettant l&rsquo;ex\u00e9cution des gestes quotidiens essentiels, la pr\u00e9vention des chutes et le maintien d&rsquo;une vie active et ind\u00e9pendante.<\/p>\n<p>Le <a href=\"https:\/\/www.belgic.eu\/index.php\/2026\/02\/05\/certains-aliments-riches-en-antioxydants-protegent-efficacement-la-peau\/\">vieillissement<\/a> s&rsquo;accompagne souvent d&rsquo;une diminution progressive de la souplesse et de l&rsquo;amplitude des mouvements. Cette perte de mobilit\u00e9 articulaire peut transformer des t\u00e2ches simples \u2013 se lever d&rsquo;une chaise, se v\u00eatir, ou atteindre un objet \u2013 en v\u00e9ritables d\u00e9fis. Notre expertise r\u00e9v\u00e8le que la restauration ou le maintien d&rsquo;une bonne mobilit\u00e9 articulaire est la pierre angulaire pour que les seniors puissent continuer \u00e0 vivre sereinement et en toute autonomie dans leur <a href=\"https:\/\/www.belgic.eu\/index.php\/2026\/02\/08\/organiser-un-nettoyage-citoyen-collectif-dans-votre-ville\/\">environnement<\/a> familier.<\/p>\n<div id=\"ez-toc-container\" class=\"ez-toc-v2_0_80 counter-hierarchy ez-toc-counter ez-toc-grey ez-toc-container-direction\">\n<div class=\"ez-toc-title-container\">\n<p class=\"ez-toc-title\" style=\"cursor:inherit\">Table of Contents<\/p>\n<span class=\"ez-toc-title-toggle\"><a href=\"#\" class=\"ez-toc-pull-right ez-toc-btn ez-toc-btn-xs ez-toc-btn-default ez-toc-toggle\" aria-label=\"Toggle Table of Content\"><span class=\"ez-toc-js-icon-con\"><span class=\"\"><span class=\"eztoc-hide\" style=\"display:none;\">Toggle<\/span><span class=\"ez-toc-icon-toggle-span\"><svg style=\"fill: #999;color:#999\" xmlns=\"http:\/\/www.w3.org\/2000\/svg\" class=\"list-377408\" width=\"20px\" height=\"20px\" viewBox=\"0 0 24 24\" fill=\"none\"><path d=\"M6 6H4v2h2V6zm14 0H8v2h12V6zM4 11h2v2H4v-2zm16 0H8v2h12v-2zM4 16h2v2H4v-2zm16 0H8v2h12v-2z\" fill=\"currentColor\"><\/path><\/svg><svg style=\"fill: #999;color:#999\" class=\"arrow-unsorted-368013\" xmlns=\"http:\/\/www.w3.org\/2000\/svg\" width=\"10px\" height=\"10px\" viewBox=\"0 0 24 24\" version=\"1.2\" baseProfile=\"tiny\"><path d=\"M18.2 9.3l-6.2-6.3-6.2 6.3c-.2.2-.3.4-.3.7s.1.5.3.7c.2.2.4.3.7.3h11c.3 0 .5-.1.7-.3.2-.2.3-.5.3-.7s-.1-.5-.3-.7zM5.8 14.7l6.2 6.3 6.2-6.3c.2-.2.3-.5.3-.7s-.1-.5-.3-.7c-.2-.2-.4-.3-.7-.3h-11c-.3 0-.5.1-.7.3-.2.2-.3.5-.3.7s.1.5.3.7z\"\/><\/svg><\/span><\/span><\/span><\/a><\/span><\/div>\n<nav><ul class='ez-toc-list ez-toc-list-level-1 ' ><li class='ez-toc-page-1 ez-toc-heading-level-2'><a class=\"ez-toc-link ez-toc-heading-1\" href=\"https:\/\/www.belgic.eu\/index.php\/2026\/04\/09\/la-mobilite-articulaire-ameliore-lautonomie-des-seniors-a-domicile\/#La_mobilite_articulaire_ameliore_lautonomie_des_seniors_a_domicile_les_benefices_concrets\" >La mobilit\u00e9 articulaire am\u00e9liore l\u2019autonomie des seniors \u00e0 domicile : les b\u00e9n\u00e9fices concrets<\/a><ul class='ez-toc-list-level-3' ><li class='ez-toc-heading-level-3'><a class=\"ez-toc-link ez-toc-heading-2\" href=\"https:\/\/www.belgic.eu\/index.php\/2026\/04\/09\/la-mobilite-articulaire-ameliore-lautonomie-des-seniors-a-domicile\/#Les_risques_dune_mobilite_reduite_sur_lautonomie\" >Les risques d&rsquo;une mobilit\u00e9 r\u00e9duite sur l&rsquo;autonomie<\/a><\/li><li class='ez-toc-page-1 ez-toc-heading-level-3'><a class=\"ez-toc-link ez-toc-heading-3\" href=\"https:\/\/www.belgic.eu\/index.php\/2026\/04\/09\/la-mobilite-articulaire-ameliore-lautonomie-des-seniors-a-domicile\/#Le_role_protecteur_de_la_souplesse_articulaire\" >Le r\u00f4le protecteur de la souplesse articulaire<\/a><\/li><\/ul><\/li><li class='ez-toc-page-1 ez-toc-heading-level-2'><a class=\"ez-toc-link ez-toc-heading-4\" href=\"https:\/\/www.belgic.eu\/index.php\/2026\/04\/09\/la-mobilite-articulaire-ameliore-lautonomie-des-seniors-a-domicile\/#Le_Cadre_MAAS_Votre_methode_pour_une_meilleure_agilite_a_domicile\" >Le Cadre MAAS : Votre m\u00e9thode pour une meilleure agilit\u00e9 \u00e0 domicile<\/a><ul class='ez-toc-list-level-3' ><li class='ez-toc-heading-level-3'><a class=\"ez-toc-link ez-toc-heading-5\" href=\"https:\/\/www.belgic.eu\/index.php\/2026\/04\/09\/la-mobilite-articulaire-ameliore-lautonomie-des-seniors-a-domicile\/#Etape_1_Evaluation_Personnalisee_Diagnostic\" >\u00c9tape 1 : \u00c9valuation Personnalis\u00e9e (Diagnostic)<\/a><\/li><li class='ez-toc-page-1 ez-toc-heading-level-3'><a class=\"ez-toc-link ez-toc-heading-6\" href=\"https:\/\/www.belgic.eu\/index.php\/2026\/04\/09\/la-mobilite-articulaire-ameliore-lautonomie-des-seniors-a-domicile\/#Etape_2_Mouvements_Cibles_Action\" >\u00c9tape 2 : Mouvements Cibl\u00e9s (Action)<\/a><\/li><li class='ez-toc-page-1 ez-toc-heading-level-3'><a class=\"ez-toc-link ez-toc-heading-7\" href=\"https:\/\/www.belgic.eu\/index.php\/2026\/04\/09\/la-mobilite-articulaire-ameliore-lautonomie-des-seniors-a-domicile\/#Etape_3_Integration_Quotidienne_Habitudes\" >\u00c9tape 3 : Int\u00e9gration Quotidienne (Habitudes)<\/a><\/li><\/ul><\/li><li class='ez-toc-page-1 ez-toc-heading-level-2'><a class=\"ez-toc-link ez-toc-heading-8\" href=\"https:\/\/www.belgic.eu\/index.php\/2026\/04\/09\/la-mobilite-articulaire-ameliore-lautonomie-des-seniors-a-domicile\/#Adapter_son_environnement_pour_favoriser_la_liberte_de_mouvement\" >Adapter son environnement pour favoriser la libert\u00e9 de mouvement<\/a><ul class='ez-toc-list-level-3' ><li class='ez-toc-heading-level-3'><a class=\"ez-toc-link ez-toc-heading-9\" href=\"https:\/\/www.belgic.eu\/index.php\/2026\/04\/09\/la-mobilite-articulaire-ameliore-lautonomie-des-seniors-a-domicile\/#Amenagements_simples_grands_benefices\" >Am\u00e9nagements simples, grands b\u00e9n\u00e9fices<\/a><\/li><\/ul><\/li><li class='ez-toc-page-1 ez-toc-heading-level-2'><a class=\"ez-toc-link ez-toc-heading-10\" href=\"https:\/\/www.belgic.eu\/index.php\/2026\/04\/09\/la-mobilite-articulaire-ameliore-lautonomie-des-seniors-a-domicile\/#Erreurs_courantes_et_comment_les_eviter\" >Erreurs courantes et comment les \u00e9viter<\/a><ul class='ez-toc-list-level-3' ><li class='ez-toc-heading-level-3'><a class=\"ez-toc-link ez-toc-heading-11\" href=\"https:\/\/www.belgic.eu\/index.php\/2026\/04\/09\/la-mobilite-articulaire-ameliore-lautonomie-des-seniors-a-domicile\/#Ignorer_la_douleur_Un_signal_a_ecouter\" >Ignorer la douleur : Un signal \u00e0 \u00e9couter<\/a><\/li><li class='ez-toc-page-1 ez-toc-heading-level-3'><a class=\"ez-toc-link ez-toc-heading-12\" href=\"https:\/\/www.belgic.eu\/index.php\/2026\/04\/09\/la-mobilite-articulaire-ameliore-lautonomie-des-seniors-a-domicile\/#Se_limiter_aux_exercices_classiques_Varier_pour_progresser\" >Se limiter aux exercices classiques : Varier pour progresser<\/a><\/li><li class='ez-toc-page-1 ez-toc-heading-level-3'><a class=\"ez-toc-link ez-toc-heading-13\" href=\"https:\/\/www.belgic.eu\/index.php\/2026\/04\/09\/la-mobilite-articulaire-ameliore-lautonomie-des-seniors-a-domicile\/#Negliger_lhydratation_et_lalimentation_Les_piliers_internes\" >N\u00e9gliger l&rsquo;hydratation et l&rsquo;alimentation : Les piliers internes<\/a><\/li><\/ul><\/li><li class='ez-toc-page-1 ez-toc-heading-level-2'><a class=\"ez-toc-link ez-toc-heading-14\" href=\"https:\/\/www.belgic.eu\/index.php\/2026\/04\/09\/la-mobilite-articulaire-ameliore-lautonomie-des-seniors-a-domicile\/#Maintenir_une_dynamique_positive_sur_le_long_terme\" >Maintenir une dynamique positive sur le long terme<\/a><ul class='ez-toc-list-level-3' ><li class='ez-toc-heading-level-3'><a class=\"ez-toc-link ez-toc-heading-15\" href=\"https:\/\/www.belgic.eu\/index.php\/2026\/04\/09\/la-mobilite-articulaire-ameliore-lautonomie-des-seniors-a-domicile\/#Le_suivi_regulier_et_lajustement\" >Le suivi r\u00e9gulier et l&rsquo;ajustement<\/a><\/li><\/ul><\/li><li class='ez-toc-page-1 ez-toc-heading-level-2'><a class=\"ez-toc-link ez-toc-heading-16\" href=\"https:\/\/www.belgic.eu\/index.php\/2026\/04\/09\/la-mobilite-articulaire-ameliore-lautonomie-des-seniors-a-domicile\/#Questions_Frequentes_sur_la_Mobilite_Articulaire_des_Seniors\" >Questions Fr\u00e9quentes sur la Mobilit\u00e9 Articulaire des Seniors<\/a><ul class='ez-toc-list-level-3' ><li class='ez-toc-heading-level-3'><a class=\"ez-toc-link ez-toc-heading-17\" href=\"https:\/\/www.belgic.eu\/index.php\/2026\/04\/09\/la-mobilite-articulaire-ameliore-lautonomie-des-seniors-a-domicile\/#A_quel_age_doit-on_commencer_a_se_preoccuper_de_la_mobilite_articulaire\" >\u00c0 quel \u00e2ge doit-on commencer \u00e0 se pr\u00e9occuper de la mobilit\u00e9 articulaire ?<\/a><\/li><li class='ez-toc-page-1 ez-toc-heading-level-3'><a class=\"ez-toc-link ez-toc-heading-18\" href=\"https:\/\/www.belgic.eu\/index.php\/2026\/04\/09\/la-mobilite-articulaire-ameliore-lautonomie-des-seniors-a-domicile\/#Les_exercices_doux_sont-ils_vraiment_efficaces_pour_les_articulations_des_seniors\" >Les exercices doux sont-ils vraiment efficaces pour les articulations des seniors ?<\/a><\/li><li class='ez-toc-page-1 ez-toc-heading-level-3'><a class=\"ez-toc-link ez-toc-heading-19\" href=\"https:\/\/www.belgic.eu\/index.php\/2026\/04\/09\/la-mobilite-articulaire-ameliore-lautonomie-des-seniors-a-domicile\/#Comment_savoir_si_mes_douleurs_articulaires_sont_dues_a_un_manque_de_mobilite_ou_a_larthrose\" >Comment savoir si mes douleurs articulaires sont dues \u00e0 un manque de mobilit\u00e9 ou \u00e0 l&rsquo;arthrose ?<\/a><\/li><li class='ez-toc-page-1 ez-toc-heading-level-3'><a class=\"ez-toc-link ez-toc-heading-20\" href=\"https:\/\/www.belgic.eu\/index.php\/2026\/04\/09\/la-mobilite-articulaire-ameliore-lautonomie-des-seniors-a-domicile\/#Est-il_possible_de_recuperer_une_mobilite_articulaire_significative_apres_70_ans\" >Est-il possible de r\u00e9cup\u00e9rer une mobilit\u00e9 articulaire significative apr\u00e8s 70 ans ?<\/a><\/li><li class='ez-toc-page-1 ez-toc-heading-level-3'><a class=\"ez-toc-link ez-toc-heading-21\" href=\"https:\/\/www.belgic.eu\/index.php\/2026\/04\/09\/la-mobilite-articulaire-ameliore-lautonomie-des-seniors-a-domicile\/#Faut-il_un_equipement_specifique_pour_les_exercices_de_mobilite_a_domicile\" >Faut-il un \u00e9quipement sp\u00e9cifique pour les exercices de mobilit\u00e9 \u00e0 domicile ?<\/a><\/li><\/ul><\/li><\/ul><\/nav><\/div>\n<h2><span class=\"ez-toc-section\" id=\"La_mobilite_articulaire_ameliore_lautonomie_des_seniors_a_domicile_les_benefices_concrets\"><\/span>La mobilit\u00e9 articulaire am\u00e9liore l\u2019autonomie des seniors \u00e0 domicile : les b\u00e9n\u00e9fices concrets<span class=\"ez-toc-section-end\"><\/span><\/h2>\n<p>La diminution de la mobilit\u00e9 n&rsquo;est pas une fatalit\u00e9. En comprenant l&rsquo;importance cruciale de la souplesse articulaire, il est possible d&rsquo;agir pour pr\u00e9server ou regagner des degr\u00e9s d&rsquo;<a href=\"https:\/\/www.belgic.eu\/index.php\/2026\/02\/16\/lheritage-durable-des-marques-horlogeres-familiales-traditionnelles\/\">ind\u00e9pendance<\/a> significatifs. Cela impacte directement la capacit\u00e9 \u00e0 r\u00e9aliser les activit\u00e9s de la <a href=\"https:\/\/www.belgic.eu\/index.php\/2026\/04\/21\/la-vie-quotidienne-sous-le-premier-empire-etait-tres-encadree\/\">vie quotidienne<\/a> sans aide ext\u00e9rieure.<\/p>\n<h3><span class=\"ez-toc-section\" id=\"Les_risques_dune_mobilite_reduite_sur_lautonomie\"><\/span>Les risques d&rsquo;une mobilit\u00e9 r\u00e9duite sur l&rsquo;autonomie<span class=\"ez-toc-section-end\"><\/span><\/h3>\n<p>Une mobilit\u00e9 articulaire limit\u00e9e expose les seniors \u00e0 un risque accru de chutes, d&rsquo;isolement social et de d\u00e9pendance. Des gestes simples deviennent difficiles, entra\u00eenant une diminution de l&rsquo;<a href=\"https:\/\/www.belgic.eu\/index.php\/2026\/02\/20\/lamelioration-du-bien-etre-en-entreprise-par-le-sport-connecte\/\">activit\u00e9 physique<\/a> et, par cons\u00e9quent, un affaiblissement musculaire et osseux. J&rsquo;ai constat\u00e9 que cette spirale peut rapidement d\u00e9grader la <a href=\"https:\/\/www.belgic.eu\/index.php\/2026\/04\/20\/le-coaching-professionnel-aide-a-prevenir-lepuisement-et-la-surcharge-mentale\/\">qualit\u00e9 de vie<\/a> et la confiance en soi.<\/p>\n<h3><span class=\"ez-toc-section\" id=\"Le_role_protecteur_de_la_souplesse_articulaire\"><\/span>Le r\u00f4le protecteur de la souplesse articulaire<span class=\"ez-toc-section-end\"><\/span><\/h3>\n<p>\u00c0 l&rsquo;inverse, des articulations souples et robustes conf\u00e8rent une grande libert\u00e9 de mouvement. Cela permet non seulement de se d\u00e9placer avec aisance, mais aussi de r\u00e9agir plus efficacement aux d\u00e9s\u00e9quilibres, r\u00e9duisant ainsi consid\u00e9rablement le risque de blessures. La souplesse articulaire est un bouclier essentiel contre la perte d&rsquo;autonomie.<\/p>\n<h2><span class=\"ez-toc-section\" id=\"Le_Cadre_MAAS_Votre_methode_pour_une_meilleure_agilite_a_domicile\"><\/span>Le Cadre MAAS : Votre m\u00e9thode pour une meilleure agilit\u00e9 \u00e0 domicile<span class=\"ez-toc-section-end\"><\/span><\/h2>\n<p>Pour accompagner les seniors vers une meilleure autonomie, nous avons d\u00e9velopp\u00e9 le \u00ab\u00a0Cadre MAAS\u00a0\u00bb (Mobilit\u00e9 Articulaire pour l&rsquo;Autonomie des Seniors). Cette approche structur\u00e9e se concentre sur l&rsquo;\u00e9valuation, l&rsquo;action et l&rsquo;<a href=\"https:\/\/www.belgic.eu\/index.php\/2026\/03\/14\/comment-choisir-un-logiciel-de-reporting-financier-adapte-aux-experts-comptables\/\">int\u00e9gration<\/a> des mouvements dans la vie quotidienne.<\/p>\n<h3><span class=\"ez-toc-section\" id=\"Etape_1_Evaluation_Personnalisee_Diagnostic\"><\/span>\u00c9tape 1 : \u00c9valuation Personnalis\u00e9e (Diagnostic)<span class=\"ez-toc-section-end\"><\/span><\/h3>\n<p>La premi\u00e8re \u00e9tape consiste \u00e0 identifier pr\u00e9cis\u00e9ment les zones de faiblesse et les limitations articulaires. Plut\u00f4t que de g\u00e9n\u00e9raliser, le Cadre MAAS propose un auto-diagnostic simple des mouvements cl\u00e9s : rotation de la t\u00eate, \u00e9l\u00e9vation des bras, flexion des genoux et des hanches. Par exemple, une difficult\u00e9 \u00e0 lever les bras au-dessus de la t\u00eate peut indiquer une limitation de l&rsquo;\u00e9paule qui complique la toilette ou l&rsquo;acc\u00e8s aux placards hauts.<\/p>\n<h3><span class=\"ez-toc-section\" id=\"Etape_2_Mouvements_Cibles_Action\"><\/span>\u00c9tape 2 : Mouvements Cibl\u00e9s (Action)<span class=\"ez-toc-section-end\"><\/span><\/h3>\n<p>Une fois les limitations identifi\u00e9es, des exercices sp\u00e9cifiques sont prescrits. Ces mouvements cibl\u00e9s sont con\u00e7us pour augmenter l&rsquo;amplitude articulaire, renforcer les muscles p\u00e9riph\u00e9riques et am\u00e9liorer la coordination. Par exemple, si l&rsquo;\u00e9valuation r\u00e9v\u00e8le une difficult\u00e9 \u00e0 fl\u00e9chir les genoux, des squats partiels ou des exercices de chaise peuvent \u00eatre int\u00e9gr\u00e9s pour renforcer les cuisses et am\u00e9liorer la souplesse des genoux, facilitant ainsi l&rsquo;action de s&rsquo;asseoir et de se lever.<\/p>\n<h3><span class=\"ez-toc-section\" id=\"Etape_3_Integration_Quotidienne_Habitudes\"><\/span>\u00c9tape 3 : Int\u00e9gration Quotidienne (Habitudes)<span class=\"ez-toc-section-end\"><\/span><\/h3>\n<p>L&rsquo;efficacit\u00e9 du Cadre MAAS r\u00e9side dans l&rsquo;int\u00e9gration de ces mouvements dans les routines quotidiennes, transformant l&rsquo;exercice en une habitude naturelle. Il ne s&rsquo;agit pas de faire une \u00ab\u00a0s\u00e9ance de sport\u00a0\u00bb isol\u00e9e, mais de voir chaque mouvement comme une opportunit\u00e9 d&rsquo;am\u00e9liorer sa mobilit\u00e9. Marcher jusqu&rsquo;\u00e0 la bo\u00eete aux lettres est une occasion de travailler l&rsquo;\u00e9quilibre ; se pencher pour ramasser un objet est un exercice de flexion des hanches. J&rsquo;ai observ\u00e9 que cette int\u00e9gration rend la d\u00e9marche moins contraignante et plus durable.<\/p>\n<p>Voici un comparatif des types d&rsquo;exercices cl\u00e9s pour am\u00e9liorer la mobilit\u00e9 des seniors :<\/p>\n<table>\n<thead>\n<tr>\n<th>Type d&rsquo;exercice<\/th>\n<th>B\u00e9n\u00e9fice principal<\/th>\n<th>Exemples d&rsquo;activit\u00e9s<\/th>\n<th>Fr\u00e9quence recommand\u00e9e (Cadre MAAS)<\/th>\n<\/tr>\n<\/thead>\n<tbody>\n<tr>\n<td>\u00c9tirements statiques<\/td>\n<td>Augmente l&rsquo;amplitude articulaire<\/td>\n<td>\u00c9tirement ischio-jambiers, mollets<\/td>\n<td>5-10 min, 3-4 fois\/semaine<\/td>\n<\/tr>\n<tr>\n<td>Renforcement musculaire doux<\/td>\n<td>Soutien articulaire, pr\u00e9vention des chutes<\/td>\n<td>Mini-squats, lev\u00e9es de jambes<\/td>\n<td>10-15 min, 2-3 fois\/semaine<\/td>\n<\/tr>\n<tr>\n<td>\u00c9quilibre et coordination<\/td>\n<td>Stabilit\u00e9 posturale, agilit\u00e9<\/td>\n<td>Marche talon-pointe, tai-chi<\/td>\n<td>10 min, quotidiennement<\/td>\n<\/tr>\n<tr>\n<td>Mobilit\u00e9 fonctionnelle<\/td>\n<td>Gestes quotidiens facilit\u00e9s<\/td>\n<td>Rotation du tronc, mouvements des bras<\/td>\n<td>Tout au long de la journ\u00e9e<\/td>\n<\/tr>\n<\/tbody>\n<\/table>\n<h2><span class=\"ez-toc-section\" id=\"Adapter_son_environnement_pour_favoriser_la_liberte_de_mouvement\"><\/span>Adapter son environnement pour favoriser la libert\u00e9 de mouvement<span class=\"ez-toc-section-end\"><\/span><\/h2>\n<p>Au-del\u00e0 des exercices, l&rsquo;environnement de vie joue un r\u00f4le pr\u00e9pond\u00e9rant dans le maintien de l&rsquo;autonomie. Un domicile s\u00e9curis\u00e9 et adapt\u00e9 encourage le mouvement et minimise les risques de chute, compl\u00e9ment essentiel au Cadre MAAS.<\/p>\n<h3><span class=\"ez-toc-section\" id=\"Amenagements_simples_grands_benefices\"><\/span>Am\u00e9nagements simples, grands b\u00e9n\u00e9fices<span class=\"ez-toc-section-end\"><\/span><\/h3>\n<p>De petits ajustements peuvent faire une grande diff\u00e9rence. Installer des barres d&rsquo;appui dans la salle de bain, \u00e9liminer les tapis glissants, assurer un \u00e9clairage suffisant ou ranger les objets fr\u00e9quemment utilis\u00e9s \u00e0 port\u00e9e de main sont des mesures efficaces. Ces am\u00e9nagements r\u00e9duisent l&rsquo;effort physique n\u00e9cessaire pour les t\u00e2ches quotidiennes et augmentent la confiance en ses capacit\u00e9s.<\/p>\n<h2><span class=\"ez-toc-section\" id=\"Erreurs_courantes_et_comment_les_eviter\"><\/span>Erreurs courantes et comment les \u00e9viter<span class=\"ez-toc-section-end\"><\/span><\/h2>\n<p>Dans la qu\u00eate d&rsquo;une meilleure mobilit\u00e9, certaines erreurs sont fr\u00e9quemment rencontr\u00e9es. Les identifier permet d&rsquo;optimiser les efforts et de garantir des progr\u00e8s durables.<\/p>\n<h3><span class=\"ez-toc-section\" id=\"Ignorer_la_douleur_Un_signal_a_ecouter\"><\/span>Ignorer la douleur : Un signal \u00e0 \u00e9couter<span class=\"ez-toc-section-end\"><\/span><\/h3>\n<p>Cause : La peur de bouger ou la croyance que la douleur est \u00ab\u00a0normale\u00a0\u00bb avec l&rsquo;\u00e2ge.<br \/>\nCe qui se passe : Ignorer une douleur persistante peut aggraver une blessure existante ou en cr\u00e9er de nouvelles, limitant encore plus la mobilit\u00e9.<br \/>\nComment y rem\u00e9dier : Toute douleur nouvelle ou persistante doit \u00eatre \u00e9valu\u00e9e par un professionnel de sant\u00e9. Adapter les exercices en cons\u00e9quence et ne jamais forcer un mouvement douloureux.<\/p>\n<h3><span class=\"ez-toc-section\" id=\"Se_limiter_aux_exercices_classiques_Varier_pour_progresser\"><\/span>Se limiter aux exercices classiques : Varier pour progresser<span class=\"ez-toc-section-end\"><\/span><\/h3>\n<p>Cause : Manque de <a href=\"https:\/\/www.belgic.eu\/index.php\/2026\/03\/16\/la-selection-de-livres-coups-de-coeur-pour-des-conseils-inspirants\/\">connaissances<\/a> sur la diversit\u00e9 des approches ou routine ennuyeuse.<br \/>\nCe qui se passe : Le corps s&rsquo;adapte et les progr\u00e8s stagnent, entra\u00eenant une d\u00e9motivation.<br \/>\nComment y rem\u00e9dier : Int\u00e9grer une vari\u00e9t\u00e9 d&rsquo;exercices (\u00e9tirements, renforcement, \u00e9quilibre, yoga doux, aquagym) et explorer de nouvelles activit\u00e9s pour solliciter diff\u00e9rentes cha\u00eenes musculaires et articulaires. Le Cadre MAAS encourage cette <a href=\"https:\/\/www.belgic.eu\/index.php\/2026\/03\/14\/la-gestion-optimale-des-actifs-pour-les-investisseurs-avises\/\">diversification<\/a>.<\/p>\n<h3><span class=\"ez-toc-section\" id=\"Negliger_lhydratation_et_lalimentation_Les_piliers_internes\"><\/span>N\u00e9gliger l&rsquo;hydratation et l&rsquo;alimentation : Les piliers internes<span class=\"ez-toc-section-end\"><\/span><\/h3>\n<p>Cause : Oubli ou sous-estimation de leur r\u00f4le dans la sant\u00e9 articulaire et musculaire.<br \/>\nCe qui se passe : Une d\u00e9shydratation affecte la lubrification articulaire ; une nutrition insuffisante diminue la force musculaire et la r\u00e9paration tissulaire.<br \/>\nComment y rem\u00e9dier : Assurer un apport hydrique suffisant tout au long de la journ\u00e9e et privil\u00e9gier une alimentation riche en vitamines, min\u00e9raux et prot\u00e9ines pour soutenir la sant\u00e9 des os, des muscles et du cartilage.<\/p>\n<h2><span class=\"ez-toc-section\" id=\"Maintenir_une_dynamique_positive_sur_le_long_terme\"><\/span>Maintenir une dynamique positive sur le long terme<span class=\"ez-toc-section-end\"><\/span><\/h2>\n<p>L&rsquo;am\u00e9lioration de la mobilit\u00e9 articulaire est un processus continu, non un objectif ponctuel. La pers\u00e9v\u00e9rance et l&rsquo;ajustement sont essentiels pour ancrer les b\u00e9n\u00e9fices et continuer \u00e0 jouir d&rsquo;une pleine autonomie.<\/p>\n<h3><span class=\"ez-toc-section\" id=\"Le_suivi_regulier_et_lajustement\"><\/span>Le suivi r\u00e9gulier et l&rsquo;ajustement<span class=\"ez-toc-section-end\"><\/span><\/h3>\n<p>Selon notre analyse interne, un suivi r\u00e9gulier de ses progr\u00e8s et un ajustement des exercices sont d\u00e9terminants. Cela peut impliquer une r\u00e9\u00e9valuation p\u00e9riodique de l&rsquo;amplitude de mouvement ou l&rsquo;augmentation progressive de la difficult\u00e9 des exercices. L&rsquo;\u00e9coute de son corps et l&rsquo;adaptation aux changements sont des principes fondamentaux pour maintenir une mobilit\u00e9 optimale et pr\u00e9server son ind\u00e9pendance \u00e0 domicile.<\/p>\n<p>En adoptant une approche proactive et en int\u00e9grant des strat\u00e9gies cibl\u00e9es comme celles du Cadre MAAS, les seniors peuvent non seulement am\u00e9liorer leur mobilit\u00e9 articulaire, mais surtout enrichir leur autonomie. C&rsquo;est un <a href=\"https:\/\/www.belgic.eu\/index.php\/2026\/02\/20\/lachat-dune-residence-principale-suit-plusieurs-etapes-cles\/\">investissement<\/a> quotidien pour une libert\u00e9 retrouv\u00e9e et une meilleure qualit\u00e9 de vie.<\/p>\n<h2><span class=\"ez-toc-section\" id=\"Questions_Frequentes_sur_la_Mobilite_Articulaire_des_Seniors\"><\/span>Questions Fr\u00e9quentes sur la Mobilit\u00e9 Articulaire des Seniors<span class=\"ez-toc-section-end\"><\/span><\/h2>\n<h3><span class=\"ez-toc-section\" id=\"A_quel_age_doit-on_commencer_a_se_preoccuper_de_la_mobilite_articulaire\"><\/span>\u00c0 quel \u00e2ge doit-on commencer \u00e0 se pr\u00e9occuper de la mobilit\u00e9 articulaire ?<span class=\"ez-toc-section-end\"><\/span><\/h3>\n<p>Il est recommand\u00e9 de commencer \u00e0 se pr\u00e9occuper de la mobilit\u00e9 articulaire d\u00e8s la cinquantaine, voire avant, pour pr\u00e9venir son d\u00e9clin.<\/p>\n<h3><span class=\"ez-toc-section\" id=\"Les_exercices_doux_sont-ils_vraiment_efficaces_pour_les_articulations_des_seniors\"><\/span>Les exercices doux sont-ils vraiment efficaces pour les articulations des seniors ?<span class=\"ez-toc-section-end\"><\/span><\/h3>\n<p>Oui, les exercices doux et r\u00e9guliers sont tr\u00e8s efficaces pour maintenir la souplesse et renforcer les articulations des seniors sans les solliciter excessivement.<\/p>\n<h3><span class=\"ez-toc-section\" id=\"Comment_savoir_si_mes_douleurs_articulaires_sont_dues_a_un_manque_de_mobilite_ou_a_larthrose\"><\/span>Comment savoir si mes douleurs articulaires sont dues \u00e0 un manque de mobilit\u00e9 ou \u00e0 l&rsquo;arthrose ?<span class=\"ez-toc-section-end\"><\/span><\/h3>\n<p>Seul un m\u00e9decin peut poser un diagnostic pr\u00e9cis entre un manque de mobilit\u00e9 et une pathologie comme l&rsquo;arthrose.<\/p>\n<h3><span class=\"ez-toc-section\" id=\"Est-il_possible_de_recuperer_une_mobilite_articulaire_significative_apres_70_ans\"><\/span>Est-il possible de r\u00e9cup\u00e9rer une mobilit\u00e9 articulaire significative apr\u00e8s 70 ans ?<span class=\"ez-toc-section-end\"><\/span><\/h3>\n<p>Oui, avec des exercices adapt\u00e9s et de la pers\u00e9v\u00e9rance, il est tout \u00e0 fait possible de r\u00e9cup\u00e9rer une mobilit\u00e9 articulaire significative \u00e0 tout \u00e2ge.<\/p>\n<h3><span class=\"ez-toc-section\" id=\"Faut-il_un_equipement_specifique_pour_les_exercices_de_mobilite_a_domicile\"><\/span>Faut-il un \u00e9quipement sp\u00e9cifique pour les exercices de mobilit\u00e9 \u00e0 domicile ?<span class=\"ez-toc-section-end\"><\/span><\/h3>\n<p>Non, de nombreux exercices de mobilit\u00e9 peuvent \u00eatre r\u00e9alis\u00e9s \u00e0 domicile sans aucun \u00e9quipement sp\u00e9cifique, en utilisant le poids du corps ou des objets du quotidien.<\/p>\n","protected":false},"excerpt":{"rendered":"<p> &#8230; <a title=\"La mobilit\u00e9 articulaire am\u00e9liore l\u2019autonomie des seniors \u00e0 domicile\" class=\"read-more\" href=\"https:\/\/www.belgic.eu\/index.php\/2026\/04\/09\/la-mobilite-articulaire-ameliore-lautonomie-des-seniors-a-domicile\/\" aria-label=\"En savoir plus sur La mobilit\u00e9 articulaire am\u00e9liore l\u2019autonomie des seniors \u00e0 domicile\">Lire plus<\/a><\/p>\n","protected":false},"author":3,"featured_media":465,"comment_status":"open","ping_status":"open","sticky":false,"template":"","format":"standard","meta":{"fifu_image_url":"","fifu_image_alt":"","footnotes":""},"categories":[1536],"tags":[1737,857,1738,1494,1739,1736,1740,314],"class_list":["post-489","post","type-post","status-publish","format-standard","has-post-thumbnail","hentry","category-mode-de-vie","tag-articulations-souples","tag-autonomie","tag-bien-vieillir-chez-soi","tag-domicile","tag-exercice-quotidien","tag-mobilite","tag-prevention-chutes","tag-seniors","resize-featured-image"],"_links":{"self":[{"href":"https:\/\/www.belgic.eu\/index.php\/wp-json\/wp\/v2\/posts\/489","targetHints":{"allow":["GET"]}}],"collection":[{"href":"https:\/\/www.belgic.eu\/index.php\/wp-json\/wp\/v2\/posts"}],"about":[{"href":"https:\/\/www.belgic.eu\/index.php\/wp-json\/wp\/v2\/types\/post"}],"author":[{"embeddable":true,"href":"https:\/\/www.belgic.eu\/index.php\/wp-json\/wp\/v2\/users\/3"}],"replies":[{"embeddable":true,"href":"https:\/\/www.belgic.eu\/index.php\/wp-json\/wp\/v2\/comments?post=489"}],"version-history":[{"count":1,"href":"https:\/\/www.belgic.eu\/index.php\/wp-json\/wp\/v2\/posts\/489\/revisions"}],"predecessor-version":[{"id":1445,"href":"https:\/\/www.belgic.eu\/index.php\/wp-json\/wp\/v2\/posts\/489\/revisions\/1445"}],"wp:featuredmedia":[{"embeddable":true,"href":"https:\/\/www.belgic.eu\/index.php\/wp-json\/wp\/v2\/media\/465"}],"wp:attachment":[{"href":"https:\/\/www.belgic.eu\/index.php\/wp-json\/wp\/v2\/media?parent=489"}],"wp:term":[{"taxonomy":"category","embeddable":true,"href":"https:\/\/www.belgic.eu\/index.php\/wp-json\/wp\/v2\/categories?post=489"},{"taxonomy":"post_tag","embeddable":true,"href":"https:\/\/www.belgic.eu\/index.php\/wp-json\/wp\/v2\/tags?post=489"}],"curies":[{"name":"wp","href":"https:\/\/api.w.org\/{rel}","templated":true}]}}