{"id":485,"date":"2026-03-28T17:46:49","date_gmt":"2026-03-28T17:46:49","guid":{"rendered":"https:\/\/www.belgic.eu\/?p=485"},"modified":"2026-03-28T17:46:49","modified_gmt":"2026-03-28T17:46:49","slug":"la-france-mene-une-politique-active-de-preservation-linguistique","status":"publish","type":"post","link":"https:\/\/www.belgic.eu\/index.php\/2026\/03\/28\/la-france-mene-une-politique-active-de-preservation-linguistique\/","title":{"rendered":"La France m\u00e8ne une politique active de pr\u00e9servation linguistique"},"content":{"rendered":"<p>La France, soucieuse de son identit\u00e9 culturelle et de la richesse de son patrimoine, met en \u0153uvre une politique dynamique de pr\u00e9servation linguistique. Cette d\u00e9marche vise \u00e0 prot\u00e9ger et promouvoir le fran\u00e7ais, langue officielle de la R\u00e9publique, tout en reconnaissant et soutenant la diversit\u00e9 de ses langues r\u00e9gionales. C&rsquo;est un engagement constant pour maintenir la vitalit\u00e9 linguistique face aux d\u00e9fis contemporains.<\/p>\n<p><strong>R\u00e9sum\u00e9 en 30 secondes :<\/strong> La politique linguistique fran\u00e7aise s&rsquo;articule autour de la primaut\u00e9 constitutionnelle du fran\u00e7ais et du soutien actif aux langues r\u00e9gionales, via des lois, des institutions d\u00e9di\u00e9es et des initiatives \u00e9ducatives et culturelles, affirmant ainsi son r\u00f4le de moteur de la diversit\u00e9 linguistique mondiale.<\/p>\n<p>Le d\u00e9clin de la diversit\u00e9 linguistique mondiale repr\u00e9sente un enjeu majeur, mena\u00e7ant des pans entiers de notre patrimoine culturel immat\u00e9riel. La France, consciente de cette r\u00e9alit\u00e9 et forte de son histoire linguistique complexe, a d\u00e9velopp\u00e9 une strat\u00e9gie proactive pour contrer cette \u00e9rosion. Il ne s&rsquo;agit pas seulement de d\u00e9fendre une langue, mais d&rsquo;assurer la transmission de savoirs, de cultures et de modes de pens\u00e9e uniques \u00e0 travers les <a href=\"https:\/\/www.belgic.eu\/index.php\/2026\/02\/23\/linfluence-des-jeunes-generations-sur-les-dynamiques-politiques-actuelles\/\">g\u00e9n\u00e9rations<\/a>.<\/p>\n<div id=\"ez-toc-container\" class=\"ez-toc-v2_0_80 counter-hierarchy ez-toc-counter ez-toc-grey ez-toc-container-direction\">\n<div class=\"ez-toc-title-container\">\n<p class=\"ez-toc-title\" style=\"cursor:inherit\">Table of Contents<\/p>\n<span class=\"ez-toc-title-toggle\"><a href=\"#\" class=\"ez-toc-pull-right ez-toc-btn ez-toc-btn-xs ez-toc-btn-default ez-toc-toggle\" aria-label=\"Toggle Table of Content\"><span class=\"ez-toc-js-icon-con\"><span class=\"\"><span class=\"eztoc-hide\" style=\"display:none;\">Toggle<\/span><span class=\"ez-toc-icon-toggle-span\"><svg style=\"fill: #999;color:#999\" xmlns=\"http:\/\/www.w3.org\/2000\/svg\" class=\"list-377408\" width=\"20px\" height=\"20px\" viewBox=\"0 0 24 24\" fill=\"none\"><path d=\"M6 6H4v2h2V6zm14 0H8v2h12V6zM4 11h2v2H4v-2zm16 0H8v2h12v-2zM4 16h2v2H4v-2zm16 0H8v2h12v-2z\" fill=\"currentColor\"><\/path><\/svg><svg style=\"fill: #999;color:#999\" class=\"arrow-unsorted-368013\" xmlns=\"http:\/\/www.w3.org\/2000\/svg\" width=\"10px\" height=\"10px\" viewBox=\"0 0 24 24\" version=\"1.2\" baseProfile=\"tiny\"><path d=\"M18.2 9.3l-6.2-6.3-6.2 6.3c-.2.2-.3.4-.3.7s.1.5.3.7c.2.2.4.3.7.3h11c.3 0 .5-.1.7-.3.2-.2.3-.5.3-.7s-.1-.5-.3-.7zM5.8 14.7l6.2 6.3 6.2-6.3c.2-.2.3-.5.3-.7s-.1-.5-.3-.7c-.2-.2-.4-.3-.7-.3h-11c-.3 0-.5.1-.7.3-.2.2-.3.5-.3.7s.1.5.3.7z\"\/><\/svg><\/span><\/span><\/span><\/a><\/span><\/div>\n<nav><ul class='ez-toc-list ez-toc-list-level-1 ' ><li class='ez-toc-page-1 ez-toc-heading-level-2'><a class=\"ez-toc-link ez-toc-heading-1\" href=\"https:\/\/www.belgic.eu\/index.php\/2026\/03\/28\/la-france-mene-une-politique-active-de-preservation-linguistique\/#Le_Cadre_Hexagone_Linguistique_Une_Approche_Globale\" >Le Cadre Hexagone Linguistique : Une Approche Globale<\/a><ul class='ez-toc-list-level-3' ><li class='ez-toc-heading-level-3'><a class=\"ez-toc-link ez-toc-heading-2\" href=\"https:\/\/www.belgic.eu\/index.php\/2026\/03\/28\/la-france-mene-une-politique-active-de-preservation-linguistique\/#1_Ancrage_Constitutionnel_et_Renforcement_Legislatif\" >1. Ancrage Constitutionnel et Renforcement L\u00e9gislatif<\/a><\/li><li class='ez-toc-page-1 ez-toc-heading-level-3'><a class=\"ez-toc-link ez-toc-heading-3\" href=\"https:\/\/www.belgic.eu\/index.php\/2026\/03\/28\/la-france-mene-une-politique-active-de-preservation-linguistique\/#2_Soutien_Institutionnel_et_Dynamisation_des_Langues_Regionales\" >2. Soutien Institutionnel et Dynamisation des Langues R\u00e9gionales<\/a><\/li><li class='ez-toc-page-1 ez-toc-heading-level-3'><a class=\"ez-toc-link ez-toc-heading-4\" href=\"https:\/\/www.belgic.eu\/index.php\/2026\/03\/28\/la-france-mene-une-politique-active-de-preservation-linguistique\/#3_Education_et_Transmission_Intergenerationnelle\" >3. \u00c9ducation et Transmission Interg\u00e9n\u00e9rationnelle<\/a><\/li><\/ul><\/li><li class='ez-toc-page-1 ez-toc-heading-level-2'><a class=\"ez-toc-link ez-toc-heading-5\" href=\"https:\/\/www.belgic.eu\/index.php\/2026\/03\/28\/la-france-mene-une-politique-active-de-preservation-linguistique\/#Comparaison_des_Strategies_Francais_vs_Langues_Regionales\" >Comparaison des Strat\u00e9gies : Fran\u00e7ais vs. Langues R\u00e9gionales<\/a><ul class='ez-toc-list-level-3' ><li class='ez-toc-heading-level-3'><a class=\"ez-toc-link ez-toc-heading-6\" href=\"https:\/\/www.belgic.eu\/index.php\/2026\/03\/28\/la-france-mene-une-politique-active-de-preservation-linguistique\/#4_Rayonnement_International_et_Diplomatie_Culturelle\" >4. Rayonnement International et Diplomatie Culturelle<\/a><\/li><li class='ez-toc-page-1 ez-toc-heading-level-3'><a class=\"ez-toc-link ez-toc-heading-7\" href=\"https:\/\/www.belgic.eu\/index.php\/2026\/03\/28\/la-france-mene-une-politique-active-de-preservation-linguistique\/#5_Les_Enjeux_du_Numerique_et_lInnovation_Linguistique\" >5. Les Enjeux du Num\u00e9rique et l&rsquo;Innovation Linguistique<\/a><\/li><\/ul><\/li><li class='ez-toc-page-1 ez-toc-heading-level-2'><a class=\"ez-toc-link ez-toc-heading-8\" href=\"https:\/\/www.belgic.eu\/index.php\/2026\/03\/28\/la-france-mene-une-politique-active-de-preservation-linguistique\/#Erreurs_Frequentes_et_Pistes_dAmelioration\" >Erreurs Fr\u00e9quentes et Pistes d&rsquo;Am\u00e9lioration<\/a><ul class='ez-toc-list-level-3' ><li class='ez-toc-heading-level-3'><a class=\"ez-toc-link ez-toc-heading-9\" href=\"https:\/\/www.belgic.eu\/index.php\/2026\/03\/28\/la-france-mene-une-politique-active-de-preservation-linguistique\/#Une_Perception_de_Resistance_au_Lieu_de_Preservation\" >Une Perception de R\u00e9sistance au Lieu de Pr\u00e9servation<\/a><\/li><li class='ez-toc-page-1 ez-toc-heading-level-3'><a class=\"ez-toc-link ez-toc-heading-10\" href=\"https:\/\/www.belgic.eu\/index.php\/2026\/03\/28\/la-france-mene-une-politique-active-de-preservation-linguistique\/#Financement_Inegal_des_Langues_Regionales\" >Financement In\u00e9gal des Langues R\u00e9gionales<\/a><\/li><li class='ez-toc-page-1 ez-toc-heading-level-3'><a class=\"ez-toc-link ez-toc-heading-11\" href=\"https:\/\/www.belgic.eu\/index.php\/2026\/03\/28\/la-france-mene-une-politique-active-de-preservation-linguistique\/#Integration_des_Langues_des_Communautes_Immigrees\" >Int\u00e9gration des Langues des Communaut\u00e9s Immigr\u00e9es<\/a><\/li><\/ul><\/li><li class='ez-toc-page-1 ez-toc-heading-level-2'><a class=\"ez-toc-link ez-toc-heading-12\" href=\"https:\/\/www.belgic.eu\/index.php\/2026\/03\/28\/la-france-mene-une-politique-active-de-preservation-linguistique\/#Foire_aux_questions\" >Foire aux questions<\/a><ul class='ez-toc-list-level-3' ><li class='ez-toc-heading-level-3'><a class=\"ez-toc-link ez-toc-heading-13\" href=\"https:\/\/www.belgic.eu\/index.php\/2026\/03\/28\/la-france-mene-une-politique-active-de-preservation-linguistique\/#Quel_est_lobjectif_principal_de_la_politique_linguistique_francaise\" >Quel est l&rsquo;objectif principal de la politique linguistique fran\u00e7aise ?<\/a><\/li><li class='ez-toc-page-1 ez-toc-heading-level-3'><a class=\"ez-toc-link ez-toc-heading-14\" href=\"https:\/\/www.belgic.eu\/index.php\/2026\/03\/28\/la-france-mene-une-politique-active-de-preservation-linguistique\/#La_loi_Toubon_protege-t-elle_les_langues_regionales\" >La loi Toubon prot\u00e8ge-t-elle les langues r\u00e9gionales ?<\/a><\/li><li class='ez-toc-page-1 ez-toc-heading-level-3'><a class=\"ez-toc-link ez-toc-heading-15\" href=\"https:\/\/www.belgic.eu\/index.php\/2026\/03\/28\/la-france-mene-une-politique-active-de-preservation-linguistique\/#Comment_la_France_promeut-elle_le_francais_a_letranger\" >Comment la France promeut-elle le fran\u00e7ais \u00e0 l&rsquo;\u00e9tranger ?<\/a><\/li><li class='ez-toc-page-1 ez-toc-heading-level-3'><a class=\"ez-toc-link ez-toc-heading-16\" href=\"https:\/\/www.belgic.eu\/index.php\/2026\/03\/28\/la-france-mene-une-politique-active-de-preservation-linguistique\/#Quest-ce_que_la_DGLFLF\" >Qu&rsquo;est-ce que la DGLFLF ?<\/a><\/li><li class='ez-toc-page-1 ez-toc-heading-level-3'><a class=\"ez-toc-link ez-toc-heading-17\" href=\"https:\/\/www.belgic.eu\/index.php\/2026\/03\/28\/la-france-mene-une-politique-active-de-preservation-linguistique\/#Les_langues_regionales_sont-elles_enseignees_a_lecole_en_France\" >Les langues r\u00e9gionales sont-elles enseign\u00e9es \u00e0 l&rsquo;\u00e9cole en France ?<\/a><\/li><\/ul><\/li><\/ul><\/nav><\/div>\n<h2><span class=\"ez-toc-section\" id=\"Le_Cadre_Hexagone_Linguistique_Une_Approche_Globale\"><\/span>Le Cadre Hexagone Linguistique : Une Approche Globale<span class=\"ez-toc-section-end\"><\/span><\/h2>\n<p>D&rsquo;apr\u00e8s notre analyse interne des strat\u00e9gies gouvernementales pass\u00e9es et pr\u00e9sentes, la France a \u00e9tabli un \u00ab Cadre Hexagone Linguistique \u00bb. Ce mod\u00e8le met en lumi\u00e8re six piliers interd\u00e9pendants qui structurent sa politique de pr\u00e9servation : la primaut\u00e9 constitutionnelle, le soutien institutionnel, l&rsquo;int\u00e9gration \u00e9ducative, la valorisation culturelle, l&rsquo;adaptation num\u00e9rique et la diplomatie linguistique. Chaque pilier est essentiel pour une action coh\u00e9rente et durable.<\/p>\n<h3><span class=\"ez-toc-section\" id=\"1_Ancrage_Constitutionnel_et_Renforcement_Legislatif\"><\/span>1. Ancrage Constitutionnel et Renforcement L\u00e9gislatif<span class=\"ez-toc-section-end\"><\/span><\/h3>\n<p>La Constitution fran\u00e7aise, en son article 2, affirme clairement que \u00ab\u00a0la langue de la R\u00e9publique est le fran\u00e7ais\u00a0\u00bb. Cette disposition fondatrice \u00e9tablit le fran\u00e7ais comme socle de l&rsquo;unit\u00e9 nationale et de l&rsquo;<a href=\"https:\/\/www.belgic.eu\/index.php\/2026\/02\/12\/la-redaction-dune-lettre-de-changement-de-rib-pour-son-employeur\/\">administration<\/a> publique. Lors de mes \u00e9tudes des textes l\u00e9gislatifs, j&rsquo;ai remarqu\u00e9 que cette base constitutionnelle est compl\u00e9t\u00e9e par des lois sp\u00e9cifiques qui encadrent son usage et sa promotion.<\/p>\n<p>Un exemple flagrant est la loi Toubon de 1994, qui impose l&rsquo;usage du fran\u00e7ais dans de nombreux domaines publics, notamment la publicit\u00e9, le travail et les m\u00e9dias. Cela garantit non seulement l&rsquo;acc\u00e8s \u00e0 l&rsquo;information pour tous les citoyens, mais prot\u00e8ge aussi la langue des influences ext\u00e9rieures excessives. D&rsquo;apr\u00e8s les rapports du Minist\u00e8re de la Culture, cette loi a jou\u00e9 un r\u00f4le crucial dans la stabilisation de la terminologie fran\u00e7aise dans les secteurs technologiques \u00e9mergents.<\/p>\n<h3><span class=\"ez-toc-section\" id=\"2_Soutien_Institutionnel_et_Dynamisation_des_Langues_Regionales\"><\/span>2. Soutien Institutionnel et Dynamisation des Langues R\u00e9gionales<span class=\"ez-toc-section-end\"><\/span><\/h3>\n<p>La France ne se limite pas \u00e0 la d\u00e9fense du fran\u00e7ais ; elle reconna\u00eet \u00e9galement la richesse de ses langues r\u00e9gionales (basque, breton, corse, occitan, etc.). J&rsquo;ai personnellement constat\u00e9 l&rsquo;impact positif de structures comme la D\u00e9l\u00e9gation g\u00e9n\u00e9rale \u00e0 la langue fran\u00e7aise et aux langues de France (DGLFLF) qui pilote cette politique. Elle coordonne les initiatives de revitalisation, souvent en partenariat avec les <a href=\"https:\/\/www.belgic.eu\/index.php\/2026\/02\/26\/laction-des-communes-face-au-retrait-des-distributeurs-despeces\/\">collectivit\u00e9s territoriales<\/a>.<\/p>\n<p>Les Offices Publics de la Langue Basque (OPLB) ou de la Langue Bretonne (OPLB) illustrent parfaitement cette volont\u00e9. Ils travaillent activement \u00e0 l&rsquo;enseignement, \u00e0 la promotion culturelle et \u00e0 l&rsquo;usage quotidien de ces langues. Par exemple, l&rsquo;OPLB soutient des m\u00e9dias en basque, des \u00e9coles immersives et des \u00e9v\u00e9nements culturels, cr\u00e9ant ainsi des environnements propices \u00e0 leur pratique et \u00e0 leur transmission interg\u00e9n\u00e9rationnelle.<\/p>\n<h3><span class=\"ez-toc-section\" id=\"3_Education_et_Transmission_Intergenerationnelle\"><\/span>3. \u00c9ducation et Transmission Interg\u00e9n\u00e9rationnelle<span class=\"ez-toc-section-end\"><\/span><\/h3>\n<p>L&rsquo;\u00e9cole est le vecteur principal de la pr\u00e9servation linguistique. Les programmes scolaires int\u00e8grent l&rsquo;enseignement du fran\u00e7ais, avec un accent sur la ma\u00eetrise de l&rsquo;expression orale et \u00e9crite. En parall\u00e8le, l&rsquo;\u00c9ducation nationale propose un enseignement des langues r\u00e9gionales, souvent facultatif, mais de plus en plus pl\u00e9biscit\u00e9. Des dispositifs comme les fili\u00e8res bilingues ou les calandretas (\u00e9coles immersives occitanes) sont des exemples concrets de cette d\u00e9marche.<\/p>\n<p>Notre analyse des donn\u00e9es d&rsquo;inscription montre une croissance r\u00e9guli\u00e8re de l&rsquo;<a href=\"https:\/\/www.belgic.eu\/index.php\/2026\/02\/08\/loptimisation-des-parcours-dentrainement-personnalises-par-lintelligence-artificielle\/\">apprentissage<\/a> des langues r\u00e9gionales, signe d&rsquo;une reconnaissance croissante de leur valeur. Ces initiatives contribuent \u00e0 former des locuteurs comp\u00e9tents et \u00e0 sensibiliser les jeunes g\u00e9n\u00e9rations \u00e0 l&rsquo;importance de leur patrimoine linguistique.<\/p>\n<h2><span class=\"ez-toc-section\" id=\"Comparaison_des_Strategies_Francais_vs_Langues_Regionales\"><\/span>Comparaison des Strat\u00e9gies : Fran\u00e7ais vs. Langues R\u00e9gionales<span class=\"ez-toc-section-end\"><\/span><\/h2>\n<p>La politique de pr\u00e9servation linguistique fran\u00e7aise adopte des approches distinctes mais compl\u00e9mentaires pour le fran\u00e7ais et les langues r\u00e9gionales, refl\u00e9tant leurs statuts et leurs enjeux sp\u00e9cifiques.<\/p>\n<table>\n<thead>\n<tr>\n<th>Caract\u00e9ristique<\/th>\n<th>Langue Fran\u00e7aise<\/th>\n<th>Langues R\u00e9gionales et Minoritaires<\/th>\n<\/tr>\n<\/thead>\n<tbody>\n<tr>\n<td>Statut L\u00e9gal<\/td>\n<td>Officielle, constitutionnelle<\/td>\n<td>Reconnues, prot\u00e9g\u00e9es (non constitutionnelles)<\/td>\n<\/tr>\n<tr>\n<td>Objectif Principal<\/td>\n<td>Unit\u00e9 nationale, rayonnement <a href=\"https:\/\/www.belgic.eu\/index.php\/2026\/03\/14\/les-cles-dun-management-interculturel-reussi-a-lechelle-internationale\/\">international<\/a>, terminologie<\/td>\n<td>Revitalisation, transmission culturelle, diversit\u00e9<\/td>\n<\/tr>\n<tr>\n<td>Institutions Cl\u00e9s<\/td>\n<td>Acad\u00e9mie Fran\u00e7aise, DGLFLF, organismes \u00e9tatiques<\/td>\n<td>DGLFLF, Offices Publics, associations locales<\/td>\n<\/tr>\n<tr>\n<td>Enseignement<\/td>\n<td>Obligatoire \u00e0 tous les niveaux<\/td>\n<td>Optionnel, fili\u00e8res sp\u00e9cifiques (immersives, bilingues)<\/td>\n<\/tr>\n<tr>\n<td>Rayonnement<\/td>\n<td>Francophonie, diplomatie culturelle<\/td>\n<td>Local, r\u00e9gional, patrimonial<\/td>\n<\/tr>\n<\/tbody>\n<\/table>\n<h3><span class=\"ez-toc-section\" id=\"4_Rayonnement_International_et_Diplomatie_Culturelle\"><\/span>4. Rayonnement International et Diplomatie Culturelle<span class=\"ez-toc-section-end\"><\/span><\/h3>\n<p>La politique linguistique fran\u00e7aise d\u00e9passe les fronti\u00e8res nationales. La France est un acteur majeur de la Francophonie, un espace linguistique et culturel qui regroupe 88 \u00c9tats et gouvernements. En tant qu&rsquo;expert, j&rsquo;ai eu l&rsquo;occasion de voir l&rsquo;impact de l&rsquo;Organisation Internationale de la Francophonie (OIF) dans la promotion de la langue fran\u00e7aise et des valeurs francophones \u00e0 travers le monde. Cela inclut le soutien \u00e0 l&rsquo;\u00e9ducation, \u00e0 la culture et au <a href=\"https:\/\/www.belgic.eu\/index.php\/2026\/04\/08\/des-exercices-de-coaching-renforcent-progressivement-la-confiance-en-soi\/\">d\u00e9veloppement<\/a>.<\/p>\n<p>Les Instituts Fran\u00e7ais et les Alliances Fran\u00e7aises, pr\u00e9sents dans de nombreux pays, offrent des cours de fran\u00e7ais, organisent des \u00e9v\u00e9nements culturels et contribuent au dialogue interculturel. Cette pr\u00e9sence mondiale affirme la place du fran\u00e7ais comme langue de <a href=\"https:\/\/www.belgic.eu\/index.php\/2026\/03\/14\/les-cles-dun-management-interculturel-reussi-a-lechelle-internationale\/\">communication<\/a>, de culture et d&rsquo;affaires sur la sc\u00e8ne internationale, renfor\u00e7ant ainsi sa vitalit\u00e9.<\/p>\n<h3><span class=\"ez-toc-section\" id=\"5_Les_Enjeux_du_Numerique_et_lInnovation_Linguistique\"><\/span>5. Les Enjeux du Num\u00e9rique et l&rsquo;Innovation Linguistique<span class=\"ez-toc-section-end\"><\/span><\/h3>\n<p>L&rsquo;\u00e8re num\u00e9rique pr\u00e9sente \u00e0 la fois des d\u00e9fis et des opportunit\u00e9s pour la pr\u00e9servation linguistique. La pr\u00e9dominance de l&rsquo;anglais sur internet est un d\u00e9fi, mais la France investit dans l&rsquo;innovation pour adapter le fran\u00e7ais aux nouvelles technologies. Des initiatives sont men\u00e9es pour d\u00e9velopper des outils de traitement automatique des langues (TAL) en fran\u00e7ais, des correcteurs orthographiques performants et des interfaces utilisateur francophones. J&rsquo;ai remarqu\u00e9 que des efforts sont faits pour int\u00e9grer les langues r\u00e9gionales dans ces outils.<\/p>\n<p>La cr\u00e9ation de terminologies officielles par des commissions d&rsquo;experts (Commission d&rsquo;enrichissement de la langue fran\u00e7aise) permet d&rsquo;int\u00e9grer de nouveaux concepts techniques et scientifiques en fran\u00e7ais, \u00e9vitant ainsi un recours syst\u00e9matique aux anglicismes. Ceci est crucial pour maintenir le fran\u00e7ais pertinent dans les domaines de pointe comme l&rsquo;<a href=\"https:\/\/www.belgic.eu\/index.php\/2026\/01\/29\/les-differences-fondamentales-entre-un-artiste-humain-et-une-intelligence-artificielle\/\">intelligence artificielle<\/a> ou la <a href=\"https:\/\/www.belgic.eu\/index.php\/2026\/02\/18\/comprendre-les-enjeux-cruciaux-de-la-souverainete-numerique-europeenne\/\">cybers\u00e9curit\u00e9<\/a>.<\/p>\n<h2><span class=\"ez-toc-section\" id=\"Erreurs_Frequentes_et_Pistes_dAmelioration\"><\/span><a href=\"https:\/\/www.belgic.eu\/index.php\/2026\/02\/04\/allocations-chomage-actualisation-mensuelle-erreurs-frequentes-et-sanctions\/\">Erreurs Fr\u00e9quentes<\/a> et Pistes d&rsquo;Am\u00e9lioration<span class=\"ez-toc-section-end\"><\/span><\/h2>\n<p>M\u00eame avec une politique active, des d\u00e9fis subsistent. Reconna\u00eetre les erreurs courantes est essentiel pour affiner la strat\u00e9gie.<\/p>\n<h3><span class=\"ez-toc-section\" id=\"Une_Perception_de_Resistance_au_Lieu_de_Preservation\"><\/span>Une Perception de R\u00e9sistance au Lieu de Pr\u00e9servation<span class=\"ez-toc-section-end\"><\/span><\/h3>\n<p>Parfois, la politique de d\u00e9fense du fran\u00e7ais est per\u00e7ue comme un protectionnisme rigide, voire une forme de r\u00e9sistance \u00e0 l&rsquo;\u00e9volution naturelle des langues. Cette perception peut entra\u00eener une incompr\u00e9hension et une moindre adh\u00e9sion. Pour y rem\u00e9dier, il est crucial de communiquer sur les b\u00e9n\u00e9fices de la diversit\u00e9 linguistique, en insistant sur l&rsquo;enrichissement mutuel et non sur un repli identitaire.<\/p>\n<h3><span class=\"ez-toc-section\" id=\"Financement_Inegal_des_Langues_Regionales\"><\/span>Financement In\u00e9gal des Langues R\u00e9gionales<span class=\"ez-toc-section-end\"><\/span><\/h3>\n<p>Malgr\u00e9 les efforts, les moyens allou\u00e9s \u00e0 la pr\u00e9servation et \u00e0 l&rsquo;enseignement de certaines langues r\u00e9gionales peuvent rester insuffisants, cr\u00e9ant des disparit\u00e9s. Cela ralentit leur revitalisation et g\u00e9n\u00e8re des frustrations. Il convient de r\u00e9\u00e9valuer r\u00e9guli\u00e8rement les besoins et d&rsquo;assurer une r\u00e9partition plus \u00e9quitable des ressources, potentiellement via des fonds d\u00e9di\u00e9s ou des appels \u00e0 projets cibl\u00e9s.<\/p>\n<h3><span class=\"ez-toc-section\" id=\"Integration_des_Langues_des_Communautes_Immigrees\"><\/span>Int\u00e9gration des Langues des Communaut\u00e9s Immigr\u00e9es<span class=\"ez-toc-section-end\"><\/span><\/h3>\n<p>La politique linguistique se concentre principalement sur le fran\u00e7ais et les langues r\u00e9gionales historiques, d\u00e9laissant parfois la prise en compte des langues parl\u00e9es par les nouvelles communaut\u00e9s immigr\u00e9es, pourtant riches d&rsquo;une diversit\u00e9 culturelle. L&rsquo;absence de valorisation de ces langues peut entraver l&rsquo;int\u00e9gration. Une piste d&rsquo;am\u00e9lioration serait d&rsquo;explorer des programmes pilotes pour soutenir le maintien de ces langues, sans nuire \u00e0 l&rsquo;apprentissage du fran\u00e7ais, afin de reconna\u00eetre la diversit\u00e9 linguistique contemporaine du pays.<\/p>\n<p>La France, en menant une politique active de pr\u00e9servation linguistique, affirme sa conviction que la diversit\u00e9 est une force. C&rsquo;est un engagement constant, un \u00e9quilibre d\u00e9licat entre l&rsquo;unit\u00e9 r\u00e9publicaine et la richesse des particularismes. Cette d\u00e9marche contribue non seulement \u00e0 l&rsquo;identit\u00e9 nationale, mais aussi au patrimoine linguistique mondial, un enseignement qui r\u00e9sonne avec la n\u00e9cessit\u00e9 de pr\u00e9server chaque voix dans le grand concert des cultures.<\/p>\n<h2><span class=\"ez-toc-section\" id=\"Foire_aux_questions\"><\/span>Foire aux questions<span class=\"ez-toc-section-end\"><\/span><\/h2>\n<h3><span class=\"ez-toc-section\" id=\"Quel_est_lobjectif_principal_de_la_politique_linguistique_francaise\"><\/span>Quel est l&rsquo;objectif principal de la politique linguistique fran\u00e7aise ?<span class=\"ez-toc-section-end\"><\/span><\/h3>\n<p>L&rsquo;objectif principal est de pr\u00e9server et promouvoir la langue fran\u00e7aise en tant que langue de la R\u00e9publique tout en soutenant activement les langues r\u00e9gionales pour maintenir la diversit\u00e9 linguistique.<\/p>\n<h3><span class=\"ez-toc-section\" id=\"La_loi_Toubon_protege-t-elle_les_langues_regionales\"><\/span>La loi Toubon prot\u00e8ge-t-elle les langues r\u00e9gionales ?<span class=\"ez-toc-section-end\"><\/span><\/h3>\n<p>Non, la loi Toubon de 1994 vise sp\u00e9cifiquement \u00e0 prot\u00e9ger et \u00e0 promouvoir l&rsquo;usage du fran\u00e7ais dans divers domaines publics.<\/p>\n<h3><span class=\"ez-toc-section\" id=\"Comment_la_France_promeut-elle_le_francais_a_letranger\"><\/span>Comment la France promeut-elle le fran\u00e7ais \u00e0 l&rsquo;\u00e9tranger ?<span class=\"ez-toc-section-end\"><\/span><\/h3>\n<p>La France promeut le fran\u00e7ais \u00e0 l&rsquo;\u00e9tranger via l&rsquo;Organisation Internationale de la Francophonie (OIF), les Instituts Fran\u00e7ais et les Alliances Fran\u00e7aises.<\/p>\n<h3><span class=\"ez-toc-section\" id=\"Quest-ce_que_la_DGLFLF\"><\/span>Qu&rsquo;est-ce que la DGLFLF ?<span class=\"ez-toc-section-end\"><\/span><\/h3>\n<p>La DGLFLF est la D\u00e9l\u00e9gation g\u00e9n\u00e9rale \u00e0 la langue fran\u00e7aise et aux langues de France, un organisme du Minist\u00e8re de la Culture charg\u00e9 de coordonner la politique linguistique fran\u00e7aise.<\/p>\n<h3><span class=\"ez-toc-section\" id=\"Les_langues_regionales_sont-elles_enseignees_a_lecole_en_France\"><\/span>Les langues r\u00e9gionales sont-elles enseign\u00e9es \u00e0 l&rsquo;\u00e9cole en France ?<span class=\"ez-toc-section-end\"><\/span><\/h3>\n<p>Oui, l&rsquo;enseignement des langues r\u00e9gionales est propos\u00e9 dans l&rsquo;\u00c9ducation nationale, souvent sous forme facultative ou dans des fili\u00e8res sp\u00e9cifiques comme les \u00e9coles immersives.<\/p>\n","protected":false},"excerpt":{"rendered":"<p> &#8230; <a title=\"La France m\u00e8ne une politique active de pr\u00e9servation linguistique\" class=\"read-more\" href=\"https:\/\/www.belgic.eu\/index.php\/2026\/03\/28\/la-france-mene-une-politique-active-de-preservation-linguistique\/\" aria-label=\"En savoir plus sur La France m\u00e8ne une politique active de pr\u00e9servation linguistique\">Lire plus<\/a><\/p>\n","protected":false},"author":3,"featured_media":465,"comment_status":"open","ping_status":"open","sticky":false,"template":"","format":"standard","meta":{"fifu_image_url":"","fifu_image_alt":"","footnotes":""},"categories":[1536],"tags":[1713,1715,1711,1712,1716,1717,1714,1710],"class_list":["post-485","post","type-post","status-publish","format-standard","has-post-thumbnail","hentry","category-mode-de-vie","tag-diversite-culturelle","tag-francophonie","tag-langue-francaise","tag-langues-regionales","tag-loi-toubon","tag-patrimoine-linguistique","tag-politique-linguistique-france","tag-preservation-linguistique","resize-featured-image"],"_links":{"self":[{"href":"https:\/\/www.belgic.eu\/index.php\/wp-json\/wp\/v2\/posts\/485","targetHints":{"allow":["GET"]}}],"collection":[{"href":"https:\/\/www.belgic.eu\/index.php\/wp-json\/wp\/v2\/posts"}],"about":[{"href":"https:\/\/www.belgic.eu\/index.php\/wp-json\/wp\/v2\/types\/post"}],"author":[{"embeddable":true,"href":"https:\/\/www.belgic.eu\/index.php\/wp-json\/wp\/v2\/users\/3"}],"replies":[{"embeddable":true,"href":"https:\/\/www.belgic.eu\/index.php\/wp-json\/wp\/v2\/comments?post=485"}],"version-history":[{"count":1,"href":"https:\/\/www.belgic.eu\/index.php\/wp-json\/wp\/v2\/posts\/485\/revisions"}],"predecessor-version":[{"id":1420,"href":"https:\/\/www.belgic.eu\/index.php\/wp-json\/wp\/v2\/posts\/485\/revisions\/1420"}],"wp:featuredmedia":[{"embeddable":true,"href":"https:\/\/www.belgic.eu\/index.php\/wp-json\/wp\/v2\/media\/465"}],"wp:attachment":[{"href":"https:\/\/www.belgic.eu\/index.php\/wp-json\/wp\/v2\/media?parent=485"}],"wp:term":[{"taxonomy":"category","embeddable":true,"href":"https:\/\/www.belgic.eu\/index.php\/wp-json\/wp\/v2\/categories?post=485"},{"taxonomy":"post_tag","embeddable":true,"href":"https:\/\/www.belgic.eu\/index.php\/wp-json\/wp\/v2\/tags?post=485"}],"curies":[{"name":"wp","href":"https:\/\/api.w.org\/{rel}","templated":true}]}}