{"id":415,"date":"2026-04-26T22:44:24","date_gmt":"2026-04-26T22:44:24","guid":{"rendered":"https:\/\/www.belgic.eu\/?p=415"},"modified":"2026-04-26T22:44:24","modified_gmt":"2026-04-26T22:44:24","slug":"utiliser-un-modele-conforme-pour-un-etat-des-lieux-meuble","status":"publish","type":"post","link":"https:\/\/www.belgic.eu\/index.php\/2026\/04\/26\/utiliser-un-modele-conforme-pour-un-etat-des-lieux-meuble\/","title":{"rendered":"Utiliser un Mod\u00e8le Conforme Pour un \u00c9tat des Lieux Meubl\u00e9"},"content":{"rendered":"<p>L&rsquo;\u00e9tat des lieux est une \u00e9tape cruciale lors d&rsquo;une location meubl\u00e9e. Un mod\u00e8le conforme permet d&rsquo;\u00e9viter les litiges co\u00fbteux. Il d\u00e9crit avec pr\u00e9cision l&rsquo;\u00e9tat du logement et de ses \u00e9quipements \u00e0 l&rsquo;entr\u00e9e et \u00e0 la sortie du locataire. Utiliser un mod\u00e8le standardis\u00e9 assure la validit\u00e9 juridique du document et prot\u00e8ge les droits du <a href=\"https:\/\/www.belgic.eu\/index.php\/2026\/03\/05\/lencadrement-des-clauses-obligatoires-du-mandat-de-vente-immobilier\/\">propri\u00e9taire<\/a> et du locataire.<\/p>\n<div id=\"ez-toc-container\" class=\"ez-toc-v2_0_80 counter-hierarchy ez-toc-counter ez-toc-grey ez-toc-container-direction\">\n<div class=\"ez-toc-title-container\">\n<p class=\"ez-toc-title\" style=\"cursor:inherit\">Table of Contents<\/p>\n<span class=\"ez-toc-title-toggle\"><a href=\"#\" class=\"ez-toc-pull-right ez-toc-btn ez-toc-btn-xs ez-toc-btn-default ez-toc-toggle\" aria-label=\"Toggle Table of Content\"><span class=\"ez-toc-js-icon-con\"><span class=\"\"><span class=\"eztoc-hide\" style=\"display:none;\">Toggle<\/span><span class=\"ez-toc-icon-toggle-span\"><svg style=\"fill: #999;color:#999\" xmlns=\"http:\/\/www.w3.org\/2000\/svg\" class=\"list-377408\" width=\"20px\" height=\"20px\" viewBox=\"0 0 24 24\" fill=\"none\"><path d=\"M6 6H4v2h2V6zm14 0H8v2h12V6zM4 11h2v2H4v-2zm16 0H8v2h12v-2zM4 16h2v2H4v-2zm16 0H8v2h12v-2z\" fill=\"currentColor\"><\/path><\/svg><svg style=\"fill: #999;color:#999\" class=\"arrow-unsorted-368013\" xmlns=\"http:\/\/www.w3.org\/2000\/svg\" width=\"10px\" height=\"10px\" viewBox=\"0 0 24 24\" version=\"1.2\" baseProfile=\"tiny\"><path d=\"M18.2 9.3l-6.2-6.3-6.2 6.3c-.2.2-.3.4-.3.7s.1.5.3.7c.2.2.4.3.7.3h11c.3 0 .5-.1.7-.3.2-.2.3-.5.3-.7s-.1-.5-.3-.7zM5.8 14.7l6.2 6.3 6.2-6.3c.2-.2.3-.5.3-.7s-.1-.5-.3-.7c-.2-.2-.4-.3-.7-.3h-11c-.3 0-.5.1-.7.3-.2.2-.3.5-.3.7s.1.5.3.7z\"\/><\/svg><\/span><\/span><\/span><\/a><\/span><\/div>\n<nav><ul class='ez-toc-list ez-toc-list-level-1 ' ><li class='ez-toc-page-1 ez-toc-heading-level-2'><a class=\"ez-toc-link ez-toc-heading-1\" href=\"https:\/\/www.belgic.eu\/index.php\/2026\/04\/26\/utiliser-un-modele-conforme-pour-un-etat-des-lieux-meuble\/#Pourquoi_Utiliser_un_Modele_dEtat_des_Lieux_Meuble_Conforme\" >Pourquoi Utiliser un Mod\u00e8le d&rsquo;\u00c9tat des Lieux Meubl\u00e9 Conforme ?<\/a><ul class='ez-toc-list-level-3' ><li class='ez-toc-heading-level-3'><a class=\"ez-toc-link ez-toc-heading-2\" href=\"https:\/\/www.belgic.eu\/index.php\/2026\/04\/26\/utiliser-un-modele-conforme-pour-un-etat-des-lieux-meuble\/#La_Methode_%C2%AB_Checklist_Integrale_%C2%BB_Un_Cadre_Pour_lEtat_des_Lieux\" >La M\u00e9thode \u00ab\u00a0Checklist Int\u00e9grale\u00a0\u00bb: Un Cadre Pour l&rsquo;\u00c9tat des Lieux<\/a><\/li><\/ul><\/li><li class='ez-toc-page-1 ez-toc-heading-level-2'><a class=\"ez-toc-link ez-toc-heading-3\" href=\"https:\/\/www.belgic.eu\/index.php\/2026\/04\/26\/utiliser-un-modele-conforme-pour-un-etat-des-lieux-meuble\/#Les_Elements_Essentiels_dun_Modele_Conforme\" >Les \u00c9l\u00e9ments Essentiels d&rsquo;un Mod\u00e8le Conforme<\/a><ul class='ez-toc-list-level-3' ><li class='ez-toc-heading-level-3'><a class=\"ez-toc-link ez-toc-heading-4\" href=\"https:\/\/www.belgic.eu\/index.php\/2026\/04\/26\/utiliser-un-modele-conforme-pour-un-etat-des-lieux-meuble\/#Tableau_Comparatif_Modeles_dEtat_des_Lieux_Meubles\" >Tableau Comparatif : Mod\u00e8les d&rsquo;\u00c9tat des Lieux Meubl\u00e9s<\/a><\/li><\/ul><\/li><li class='ez-toc-page-1 ez-toc-heading-level-2'><a class=\"ez-toc-link ez-toc-heading-5\" href=\"https:\/\/www.belgic.eu\/index.php\/2026\/04\/26\/utiliser-un-modele-conforme-pour-un-etat-des-lieux-meuble\/#Ou_Trouver_un_Modele_Conforme\" >O\u00f9 Trouver un Mod\u00e8le Conforme ?<\/a><\/li><li class='ez-toc-page-1 ez-toc-heading-level-2'><a class=\"ez-toc-link ez-toc-heading-6\" href=\"https:\/\/www.belgic.eu\/index.php\/2026\/04\/26\/utiliser-un-modele-conforme-pour-un-etat-des-lieux-meuble\/#Comment_Remplir_un_Modele_dEtat_des_Lieux_Meuble_Correctement\" >Comment Remplir un Mod\u00e8le d&rsquo;\u00c9tat des Lieux Meubl\u00e9 Correctement ?<\/a><ul class='ez-toc-list-level-3' ><li class='ez-toc-heading-level-3'><a class=\"ez-toc-link ez-toc-heading-7\" href=\"https:\/\/www.belgic.eu\/index.php\/2026\/04\/26\/utiliser-un-modele-conforme-pour-un-etat-des-lieux-meuble\/#Erreurs_Courantes_a_Eviter\" >Erreurs Courantes \u00e0 \u00c9viter<\/a><\/li><\/ul><\/li><li class='ez-toc-page-1 ez-toc-heading-level-2'><a class=\"ez-toc-link ez-toc-heading-8\" href=\"https:\/\/www.belgic.eu\/index.php\/2026\/04\/26\/utiliser-un-modele-conforme-pour-un-etat-des-lieux-meuble\/#Consequences_dun_Etat_des_Lieux_Non_Conforme\" >Cons\u00e9quences d&rsquo;un \u00c9tat des Lieux Non Conforme<\/a><ul class='ez-toc-list-level-3' ><li class='ez-toc-heading-level-3'><a class=\"ez-toc-link ez-toc-heading-9\" href=\"https:\/\/www.belgic.eu\/index.php\/2026\/04\/26\/utiliser-un-modele-conforme-pour-un-etat-des-lieux-meuble\/#LImportance_de_la_Mise_a_Jour_Legale\" >L&rsquo;Importance de la Mise \u00e0 Jour L\u00e9gale<\/a><\/li><\/ul><\/li><li class='ez-toc-page-1 ez-toc-heading-level-2'><a class=\"ez-toc-link ez-toc-heading-10\" href=\"https:\/\/www.belgic.eu\/index.php\/2026\/04\/26\/utiliser-un-modele-conforme-pour-un-etat-des-lieux-meuble\/#Conclusion\" >Conclusion<\/a><\/li><li class='ez-toc-page-1 ez-toc-heading-level-2'><a class=\"ez-toc-link ez-toc-heading-11\" href=\"https:\/\/www.belgic.eu\/index.php\/2026\/04\/26\/utiliser-un-modele-conforme-pour-un-etat-des-lieux-meuble\/#Foire_aux_Questions_FAQ\" >Foire aux Questions (FAQ)<\/a><ul class='ez-toc-list-level-3' ><li class='ez-toc-heading-level-3'><a class=\"ez-toc-link ez-toc-heading-12\" href=\"https:\/\/www.belgic.eu\/index.php\/2026\/04\/26\/utiliser-un-modele-conforme-pour-un-etat-des-lieux-meuble\/#Quest-ce_quun_etat_des_lieux_meuble\" >Qu&rsquo;est-ce qu&rsquo;un \u00e9tat des lieux meubl\u00e9 ?<\/a><\/li><li class='ez-toc-page-1 ez-toc-heading-level-3'><a class=\"ez-toc-link ez-toc-heading-13\" href=\"https:\/\/www.belgic.eu\/index.php\/2026\/04\/26\/utiliser-un-modele-conforme-pour-un-etat-des-lieux-meuble\/#Ou_trouver_un_modele_detat_des_lieux_conforme\" >O\u00f9 trouver un mod\u00e8le d&rsquo;\u00e9tat des lieux conforme ?<\/a><\/li><li class='ez-toc-page-1 ez-toc-heading-level-3'><a class=\"ez-toc-link ez-toc-heading-14\" href=\"https:\/\/www.belgic.eu\/index.php\/2026\/04\/26\/utiliser-un-modele-conforme-pour-un-etat-des-lieux-meuble\/#Que_faire_si_le_locataire_refuse_de_signer_letat_des_lieux\" >Que faire si le locataire refuse de signer l&rsquo;\u00e9tat des lieux ?<\/a><\/li><li class='ez-toc-page-1 ez-toc-heading-level-3'><a class=\"ez-toc-link ez-toc-heading-15\" href=\"https:\/\/www.belgic.eu\/index.php\/2026\/04\/26\/utiliser-un-modele-conforme-pour-un-etat-des-lieux-meuble\/#Les_photos_sont-elles_obligatoires_pour_un_etat_des_lieux\" >Les photos sont-elles obligatoires pour un \u00e9tat des lieux ?<\/a><\/li><li class='ez-toc-page-1 ez-toc-heading-level-3'><a class=\"ez-toc-link ez-toc-heading-16\" href=\"https:\/\/www.belgic.eu\/index.php\/2026\/04\/26\/utiliser-un-modele-conforme-pour-un-etat-des-lieux-meuble\/#Que_se_passe-t-il_si_letat_des_lieux_nest_pas_fait\" >Que se passe-t-il si l&rsquo;\u00e9tat des lieux n&rsquo;est pas fait ?<\/a><\/li><li class='ez-toc-page-1 ez-toc-heading-level-3'><a class=\"ez-toc-link ez-toc-heading-17\" href=\"https:\/\/www.belgic.eu\/index.php\/2026\/04\/26\/utiliser-un-modele-conforme-pour-un-etat-des-lieux-meuble\/#Qui_doit_payer_les_reparations_suite_a_un_etat_des_lieux\" >Qui doit payer les r\u00e9parations suite \u00e0 un \u00e9tat des lieux ?<\/a><\/li><li class='ez-toc-page-1 ez-toc-heading-level-3'><a class=\"ez-toc-link ez-toc-heading-18\" href=\"https:\/\/www.belgic.eu\/index.php\/2026\/04\/26\/utiliser-un-modele-conforme-pour-un-etat-des-lieux-meuble\/#Comment_contester_un_etat_des_lieux\" >Comment contester un \u00e9tat des lieux ?<\/a><\/li><\/ul><\/li><\/ul><\/nav><\/div>\n<h2><span class=\"ez-toc-section\" id=\"Pourquoi_Utiliser_un_Modele_dEtat_des_Lieux_Meuble_Conforme\"><\/span>Pourquoi Utiliser un Mod\u00e8le d&rsquo;\u00c9tat des Lieux Meubl\u00e9 Conforme ?<span class=\"ez-toc-section-end\"><\/span><\/h2>\n<p>Un mod\u00e8le d&rsquo;\u00e9tat des lieux conforme est essentiel pour plusieurs raisons. Premi\u00e8rement, il sert de preuve en cas de d\u00e9saccord sur les d\u00e9gradations. Deuxi\u00e8mement, il aide \u00e0 d\u00e9terminer qui est responsable des r\u00e9parations. Troisi\u00e8mement, il prot\u00e8ge \u00e0 la fois le propri\u00e9taire et le locataire. Un document non conforme peut \u00eatre contest\u00e9 en justice, rendant les efforts inutiles.<\/p>\n<h3><span class=\"ez-toc-section\" id=\"La_Methode_%C2%AB_Checklist_Integrale_%C2%BB_Un_Cadre_Pour_lEtat_des_Lieux\"><\/span>La M\u00e9thode \u00ab\u00a0Checklist Int\u00e9grale\u00a0\u00bb: Un Cadre Pour l&rsquo;\u00c9tat des Lieux<span class=\"ez-toc-section-end\"><\/span><\/h3>\n<p>Pour garantir un \u00e9tat des lieux exhaustif, j&rsquo;utilise la m\u00e9thode \u00ab\u00a0Checklist Int\u00e9grale\u00a0\u00bb. Elle consiste \u00e0 diviser le logement en zones (pi\u00e8ces) et \u00e0 inspecter chaque \u00e9l\u00e9ment (murs, sols, \u00e9quipements) avec une checklist d\u00e9taill\u00e9e. Pour chaque \u00e9l\u00e9ment, on note l&rsquo;\u00e9tat (neuf, bon, moyen, mauvais) et on ajoute des commentaires pr\u00e9cis. Cette approche structur\u00e9e minimise les oublis et am\u00e9liore la pr\u00e9cision.<\/p>\n<p><em>Exemple : Dans le salon, en utilisant la \u00ab\u00a0Checklist Int\u00e9grale\u00a0\u00bb, nous notons l&rsquo;\u00e9tat du parquet comme \u00ab\u00a0bon\u00a0\u00bb avec une mention \u00ab\u00a0quelques rayures superficielles\u00a0\u00bb pour \u00e9viter toute ambigu\u00eft\u00e9 ult\u00e9rieure.<\/em><\/p>\n<h2><span class=\"ez-toc-section\" id=\"Les_Elements_Essentiels_dun_Modele_Conforme\"><\/span>Les \u00c9l\u00e9ments Essentiels d&rsquo;un Mod\u00e8le Conforme<span class=\"ez-toc-section-end\"><\/span><\/h2>\n<p>Un mod\u00e8le d&rsquo;\u00e9tat des lieux meubl\u00e9 conforme doit inclure des informations pr\u00e9cises :<\/p>\n<ul>\n<li><b>Identification des parties :<\/b> Nom et coordonn\u00e9es du propri\u00e9taire et du locataire.<\/li>\n<li><b>Description du logement :<\/b> Adresse, type de logement (appartement, maison), nombre de pi\u00e8ces.<\/li>\n<li><b>Inventaire du mobilier :<\/b> Liste exhaustive des meubles et \u00e9quipements mis \u00e0 disposition.<\/li>\n<li><b>\u00c9tat des lieux d\u00e9taill\u00e9 :<\/b> Description pr\u00e9cise de l&rsquo;\u00e9tat de chaque \u00e9l\u00e9ment (murs, sols, plafonds, \u00e9quipements).<\/li>\n<li><b>Relev\u00e9 des compteurs :<\/b> Index des compteurs d&rsquo;eau, d&rsquo;<a href=\"https:\/\/www.belgic.eu\/index.php\/2026\/02\/24\/la-maitrise-de-votre-budget-face-aux-factures-delectricite\/\">\u00e9lectricit\u00e9<\/a>, de gaz.<\/li>\n<li><b>Signatures :<\/b> Date et signatures du propri\u00e9taire et du locataire.<\/li>\n<\/ul>\n<p>Un mod\u00e8le standardis\u00e9 propose des sections claires pour chaque point, facilitant la r\u00e9daction et assurant la compl\u00e9tude.<\/p>\n<p><em>J&rsquo;ai remarqu\u00e9 que l&rsquo;absence d&rsquo;un inventaire d\u00e9taill\u00e9 du mobilier est une source fr\u00e9quente de litiges. La liste doit \u00eatre pr\u00e9cise et inclure la marque et le mod\u00e8le des appareils \u00e9lectrom\u00e9nagers.<\/em><\/p>\n<h3><span class=\"ez-toc-section\" id=\"Tableau_Comparatif_Modeles_dEtat_des_Lieux_Meubles\"><\/span>Tableau Comparatif : Mod\u00e8les d&rsquo;\u00c9tat des Lieux Meubl\u00e9s<span class=\"ez-toc-section-end\"><\/span><\/h3>\n<table>\n<thead>\n<tr>\n<th>Caract\u00e9ristique<\/th>\n<th>Mod\u00e8le Basique<\/th>\n<th>Mod\u00e8le Conforme \u00ab\u00a0Checklist Int\u00e9grale\u00a0\u00bb<\/th>\n<\/tr>\n<\/thead>\n<tbody>\n<tr>\n<td>D\u00e9tail de l&rsquo;inventaire<\/td>\n<td>Minimal<\/td>\n<td>Exhaustif avec marque et mod\u00e8le<\/td>\n<\/tr>\n<tr>\n<td>Pr\u00e9cision des descriptions<\/td>\n<td>G\u00e9n\u00e9rale<\/td>\n<td>Pr\u00e9cise avec commentaires sp\u00e9cifiques<\/td>\n<\/tr>\n<tr>\n<td><a href=\"https:\/\/www.belgic.eu\/index.php\/2026\/02\/06\/obtenir-un-remboursement-apres-fraude-bancaire-sans-assurance-specifique\/\">Protection Juridique<\/a><\/td>\n<td>Limit\u00e9e<\/td>\n<td>Optimale<\/td>\n<\/tr>\n<\/tbody>\n<\/table>\n<h2><span class=\"ez-toc-section\" id=\"Ou_Trouver_un_Modele_Conforme\"><\/span>O\u00f9 Trouver un Mod\u00e8le Conforme ?<span class=\"ez-toc-section-end\"><\/span><\/h2>\n<p>Plusieurs options sont disponibles pour trouver un mod\u00e8le d&rsquo;\u00e9tat des lieux meubl\u00e9 conforme :<\/p>\n<ul>\n<li><b>Sites web sp\u00e9cialis\u00e9s :<\/b> De nombreux sites proposent des mod\u00e8les gratuits ou payants.<\/li>\n<li><b>Agences immobili\u00e8res :<\/b> Elles fournissent souvent des mod\u00e8les \u00e0 leurs clients.<\/li>\n<li><b><a href=\"https:\/\/www.belgic.eu\/index.php\/2026\/03\/26\/le-soutien-financier-des-associations-actrices-de-la-transition-ecologique\/\">Associations<\/a> de consommateurs :<\/b> Certaines associations mettent \u00e0 disposition des mod\u00e8les conformes.<\/li>\n<li><b>Logiciels de <a href=\"https:\/\/www.belgic.eu\/index.php\/2026\/02\/14\/traitement-comptable-du-depot-de-garantie-dun-locataire-en-sci\/\">gestion locative<\/a> :<\/b> Ces logiciels int\u00e8grent g\u00e9n\u00e9ralement des mod\u00e8les d&rsquo;\u00e9tat des lieux.<\/li>\n<\/ul>\n<p>Avant de choisir un mod\u00e8le, v\u00e9rifiez qu&rsquo;il est conforme \u00e0 la <a href=\"https:\/\/www.belgic.eu\/index.php\/2026\/03\/21\/les-frontieres-legales-et-ethiques-de-la-liberte-dexpression\/\">l\u00e9gislation<\/a> en vigueur et qu&rsquo;il contient tous les \u00e9l\u00e9ments essentiels.<\/p>\n<h2><span class=\"ez-toc-section\" id=\"Comment_Remplir_un_Modele_dEtat_des_Lieux_Meuble_Correctement\"><\/span>Comment Remplir un Mod\u00e8le d&rsquo;\u00c9tat des Lieux Meubl\u00e9 Correctement ?<span class=\"ez-toc-section-end\"><\/span><\/h2>\n<p>Remplir un \u00e9tat des lieux avec pr\u00e9cision est crucial. Voici quelques conseils :<\/p>\n<ul>\n<li><b>Soyez pr\u00e9cis :<\/b> D\u00e9crivez chaque \u00e9l\u00e9ment avec le plus de d\u00e9tails possible. Utilisez des termes clairs et \u00e9vitez les g\u00e9n\u00e9ralit\u00e9s.<\/li>\n<li><b>Soyez exhaustif :<\/b> Ne n\u00e9gligez aucun d\u00e9tail. M\u00eame les petites imperfections doivent \u00eatre mentionn\u00e9es.<\/li>\n<li><b>Prenez des photos :<\/b> Les photos servent de preuve suppl\u00e9mentaire en cas de litige. Datez les photos.<\/li>\n<li><b>Faites-le ensemble :<\/b> Le propri\u00e9taire et le locataire doivent remplir l&rsquo;\u00e9tat des lieux ensemble.<\/li>\n<li><b>Conservez une copie :<\/b> Chaque partie doit conserver une copie de l&rsquo;\u00e9tat des lieux.<\/li>\n<\/ul>\n<p>Lors de mes tests, j&rsquo;ai remarqu\u00e9 que prendre des photos de chaque pi\u00e8ce et de chaque \u00e9quipement r\u00e9duit consid\u00e9rablement les risques de d\u00e9saccord.<\/p>\n<h3><span class=\"ez-toc-section\" id=\"Erreurs_Courantes_a_Eviter\"><\/span>Erreurs Courantes \u00e0 \u00c9viter<span class=\"ez-toc-section-end\"><\/span><\/h3>\n<p>Voici quelques erreurs courantes \u00e0 \u00e9viter lors de la r\u00e9alisation d&rsquo;un \u00e9tat des lieux :<\/p>\n<ul>\n<li><b>Omettre des d\u00e9tails :<\/b> Ne pas mentionner les petites imperfections peut se retourner contre vous.<\/li>\n<li><b>Utiliser des termes vagues :<\/b> Des termes comme \u00ab\u00a0bon \u00e9tat\u00a0\u00bb ou \u00ab\u00a0mauvais \u00e9tat\u00a0\u00bb sont subjectifs. Pr\u00e9f\u00e9rez des descriptions pr\u00e9cises.<\/li>\n<li><b>Ne pas dater les photos :<\/b> Les photos sans date n&rsquo;ont aucune valeur probante.<\/li>\n<li><b>Ne pas signer l&rsquo;\u00e9tat des lieux :<\/b> Un \u00e9tat des lieux non sign\u00e9 n&rsquo;est pas valable.<\/li>\n<\/ul>\n<p>Une des erreurs les plus fr\u00e9quentes est de ne pas relever les index des compteurs. Cela peut entra\u00eener des litiges sur la <a href=\"https:\/\/www.belgic.eu\/index.php\/2026\/02\/17\/la-contestation-des-clauses-abusives-dans-les-contrats-dabonnement\/\">consommation<\/a> d&rsquo;\u00e9nergie et d&rsquo;eau.<\/p>\n<h2><span class=\"ez-toc-section\" id=\"Consequences_dun_Etat_des_Lieux_Non_Conforme\"><\/span><a href=\"https:\/\/www.belgic.eu\/index.php\/2026\/02\/20\/lanalyse-des-consequences-strategiques-des-opa-hostiles-pour-les-entreprises\/\">Cons\u00e9quences<\/a> d&rsquo;un \u00c9tat des Lieux Non Conforme<span class=\"ez-toc-section-end\"><\/span><\/h2>\n<p>Un \u00e9tat des lieux non conforme peut avoir des cons\u00e9quences importantes :<\/p>\n<ul>\n<li><b>Difficult\u00e9 \u00e0 prouver les d\u00e9gradations :<\/b> En cas de litige, il sera difficile de prouver que les d\u00e9gradations \u00e9taient pr\u00e9sentes \u00e0 l&rsquo;entr\u00e9e du locataire.<\/li>\n<li><b><a href=\"https:\/\/www.belgic.eu\/index.php\/2026\/03\/21\/les-frontieres-legales-et-ethiques-de-la-liberte-dexpression\/\">Responsabilit\u00e9<\/a> des r\u00e9parations :<\/b> Le locataire peut \u00eatre tenu responsable de r\u00e9parations qui \u00e9taient d\u00e9j\u00e0 n\u00e9cessaires \u00e0 son arriv\u00e9e.<\/li>\n<li><b>Litiges co\u00fbteux :<\/b> Les litiges peuvent entra\u00eener des frais de justice importants.<\/li>\n<\/ul>\n<p>Il est donc essentiel d&rsquo;utiliser un mod\u00e8le conforme et de le remplir avec soin.<\/p>\n<p>D&rsquo;apr\u00e8s notre analyse interne, les litiges li\u00e9s \u00e0 l&rsquo;\u00e9tat des lieux repr\u00e9sentent une part importante des contentieux locatifs. Un mod\u00e8le conforme permet de r\u00e9duire consid\u00e9rablement ces risques.<\/p>\n<h3><span class=\"ez-toc-section\" id=\"LImportance_de_la_Mise_a_Jour_Legale\"><\/span>L&rsquo;Importance de la Mise \u00e0 Jour L\u00e9gale<span class=\"ez-toc-section-end\"><\/span><\/h3>\n<p>Les mod\u00e8les d&rsquo;\u00e9tat des lieux doivent \u00eatre mis \u00e0 jour r\u00e9guli\u00e8rement pour refl\u00e9ter les \u00e9volutions l\u00e9gislatives. Un mod\u00e8le obsol\u00e8te peut \u00eatre consid\u00e9r\u00e9 comme non conforme. V\u00e9rifiez la date de publication du mod\u00e8le et assurez-vous qu&rsquo;il est conforme \u00e0 la loi en vigueur. Les sites officiels du gouvernement sont une source fiable d&rsquo;informations.<\/p>\n<h2><span class=\"ez-toc-section\" id=\"Conclusion\"><\/span>Conclusion<span class=\"ez-toc-section-end\"><\/span><\/h2>\n<p>Utiliser un mod\u00e8le conforme pour un \u00e9tat des lieux meubl\u00e9 est une \u00e9tape essentielle pour s\u00e9curiser une location. En suivant les conseils de ce guide et en utilisant la m\u00e9thode \u00ab\u00a0Checklist Int\u00e9grale\u00a0\u00bb, vous minimiserez les risques de litiges et prot\u00e9gerez vos droits, que vous soyez propri\u00e9taire ou locataire. Prenez le temps de remplir l&rsquo;\u00e9tat des lieux avec soin et n&rsquo;h\u00e9sitez pas \u00e0 prendre des photos pour documenter l&rsquo;\u00e9tat du logement.<\/p>\n<h2><span class=\"ez-toc-section\" id=\"Foire_aux_Questions_FAQ\"><\/span>Foire aux Questions (FAQ)<span class=\"ez-toc-section-end\"><\/span><\/h2>\n<h3><span class=\"ez-toc-section\" id=\"Quest-ce_quun_etat_des_lieux_meuble\"><\/span>Qu&rsquo;est-ce qu&rsquo;un \u00e9tat des lieux meubl\u00e9 ?<span class=\"ez-toc-section-end\"><\/span><\/h3>\n<p>Un \u00e9tat des lieux meubl\u00e9 est un document d\u00e9crivant l&rsquo;\u00e9tat d&rsquo;un logement et de son mobilier lors de l&rsquo;entr\u00e9e et de la sortie du locataire.<\/p>\n<h3><span class=\"ez-toc-section\" id=\"Ou_trouver_un_modele_detat_des_lieux_conforme\"><\/span>O\u00f9 trouver un mod\u00e8le d&rsquo;\u00e9tat des lieux conforme ?<span class=\"ez-toc-section-end\"><\/span><\/h3>\n<p>Vous pouvez trouver des mod\u00e8les conformes sur des sites sp\u00e9cialis\u00e9s, aupr\u00e8s d&rsquo;agences immobili\u00e8res ou d&rsquo;associations de consommateurs.<\/p>\n<h3><span class=\"ez-toc-section\" id=\"Que_faire_si_le_locataire_refuse_de_signer_letat_des_lieux\"><\/span>Que faire si le locataire refuse de signer l&rsquo;\u00e9tat des lieux ?<span class=\"ez-toc-section-end\"><\/span><\/h3>\n<p>Si le locataire refuse de signer, faites appel \u00e0 un <a href=\"https:\/\/www.belgic.eu\/index.php\/2026\/02\/24\/la-procedure-dopposition-aux-actes-dhuissier-de-justice\/\">huissier de justice<\/a> pour r\u00e9aliser l&rsquo;\u00e9tat des lieux.<\/p>\n<h3><span class=\"ez-toc-section\" id=\"Les_photos_sont-elles_obligatoires_pour_un_etat_des_lieux\"><\/span>Les photos sont-elles obligatoires pour un \u00e9tat des lieux ?<span class=\"ez-toc-section-end\"><\/span><\/h3>\n<p>Les photos ne sont pas obligatoires, mais elles sont fortement recommand\u00e9es pour prouver l&rsquo;\u00e9tat du logement.<\/p>\n<h3><span class=\"ez-toc-section\" id=\"Que_se_passe-t-il_si_letat_des_lieux_nest_pas_fait\"><\/span>Que se passe-t-il si l&rsquo;\u00e9tat des lieux n&rsquo;est pas fait ?<span class=\"ez-toc-section-end\"><\/span><\/h3>\n<p>Si l&rsquo;\u00e9tat des lieux n&rsquo;est pas fait, le locataire est pr\u00e9sum\u00e9 avoir re\u00e7u le logement en bon \u00e9tat.<\/p>\n<h3><span class=\"ez-toc-section\" id=\"Qui_doit_payer_les_reparations_suite_a_un_etat_des_lieux\"><\/span>Qui doit payer les r\u00e9parations suite \u00e0 un \u00e9tat des lieux ?<span class=\"ez-toc-section-end\"><\/span><\/h3>\n<p>Le locataire est responsable des r\u00e9parations dues \u00e0 son usage, sauf si elles sont caus\u00e9es par la v\u00e9tust\u00e9 ou un cas de force majeure.<\/p>\n<h3><span class=\"ez-toc-section\" id=\"Comment_contester_un_etat_des_lieux\"><\/span>Comment contester un \u00e9tat des lieux ?<span class=\"ez-toc-section-end\"><\/span><\/h3>\n<p>Vous pouvez contester un \u00e9tat des lieux en envoyant une lettre recommand\u00e9e avec accus\u00e9 de r\u00e9ception \u00e0 l&rsquo;autre partie, en expliquant les raisons de votre contestation.<\/p>\n","protected":false},"excerpt":{"rendered":"<p> &#8230; <a title=\"Utiliser un Mod\u00e8le Conforme Pour un \u00c9tat des Lieux Meubl\u00e9\" class=\"read-more\" href=\"https:\/\/www.belgic.eu\/index.php\/2026\/04\/26\/utiliser-un-modele-conforme-pour-un-etat-des-lieux-meuble\/\" aria-label=\"En savoir plus sur Utiliser un Mod\u00e8le Conforme Pour un \u00c9tat des Lieux Meubl\u00e9\">Lire plus<\/a><\/p>\n","protected":false},"author":3,"featured_media":385,"comment_status":"open","ping_status":"open","sticky":false,"template":"","format":"standard","meta":{"fifu_image_url":"","fifu_image_alt":"","footnotes":""},"categories":[359],"tags":[672,1534,1533,1532],"class_list":["post-415","post","type-post","status-publish","format-standard","has-post-thumbnail","hentry","category-immobilier","tag-conformite","tag-litiges-locatifs","tag-location-meublee","tag-modele-etat-des-lieux","resize-featured-image"],"_links":{"self":[{"href":"https:\/\/www.belgic.eu\/index.php\/wp-json\/wp\/v2\/posts\/415","targetHints":{"allow":["GET"]}}],"collection":[{"href":"https:\/\/www.belgic.eu\/index.php\/wp-json\/wp\/v2\/posts"}],"about":[{"href":"https:\/\/www.belgic.eu\/index.php\/wp-json\/wp\/v2\/types\/post"}],"author":[{"embeddable":true,"href":"https:\/\/www.belgic.eu\/index.php\/wp-json\/wp\/v2\/users\/3"}],"replies":[{"embeddable":true,"href":"https:\/\/www.belgic.eu\/index.php\/wp-json\/wp\/v2\/comments?post=415"}],"version-history":[{"count":1,"href":"https:\/\/www.belgic.eu\/index.php\/wp-json\/wp\/v2\/posts\/415\/revisions"}],"predecessor-version":[{"id":1460,"href":"https:\/\/www.belgic.eu\/index.php\/wp-json\/wp\/v2\/posts\/415\/revisions\/1460"}],"wp:featuredmedia":[{"embeddable":true,"href":"https:\/\/www.belgic.eu\/index.php\/wp-json\/wp\/v2\/media\/385"}],"wp:attachment":[{"href":"https:\/\/www.belgic.eu\/index.php\/wp-json\/wp\/v2\/media?parent=415"}],"wp:term":[{"taxonomy":"category","embeddable":true,"href":"https:\/\/www.belgic.eu\/index.php\/wp-json\/wp\/v2\/categories?post=415"},{"taxonomy":"post_tag","embeddable":true,"href":"https:\/\/www.belgic.eu\/index.php\/wp-json\/wp\/v2\/tags?post=415"}],"curies":[{"name":"wp","href":"https:\/\/api.w.org\/{rel}","templated":true}]}}