{"id":412,"date":"2026-04-17T22:03:46","date_gmt":"2026-04-17T22:03:46","guid":{"rendered":"https:\/\/www.belgic.eu\/?p=412"},"modified":"2026-04-17T22:03:46","modified_gmt":"2026-04-17T22:03:46","slug":"telecharger-son-attestation-de-droits-securite-sociale-guide","status":"publish","type":"post","link":"https:\/\/www.belgic.eu\/index.php\/2026\/04\/17\/telecharger-son-attestation-de-droits-securite-sociale-guide\/","title":{"rendered":"T\u00e9l\u00e9charger son attestation de droits s\u00e9curit\u00e9 sociale : Guide"},"content":{"rendered":"<p>Obtenir son <a href=\"https:\/\/www.belgic.eu\/index.php\/2026\/02\/13\/securite-sociale-et-sante-carte-vitale-demarches-en-cas-de-perte-ou-de-dysfonctionnement\/\">attestation de droits<\/a> \u00e0 la <a href=\"https:\/\/www.belgic.eu\/index.php\/2026\/02\/15\/securite-sociale-et-sante-arret-maladie-calcul-des-indemnites-journalieres\/\">S\u00e9curit\u00e9 sociale<\/a> est une d\u00e9marche simple et rapide, indispensable pour justifier de votre <a href=\"https:\/\/www.belgic.eu\/index.php\/2026\/03\/12\/comment-rattacher-facilement-un-enfant-mineur-aux-cartes-vitales\/\">couverture sant\u00e9<\/a> aupr\u00e8s de nombreux organismes. Ce document prouve votre affiliation et celle de vos ayants droit. Vous pouvez la t\u00e9l\u00e9charger directement depuis votre compte en ligne.<\/p>\n<div id=\"ez-toc-container\" class=\"ez-toc-v2_0_80 counter-hierarchy ez-toc-counter ez-toc-grey ez-toc-container-direction\">\n<div class=\"ez-toc-title-container\">\n<p class=\"ez-toc-title\" style=\"cursor:inherit\">Table of Contents<\/p>\n<span class=\"ez-toc-title-toggle\"><a href=\"#\" class=\"ez-toc-pull-right ez-toc-btn ez-toc-btn-xs ez-toc-btn-default ez-toc-toggle\" aria-label=\"Toggle Table of Content\"><span class=\"ez-toc-js-icon-con\"><span class=\"\"><span class=\"eztoc-hide\" style=\"display:none;\">Toggle<\/span><span class=\"ez-toc-icon-toggle-span\"><svg style=\"fill: #999;color:#999\" xmlns=\"http:\/\/www.w3.org\/2000\/svg\" class=\"list-377408\" width=\"20px\" height=\"20px\" viewBox=\"0 0 24 24\" fill=\"none\"><path d=\"M6 6H4v2h2V6zm14 0H8v2h12V6zM4 11h2v2H4v-2zm16 0H8v2h12v-2zM4 16h2v2H4v-2zm16 0H8v2h12v-2z\" fill=\"currentColor\"><\/path><\/svg><svg style=\"fill: #999;color:#999\" class=\"arrow-unsorted-368013\" xmlns=\"http:\/\/www.w3.org\/2000\/svg\" width=\"10px\" height=\"10px\" viewBox=\"0 0 24 24\" version=\"1.2\" baseProfile=\"tiny\"><path d=\"M18.2 9.3l-6.2-6.3-6.2 6.3c-.2.2-.3.4-.3.7s.1.5.3.7c.2.2.4.3.7.3h11c.3 0 .5-.1.7-.3.2-.2.3-.5.3-.7s-.1-.5-.3-.7zM5.8 14.7l6.2 6.3 6.2-6.3c.2-.2.3-.5.3-.7s-.1-.5-.3-.7c-.2-.2-.4-.3-.7-.3h-11c-.3 0-.5.1-.7.3-.2.2-.3.5-.3.7s.1.5.3.7z\"\/><\/svg><\/span><\/span><\/span><\/a><\/span><\/div>\n<nav><ul class='ez-toc-list ez-toc-list-level-1 ' ><li class='ez-toc-page-1 ez-toc-heading-level-2'><a class=\"ez-toc-link ez-toc-heading-1\" href=\"https:\/\/www.belgic.eu\/index.php\/2026\/04\/17\/telecharger-son-attestation-de-droits-securite-sociale-guide\/#Acceder_a_votre_compte_Ameli_La_premiere_etape\" >Acc\u00e9der \u00e0 votre compte Ameli : La premi\u00e8re \u00e9tape<\/a><ul class='ez-toc-list-level-3' ><li class='ez-toc-heading-level-3'><a class=\"ez-toc-link ez-toc-heading-2\" href=\"https:\/\/www.belgic.eu\/index.php\/2026\/04\/17\/telecharger-son-attestation-de-droits-securite-sociale-guide\/#Se_connecter_avec_FranceConnect\" >Se connecter avec FranceConnect<\/a><\/li><li class='ez-toc-page-1 ez-toc-heading-level-3'><a class=\"ez-toc-link ez-toc-heading-3\" href=\"https:\/\/www.belgic.eu\/index.php\/2026\/04\/17\/telecharger-son-attestation-de-droits-securite-sociale-guide\/#Alternative_Identifiant_et_mot_de_passe_Ameli\" >Alternative : Identifiant et mot de passe Ameli<\/a><\/li><\/ul><\/li><li class='ez-toc-page-1 ez-toc-heading-level-2'><a class=\"ez-toc-link ez-toc-heading-4\" href=\"https:\/\/www.belgic.eu\/index.php\/2026\/04\/17\/telecharger-son-attestation-de-droits-securite-sociale-guide\/#Telecharger_lattestation_de_droits_depuis_Ameli\" >T\u00e9l\u00e9charger l&rsquo;attestation de droits depuis Ameli<\/a><ul class='ez-toc-list-level-3' ><li class='ez-toc-heading-level-3'><a class=\"ez-toc-link ez-toc-heading-5\" href=\"https:\/\/www.belgic.eu\/index.php\/2026\/04\/17\/telecharger-son-attestation-de-droits-securite-sociale-guide\/#Rubrique_%C2%AB_Mes_informations_%C2%BB_ou_%C2%AB_Mes_documents_%C2%BB\" >Rubrique \u00ab\u00a0Mes informations\u00a0\u00bb ou \u00ab\u00a0Mes documents\u00a0\u00bb<\/a><\/li><li class='ez-toc-page-1 ez-toc-heading-level-3'><a class=\"ez-toc-link ez-toc-heading-6\" href=\"https:\/\/www.belgic.eu\/index.php\/2026\/04\/17\/telecharger-son-attestation-de-droits-securite-sociale-guide\/#Recherche_directe_dans_la_barre_de_recherche\" >Recherche directe dans la barre de recherche<\/a><\/li><\/ul><\/li><li class='ez-toc-page-1 ez-toc-heading-level-2'><a class=\"ez-toc-link ez-toc-heading-7\" href=\"https:\/\/www.belgic.eu\/index.php\/2026\/04\/17\/telecharger-son-attestation-de-droits-securite-sociale-guide\/#Comprendre_les_informations_contenues_dans_lattestation\" >Comprendre les informations contenues dans l&rsquo;attestation<\/a><ul class='ez-toc-list-level-3' ><li class='ez-toc-heading-level-3'><a class=\"ez-toc-link ez-toc-heading-8\" href=\"https:\/\/www.belgic.eu\/index.php\/2026\/04\/17\/telecharger-son-attestation-de-droits-securite-sociale-guide\/#Informations_personnelles\" >Informations personnelles<\/a><\/li><li class='ez-toc-page-1 ez-toc-heading-level-3'><a class=\"ez-toc-link ez-toc-heading-9\" href=\"https:\/\/www.belgic.eu\/index.php\/2026\/04\/17\/telecharger-son-attestation-de-droits-securite-sociale-guide\/#Beneficiaires_ayants_droit\" >B\u00e9n\u00e9ficiaires (ayants droit)<\/a><\/li><li class='ez-toc-page-1 ez-toc-heading-level-3'><a class=\"ez-toc-link ez-toc-heading-10\" href=\"https:\/\/www.belgic.eu\/index.php\/2026\/04\/17\/telecharger-son-attestation-de-droits-securite-sociale-guide\/#Organisme_de_rattachement\" >Organisme de rattachement<\/a><\/li><\/ul><\/li><li class='ez-toc-page-1 ez-toc-heading-level-2'><a class=\"ez-toc-link ez-toc-heading-11\" href=\"https:\/\/www.belgic.eu\/index.php\/2026\/04\/17\/telecharger-son-attestation-de-droits-securite-sociale-guide\/#Les_alternatives_au_telechargement_en_ligne\" >Les alternatives au t\u00e9l\u00e9chargement en ligne<\/a><ul class='ez-toc-list-level-3' ><li class='ez-toc-heading-level-3'><a class=\"ez-toc-link ez-toc-heading-12\" href=\"https:\/\/www.belgic.eu\/index.php\/2026\/04\/17\/telecharger-son-attestation-de-droits-securite-sociale-guide\/#Borne_CPAM_en_libre-service\" >Borne CPAM en libre-service<\/a><\/li><li class='ez-toc-page-1 ez-toc-heading-level-3'><a class=\"ez-toc-link ez-toc-heading-13\" href=\"https:\/\/www.belgic.eu\/index.php\/2026\/04\/17\/telecharger-son-attestation-de-droits-securite-sociale-guide\/#Contact_telephonique_avec_votre_CPAM\" >Contact t\u00e9l\u00e9phonique avec votre CPAM<\/a><\/li><li class='ez-toc-page-1 ez-toc-heading-level-3'><a class=\"ez-toc-link ez-toc-heading-14\" href=\"https:\/\/www.belgic.eu\/index.php\/2026\/04\/17\/telecharger-son-attestation-de-droits-securite-sociale-guide\/#Envoi_par_courrier_postal\" >Envoi par courrier postal<\/a><\/li><\/ul><\/li><li class='ez-toc-page-1 ez-toc-heading-level-2'><a class=\"ez-toc-link ez-toc-heading-15\" href=\"https:\/\/www.belgic.eu\/index.php\/2026\/04\/17\/telecharger-son-attestation-de-droits-securite-sociale-guide\/#Tableau_comparatif_Methodes_pour_obtenir_une_attestation_de_droits\" >Tableau comparatif : M\u00e9thodes pour obtenir une attestation de droits<\/a><\/li><li class='ez-toc-page-1 ez-toc-heading-level-2'><a class=\"ez-toc-link ez-toc-heading-16\" href=\"https:\/\/www.belgic.eu\/index.php\/2026\/04\/17\/telecharger-son-attestation-de-droits-securite-sociale-guide\/#Erreurs_courantes_et_comment_les_eviter\" >Erreurs courantes et comment les \u00e9viter<\/a><ul class='ez-toc-list-level-3' ><li class='ez-toc-heading-level-3'><a class=\"ez-toc-link ez-toc-heading-17\" href=\"https:\/\/www.belgic.eu\/index.php\/2026\/04\/17\/telecharger-son-attestation-de-droits-securite-sociale-guide\/#Mot_de_passe_oublie\" >Mot de passe oubli\u00e9<\/a><\/li><li class='ez-toc-page-1 ez-toc-heading-level-3'><a class=\"ez-toc-link ez-toc-heading-18\" href=\"https:\/\/www.belgic.eu\/index.php\/2026\/04\/17\/telecharger-son-attestation-de-droits-securite-sociale-guide\/#Probleme_de_connexion_avec_FranceConnect\" >Probl\u00e8me de connexion avec FranceConnect<\/a><\/li><li class='ez-toc-page-1 ez-toc-heading-level-3'><a class=\"ez-toc-link ez-toc-heading-19\" href=\"https:\/\/www.belgic.eu\/index.php\/2026\/04\/17\/telecharger-son-attestation-de-droits-securite-sociale-guide\/#Informations_incorrectes_sur_lattestation\" >Informations incorrectes sur l&rsquo;attestation<\/a><\/li><\/ul><\/li><li class='ez-toc-page-1 ez-toc-heading-level-2'><a class=\"ez-toc-link ez-toc-heading-20\" href=\"https:\/\/www.belgic.eu\/index.php\/2026\/04\/17\/telecharger-son-attestation-de-droits-securite-sociale-guide\/#Utilisations_frequentes_de_lattestation_de_droits\" >Utilisations fr\u00e9quentes de l&rsquo;attestation de droits<\/a><ul class='ez-toc-list-level-3' ><li class='ez-toc-heading-level-3'><a class=\"ez-toc-link ez-toc-heading-21\" href=\"https:\/\/www.belgic.eu\/index.php\/2026\/04\/17\/telecharger-son-attestation-de-droits-securite-sociale-guide\/#Inscription_a_une_mutuelle_sante\" >Inscription \u00e0 une mutuelle sant\u00e9<\/a><\/li><li class='ez-toc-page-1 ez-toc-heading-level-3'><a class=\"ez-toc-link ez-toc-heading-22\" href=\"https:\/\/www.belgic.eu\/index.php\/2026\/04\/17\/telecharger-son-attestation-de-droits-securite-sociale-guide\/#Hospitalisation\" >Hospitalisation<\/a><\/li><li class='ez-toc-page-1 ez-toc-heading-level-3'><a class=\"ez-toc-link ez-toc-heading-23\" href=\"https:\/\/www.belgic.eu\/index.php\/2026\/04\/17\/telecharger-son-attestation-de-droits-securite-sociale-guide\/#Justification_de_droits_aupres_dorganismes_sociaux\" >Justification de droits aupr\u00e8s d&rsquo;organismes sociaux<\/a><\/li><\/ul><\/li><li class='ez-toc-page-1 ez-toc-heading-level-2'><a class=\"ez-toc-link ez-toc-heading-24\" href=\"https:\/\/www.belgic.eu\/index.php\/2026\/04\/17\/telecharger-son-attestation-de-droits-securite-sociale-guide\/#Conclusion_Lattestation_de_droits_un_document_essentiel\" >Conclusion : L&rsquo;attestation de droits, un document essentiel<\/a><ul class='ez-toc-list-level-3' ><li class='ez-toc-heading-level-3'><a class=\"ez-toc-link ez-toc-heading-25\" href=\"https:\/\/www.belgic.eu\/index.php\/2026\/04\/17\/telecharger-son-attestation-de-droits-securite-sociale-guide\/#Foire_aux_questions_FAQ\" >Foire aux questions (FAQ)<\/a><\/li><li class='ez-toc-page-1 ez-toc-heading-level-3'><a class=\"ez-toc-link ez-toc-heading-26\" href=\"https:\/\/www.belgic.eu\/index.php\/2026\/04\/17\/telecharger-son-attestation-de-droits-securite-sociale-guide\/#Comment_acceder_a_mon_compte_Ameli_si_jai_oublie_mon_mot_de_passe\" >Comment acc\u00e9der \u00e0 mon compte Ameli si j&rsquo;ai oubli\u00e9 mon mot de passe ?<\/a><\/li><li class='ez-toc-page-1 ez-toc-heading-level-3'><a class=\"ez-toc-link ez-toc-heading-27\" href=\"https:\/\/www.belgic.eu\/index.php\/2026\/04\/17\/telecharger-son-attestation-de-droits-securite-sociale-guide\/#Puis-je_obtenir_mon_attestation_de_droits_sans_compte_Ameli\" >Puis-je obtenir mon attestation de droits sans compte Ameli ?<\/a><\/li><li class='ez-toc-page-1 ez-toc-heading-level-3'><a class=\"ez-toc-link ez-toc-heading-28\" href=\"https:\/\/www.belgic.eu\/index.php\/2026\/04\/17\/telecharger-son-attestation-de-droits-securite-sociale-guide\/#Lattestation_de_droits_est-elle_valable_indefiniment\" >L&rsquo;attestation de droits est-elle valable ind\u00e9finiment ?<\/a><\/li><li class='ez-toc-page-1 ez-toc-heading-level-3'><a class=\"ez-toc-link ez-toc-heading-29\" href=\"https:\/\/www.belgic.eu\/index.php\/2026\/04\/17\/telecharger-son-attestation-de-droits-securite-sociale-guide\/#Que_faire_si_mes_informations_personnelles_sont_incorrectes_sur_lattestation\" >Que faire si mes informations personnelles sont incorrectes sur l&rsquo;attestation ?<\/a><\/li><li class='ez-toc-page-1 ez-toc-heading-level-3'><a class=\"ez-toc-link ez-toc-heading-30\" href=\"https:\/\/www.belgic.eu\/index.php\/2026\/04\/17\/telecharger-son-attestation-de-droits-securite-sociale-guide\/#Mes_ayants_droit_sont-ils_mentionnes_sur_mon_attestation_de_droits\" >Mes ayants droit sont-ils mentionn\u00e9s sur mon attestation de droits ?<\/a><\/li><li class='ez-toc-page-1 ez-toc-heading-level-3'><a class=\"ez-toc-link ez-toc-heading-31\" href=\"https:\/\/www.belgic.eu\/index.php\/2026\/04\/17\/telecharger-son-attestation-de-droits-securite-sociale-guide\/#Est-ce_que_je_peux_presenter_une_capture_decran_de_mon_attestation\" >Est-ce que je peux pr\u00e9senter une capture d&rsquo;\u00e9cran de mon attestation ?<\/a><\/li><li class='ez-toc-page-1 ez-toc-heading-level-3'><a class=\"ez-toc-link ez-toc-heading-32\" href=\"https:\/\/www.belgic.eu\/index.php\/2026\/04\/17\/telecharger-son-attestation-de-droits-securite-sociale-guide\/#Ou_trouver_le_numero_de_securite_sociale_sur_lattestation\" >O\u00f9 trouver le num\u00e9ro de s\u00e9curit\u00e9 sociale sur l&rsquo;attestation ?<\/a><\/li><\/ul><\/li><\/ul><\/nav><\/div>\n<h2><span class=\"ez-toc-section\" id=\"Acceder_a_votre_compte_Ameli_La_premiere_etape\"><\/span>Acc\u00e9der \u00e0 votre <a href=\"https:\/\/www.belgic.eu\/index.php\/2026\/04\/02\/savoir-si-un-compte-ameli-est-obligatoire-pour-etre-rembourse\/\">compte Ameli<\/a> : La premi\u00e8re \u00e9tape<span class=\"ez-toc-section-end\"><\/span><\/h2>\n<p>La plateforme principale pour t\u00e9l\u00e9charger votre <a href=\"https:\/\/www.belgic.eu\/index.php\/2026\/02\/28\/obtenir-une-attestation-provisoire-apres-la-perte-de-carte-vitale\/\">attestation<\/a> est le site Ameli.fr. C&rsquo;est le portail officiel de l&rsquo;<a href=\"https:\/\/www.belgic.eu\/index.php\/2026\/03\/24\/remplir-une-feuille-de-soins-papier-sans-carte-vitale\/\">Assurance Maladie<\/a>. Une fois connect\u00e9, l&rsquo;attestation est disponible en quelques clics.<\/p>\n<h3><span class=\"ez-toc-section\" id=\"Se_connecter_avec_FranceConnect\"><\/span>Se connecter avec FranceConnect<span class=\"ez-toc-section-end\"><\/span><\/h3>\n<p>Pour vous connecter \u00e0 votre compte Ameli, le plus simple et s\u00e9curis\u00e9 est d&rsquo;utiliser FranceConnect. Cette solution centralise vos identifiants de divers <a href=\"https:\/\/www.belgic.eu\/index.php\/2026\/03\/07\/les-avancees-et-les-fonctionnalites-recentes-de-mon-espace-sante\/\">services publics<\/a> (Impots.gouv.fr, l&rsquo;identit\u00e9 num\u00e9rique La Poste\u2026).<\/p>\n<h3><span class=\"ez-toc-section\" id=\"Alternative_Identifiant_et_mot_de_passe_Ameli\"><\/span>Alternative : Identifiant et mot de passe Ameli<span class=\"ez-toc-section-end\"><\/span><\/h3>\n<p>Si vous n&rsquo;utilisez pas FranceConnect, vous pouvez vous connecter avec votre num\u00e9ro de S\u00e9curit\u00e9 sociale et votre mot de passe Ameli. Si vous avez oubli\u00e9 votre mot de passe, la proc\u00e9dure de r\u00e9initialisation est simple et rapide, via votre adresse e-mail ou num\u00e9ro de t\u00e9l\u00e9phone.<\/p>\n<h2><span class=\"ez-toc-section\" id=\"Telecharger_lattestation_de_droits_depuis_Ameli\"><\/span>T\u00e9l\u00e9charger l&rsquo;attestation de droits depuis Ameli<span class=\"ez-toc-section-end\"><\/span><\/h2>\n<p>Une fois connect\u00e9 \u00e0 votre compte, le processus pour t\u00e9l\u00e9charger votre attestation est intuitif. Il existe g\u00e9n\u00e9ralement deux chemins d&rsquo;acc\u00e8s principaux :<\/p>\n<h3><span class=\"ez-toc-section\" id=\"Rubrique_%C2%AB_Mes_informations_%C2%BB_ou_%C2%AB_Mes_documents_%C2%BB\"><\/span>Rubrique \u00ab\u00a0Mes informations\u00a0\u00bb ou \u00ab\u00a0Mes documents\u00a0\u00bb<span class=\"ez-toc-section-end\"><\/span><\/h3>\n<p>La plupart du temps, l&rsquo;attestation de droits se trouve dans une rubrique intitul\u00e9e \u00ab\u00a0Mes informations\u00a0\u00bb, \u00ab\u00a0Mon profil\u00a0\u00bb ou \u00ab\u00a0Mes documents\u00a0\u00bb. Explorez ces sections.<\/p>\n<h3><span class=\"ez-toc-section\" id=\"Recherche_directe_dans_la_barre_de_recherche\"><\/span>Recherche directe dans la barre de recherche<span class=\"ez-toc-section-end\"><\/span><\/h3>\n<p>Une autre option est d&rsquo;utiliser la barre de recherche de votre compte Ameli. Tapez \u00ab\u00a0attestation de droits\u00a0\u00bb ou \u00ab\u00a0t\u00e9l\u00e9charger attestation\u00a0\u00bb pour trouver directement la page concern\u00e9e.<\/p>\n<p><b>R\u00e9ponse Imm\u00e9diate:<\/b> Pour t\u00e9l\u00e9charger votre attestation de droits de la S\u00e9curit\u00e9 sociale, connectez-vous \u00e0 votre compte Ameli via FranceConnect ou avec vos identifiants, puis rendez-vous dans la section \u00ab\u00a0Mes informations\u00a0\u00bb ou utilisez la barre de recherche en tapant \u00ab\u00a0attestation de droits\u00a0\u00bb.<\/p>\n<h2><span class=\"ez-toc-section\" id=\"Comprendre_les_informations_contenues_dans_lattestation\"><\/span>Comprendre les informations contenues dans l&rsquo;attestation<span class=\"ez-toc-section-end\"><\/span><\/h2>\n<p>L&rsquo;attestation de droits contient des <a href=\"https:\/\/www.belgic.eu\/index.php\/2026\/03\/20\/la-comprehension-des-droits-aux-aides-sociales-et-des-informations-cles\/\">informations essentielles<\/a> sur votre affiliation et celle de vos ayants droit.<\/p>\n<h3><span class=\"ez-toc-section\" id=\"Informations_personnelles\"><\/span>Informations personnelles<span class=\"ez-toc-section-end\"><\/span><\/h3>\n<p>Votre nom, pr\u00e9nom, date de naissance, num\u00e9ro de S\u00e9curit\u00e9 sociale, et adresse sont indiqu\u00e9s. V\u00e9rifiez l&rsquo;exactitude de ces informations.<\/p>\n<h3><span class=\"ez-toc-section\" id=\"Beneficiaires_ayants_droit\"><\/span>B\u00e9n\u00e9ficiaires (ayants droit)<span class=\"ez-toc-section-end\"><\/span><\/h3>\n<p>Si vous avez des ayants droit (enfants, conjoint sans activit\u00e9 professionnelle), leurs informations figurent \u00e9galement sur l&rsquo;attestation.<\/p>\n<h3><span class=\"ez-toc-section\" id=\"Organisme_de_rattachement\"><\/span>Organisme de rattachement<span class=\"ez-toc-section-end\"><\/span><\/h3>\n<p>L&rsquo;attestation pr\u00e9cise votre organisme d&rsquo;affiliation (CPAM, MSA, etc.).<\/p>\n<h2><span class=\"ez-toc-section\" id=\"Les_alternatives_au_telechargement_en_ligne\"><\/span>Les alternatives au t\u00e9l\u00e9chargement en ligne<span class=\"ez-toc-section-end\"><\/span><\/h2>\n<p>Si vous ne pouvez pas acc\u00e9der \u00e0 votre compte Ameli en ligne, d&rsquo;autres solutions existent pour obtenir votre attestation de droits.<\/p>\n<h3><span class=\"ez-toc-section\" id=\"Borne_CPAM_en_libre-service\"><\/span>Borne CPAM en libre-service<span class=\"ez-toc-section-end\"><\/span><\/h3>\n<p>De nombreuses caisses primaires d&rsquo;assurance maladie (CPAM) mettent \u00e0 disposition des bornes en libre-service. Munissez-vous de votre <a href=\"https:\/\/www.belgic.eu\/index.php\/2026\/03\/24\/remplir-une-feuille-de-soins-papier-sans-carte-vitale\/\">carte Vitale<\/a> pour t\u00e9l\u00e9charger votre attestation.<\/p>\n<h3><span class=\"ez-toc-section\" id=\"Contact_telephonique_avec_votre_CPAM\"><\/span>Contact t\u00e9l\u00e9phonique avec votre CPAM<span class=\"ez-toc-section-end\"><\/span><\/h3>\n<p>Vous pouvez contacter votre CPAM par t\u00e9l\u00e9phone. Un conseiller pourra vous envoyer l&rsquo;attestation par courrier postal.<\/p>\n<h3><span class=\"ez-toc-section\" id=\"Envoi_par_courrier_postal\"><\/span>Envoi par courrier postal<span class=\"ez-toc-section-end\"><\/span><\/h3>\n<p>Dans certains cas, vous pouvez adresser une demande \u00e9crite \u00e0 votre CPAM pour recevoir l&rsquo;attestation par courrier. Joignez une copie de votre carte d&rsquo;identit\u00e9.<\/p>\n<h2><span class=\"ez-toc-section\" id=\"Tableau_comparatif_Methodes_pour_obtenir_une_attestation_de_droits\"><\/span>Tableau comparatif : M\u00e9thodes pour obtenir une attestation de droits<span class=\"ez-toc-section-end\"><\/span><\/h2>\n<table>\n<thead>\n<tr>\n<th>M\u00e9thode<\/th>\n<th>Avantages<\/th>\n<th>Inconv\u00e9nients<\/th>\n<th>D\u00e9lai<\/th>\n<\/tr>\n<\/thead>\n<tbody>\n<tr>\n<td>T\u00e9l\u00e9chargement en ligne (Ameli)<\/td>\n<td>Imm\u00e9diat, accessible 24h\/24<\/td>\n<td>N\u00e9cessite un acc\u00e8s internet et un compte Ameli<\/td>\n<td>Imm\u00e9diat<\/td>\n<\/tr>\n<tr>\n<td>Borne CPAM<\/td>\n<td>Rapide, pas besoin de compte en ligne<\/td>\n<td>D\u00e9placement n\u00e9cessaire, disponibilit\u00e9 limit\u00e9e<\/td>\n<td>Imm\u00e9diat<\/td>\n<\/tr>\n<tr>\n<td>Contact t\u00e9l\u00e9phonique<\/td>\n<td><a href=\"https:\/\/www.belgic.eu\/index.php\/2026\/03\/03\/ladaptation-des-demandeurs-demploi-a-la-strategie-france-travail-2026\/\">Accompagnement<\/a> personnalis\u00e9<\/td>\n<td>Attente possible, envoi postal<\/td>\n<td>Quelques jours (courrier)<\/td>\n<\/tr>\n<tr>\n<td>Courrier postal<\/td>\n<td>Pas besoin d&rsquo;internet<\/td>\n<td>D\u00e9marche plus longue<\/td>\n<td>Plusieurs jours<\/td>\n<\/tr>\n<\/tbody>\n<\/table>\n<h2><span class=\"ez-toc-section\" id=\"Erreurs_courantes_et_comment_les_eviter\"><\/span>Erreurs courantes et comment les \u00e9viter<span class=\"ez-toc-section-end\"><\/span><\/h2>\n<p>Certaines erreurs peuvent survenir lors du t\u00e9l\u00e9chargement de votre attestation. Voici comment les anticiper :<\/p>\n<h3><span class=\"ez-toc-section\" id=\"Mot_de_passe_oublie\"><\/span>Mot de passe oubli\u00e9<span class=\"ez-toc-section-end\"><\/span><\/h3>\n<p><b>Cause :<\/b> Oubli ou perte du mot de passe de votre compte Ameli.<br \/>\n<b>Cons\u00e9quence :<\/b> Impossible d&rsquo;acc\u00e9der \u00e0 votre compte et de t\u00e9l\u00e9charger l&rsquo;attestation.<br \/>\n<b>Solution :<\/b> Utilisez la proc\u00e9dure de r\u00e9initialisation du mot de passe, disponible sur le site Ameli.<\/p>\n<h3><span class=\"ez-toc-section\" id=\"Probleme_de_connexion_avec_FranceConnect\"><\/span>Probl\u00e8me de connexion avec FranceConnect<span class=\"ez-toc-section-end\"><\/span><\/h3>\n<p><b>Cause :<\/b> Probl\u00e8me technique temporaire avec FranceConnect ou identifiants incorrects.<br \/>\n<b>Cons\u00e9quence :<\/b> Impossible de se connecter via FranceConnect.<br \/>\n<b>Solution :<\/b> V\u00e9rifiez vos identifiants FranceConnect, patientez quelques minutes, ou essayez la connexion directe avec votre compte Ameli.<\/p>\n<h3><span class=\"ez-toc-section\" id=\"Informations_incorrectes_sur_lattestation\"><\/span>Informations incorrectes sur l&rsquo;attestation<span class=\"ez-toc-section-end\"><\/span><\/h3>\n<p><b>Cause :<\/b> Erreurs dans vos informations personnelles enregistr\u00e9es aupr\u00e8s de la S\u00e9curit\u00e9 sociale.<br \/>\n<b>Cons\u00e9quence :<\/b> L&rsquo;attestation contient des informations erron\u00e9es.<br \/>\n<b>Solution :<\/b> Contactez votre CPAM pour signaler et corriger les erreurs.<\/p>\n<h2><span class=\"ez-toc-section\" id=\"Utilisations_frequentes_de_lattestation_de_droits\"><\/span>Utilisations fr\u00e9quentes de l&rsquo;attestation de droits<span class=\"ez-toc-section-end\"><\/span><\/h2>\n<p>L&rsquo;attestation de droits est souvent demand\u00e9e dans les situations suivantes :<\/p>\n<h3><span class=\"ez-toc-section\" id=\"Inscription_a_une_mutuelle_sante\"><\/span>Inscription \u00e0 une mutuelle sant\u00e9<span class=\"ez-toc-section-end\"><\/span><\/h3>\n<p>Pour justifier de votre affiliation \u00e0 la S\u00e9curit\u00e9 sociale et faciliter la prise en charge de vos d\u00e9penses de sant\u00e9.<\/p>\n<h3><span class=\"ez-toc-section\" id=\"Hospitalisation\"><\/span>Hospitalisation<span class=\"ez-toc-section-end\"><\/span><\/h3>\n<p>Pour prouver votre couverture sant\u00e9 et \u00e9viter d&rsquo;avancer des frais importants.<\/p>\n<h3><span class=\"ez-toc-section\" id=\"Justification_de_droits_aupres_dorganismes_sociaux\"><\/span>Justification de droits aupr\u00e8s d&rsquo;organismes sociaux<span class=\"ez-toc-section-end\"><\/span><\/h3>\n<p>Pour b\u00e9n\u00e9ficier de certaines aides ou prestations sociales (RSA, CMU-C, etc.).<\/p>\n<h2><span class=\"ez-toc-section\" id=\"Conclusion_Lattestation_de_droits_un_document_essentiel\"><\/span>Conclusion : L&rsquo;attestation de droits, un document essentiel<span class=\"ez-toc-section-end\"><\/span><\/h2>\n<p>T\u00e9l\u00e9charger votre attestation de droits \u00e0 la S\u00e9curit\u00e9 sociale depuis votre compte Ameli est une d\u00e9marche simple et rapide, essentielle pour justifier de votre couverture sant\u00e9. En cas de difficult\u00e9s, n&rsquo;h\u00e9sitez pas \u00e0 contacter votre CPAM ou \u00e0 utiliser les alternatives disponibles.<\/p>\n<h3><span class=\"ez-toc-section\" id=\"Foire_aux_questions_FAQ\"><\/span>Foire aux questions (FAQ)<span class=\"ez-toc-section-end\"><\/span><\/h3>\n<h3><span class=\"ez-toc-section\" id=\"Comment_acceder_a_mon_compte_Ameli_si_jai_oublie_mon_mot_de_passe\"><\/span>Comment acc\u00e9der \u00e0 mon compte Ameli si j&rsquo;ai oubli\u00e9 mon mot de passe ?<span class=\"ez-toc-section-end\"><\/span><\/h3>\n<p>Utilisez la proc\u00e9dure de r\u00e9initialisation du mot de passe disponible sur le site Ameli.<\/p>\n<h3><span class=\"ez-toc-section\" id=\"Puis-je_obtenir_mon_attestation_de_droits_sans_compte_Ameli\"><\/span>Puis-je obtenir mon attestation de droits sans compte Ameli ?<span class=\"ez-toc-section-end\"><\/span><\/h3>\n<p>Oui, vous pouvez utiliser les bornes CPAM, contacter votre CPAM par t\u00e9l\u00e9phone ou envoyer une demande par courrier.<\/p>\n<h3><span class=\"ez-toc-section\" id=\"Lattestation_de_droits_est-elle_valable_indefiniment\"><\/span>L&rsquo;attestation de droits est-elle valable ind\u00e9finiment ?<span class=\"ez-toc-section-end\"><\/span><\/h3>\n<p>Non, il est conseill\u00e9 de t\u00e9l\u00e9charger une nouvelle attestation r\u00e9guli\u00e8rement pour s&rsquo;assurer que les informations sont \u00e0 jour.<\/p>\n<h3><span class=\"ez-toc-section\" id=\"Que_faire_si_mes_informations_personnelles_sont_incorrectes_sur_lattestation\"><\/span>Que faire si mes informations personnelles sont incorrectes sur l&rsquo;attestation ?<span class=\"ez-toc-section-end\"><\/span><\/h3>\n<p>Contactez votre CPAM pour signaler et corriger les erreurs.<\/p>\n<h3><span class=\"ez-toc-section\" id=\"Mes_ayants_droit_sont-ils_mentionnes_sur_mon_attestation_de_droits\"><\/span>Mes ayants droit sont-ils mentionn\u00e9s sur mon attestation de droits ?<span class=\"ez-toc-section-end\"><\/span><\/h3>\n<p>Oui, si vous avez des ayants droit, leurs informations figurent \u00e9galement sur votre attestation.<\/p>\n<h3><span class=\"ez-toc-section\" id=\"Est-ce_que_je_peux_presenter_une_capture_decran_de_mon_attestation\"><\/span>Est-ce que je peux pr\u00e9senter une capture d&rsquo;\u00e9cran de mon attestation ?<span class=\"ez-toc-section-end\"><\/span><\/h3>\n<p>Non, une copie officielle t\u00e9l\u00e9charg\u00e9e ou imprim\u00e9e est pr\u00e9f\u00e9rable, car elle contient un code d&rsquo;authentification.<\/p>\n<h3><span class=\"ez-toc-section\" id=\"Ou_trouver_le_numero_de_securite_sociale_sur_lattestation\"><\/span>O\u00f9 trouver le num\u00e9ro de s\u00e9curit\u00e9 sociale sur l&rsquo;attestation ?<span class=\"ez-toc-section-end\"><\/span><\/h3>\n<p>Votre num\u00e9ro de s\u00e9curit\u00e9 sociale est clairement indiqu\u00e9 en haut de l&rsquo;attestation, sous vos informations personnelles.<\/p>\n","protected":false},"excerpt":{"rendered":"<p> &#8230; <a title=\"T\u00e9l\u00e9charger son attestation de droits s\u00e9curit\u00e9 sociale : Guide\" class=\"read-more\" href=\"https:\/\/www.belgic.eu\/index.php\/2026\/04\/17\/telecharger-son-attestation-de-droits-securite-sociale-guide\/\" aria-label=\"En savoir plus sur T\u00e9l\u00e9charger son attestation de droits s\u00e9curit\u00e9 sociale : Guide\">Lire plus<\/a><\/p>\n","protected":false},"author":3,"featured_media":385,"comment_status":"open","ping_status":"open","sticky":false,"template":"","format":"standard","meta":{"fifu_image_url":"","fifu_image_alt":"","footnotes":""},"categories":[179],"tags":[334,1511,1445,346,1525],"class_list":["post-412","post","type-post","status-publish","format-standard","has-post-thumbnail","hentry","category-droits-et-aides-sociales","tag-attestation-de-droits","tag-compte-ameli","tag-cpam","tag-securite-sociale","tag-telecharger-attestation","resize-featured-image"],"_links":{"self":[{"href":"https:\/\/www.belgic.eu\/index.php\/wp-json\/wp\/v2\/posts\/412","targetHints":{"allow":["GET"]}}],"collection":[{"href":"https:\/\/www.belgic.eu\/index.php\/wp-json\/wp\/v2\/posts"}],"about":[{"href":"https:\/\/www.belgic.eu\/index.php\/wp-json\/wp\/v2\/types\/post"}],"author":[{"embeddable":true,"href":"https:\/\/www.belgic.eu\/index.php\/wp-json\/wp\/v2\/users\/3"}],"replies":[{"embeddable":true,"href":"https:\/\/www.belgic.eu\/index.php\/wp-json\/wp\/v2\/comments?post=412"}],"version-history":[{"count":1,"href":"https:\/\/www.belgic.eu\/index.php\/wp-json\/wp\/v2\/posts\/412\/revisions"}],"predecessor-version":[{"id":1453,"href":"https:\/\/www.belgic.eu\/index.php\/wp-json\/wp\/v2\/posts\/412\/revisions\/1453"}],"wp:featuredmedia":[{"embeddable":true,"href":"https:\/\/www.belgic.eu\/index.php\/wp-json\/wp\/v2\/media\/385"}],"wp:attachment":[{"href":"https:\/\/www.belgic.eu\/index.php\/wp-json\/wp\/v2\/media?parent=412"}],"wp:term":[{"taxonomy":"category","embeddable":true,"href":"https:\/\/www.belgic.eu\/index.php\/wp-json\/wp\/v2\/categories?post=412"},{"taxonomy":"post_tag","embeddable":true,"href":"https:\/\/www.belgic.eu\/index.php\/wp-json\/wp\/v2\/tags?post=412"}],"curies":[{"name":"wp","href":"https:\/\/api.w.org\/{rel}","templated":true}]}}