{"id":408,"date":"2026-04-05T14:52:18","date_gmt":"2026-04-05T14:52:18","guid":{"rendered":"https:\/\/www.belgic.eu\/?p=408"},"modified":"2026-04-05T14:52:18","modified_gmt":"2026-04-05T14:52:18","slug":"demission-de-cdd-sans-preavis-est-ce-possible-legalement","status":"publish","type":"post","link":"https:\/\/www.belgic.eu\/index.php\/2026\/04\/05\/demission-de-cdd-sans-preavis-est-ce-possible-legalement\/","title":{"rendered":"D\u00e9mission de CDD sans pr\u00e9avis : Est-ce possible l\u00e9galement ?"},"content":{"rendered":"<p>La question de la d\u00e9mission d&rsquo;un CDD sans pr\u00e9avis est cruciale pour les salari\u00e9s. La r\u00e9ponse courte est : en principe, non, sauf exceptions. Une rupture anticip\u00e9e expose le salari\u00e9 \u00e0 des dommages et int\u00e9r\u00eats. Toutefois, des motifs l\u00e9gitimes, comme l&rsquo;obtention d&rsquo;un CDI, peuvent permettre une d\u00e9mission sans <a href=\"https:\/\/www.belgic.eu\/index.php\/2026\/02\/20\/lanalyse-des-consequences-strategiques-des-opa-hostiles-pour-les-entreprises\/\">cons\u00e9quences<\/a> financi\u00e8res.<\/p>\n<div id=\"ez-toc-container\" class=\"ez-toc-v2_0_80 counter-hierarchy ez-toc-counter ez-toc-grey ez-toc-container-direction\">\n<div class=\"ez-toc-title-container\">\n<p class=\"ez-toc-title\" style=\"cursor:inherit\">Table of Contents<\/p>\n<span class=\"ez-toc-title-toggle\"><a href=\"#\" class=\"ez-toc-pull-right ez-toc-btn ez-toc-btn-xs ez-toc-btn-default ez-toc-toggle\" aria-label=\"Toggle Table of Content\"><span class=\"ez-toc-js-icon-con\"><span class=\"\"><span class=\"eztoc-hide\" style=\"display:none;\">Toggle<\/span><span class=\"ez-toc-icon-toggle-span\"><svg style=\"fill: #999;color:#999\" xmlns=\"http:\/\/www.w3.org\/2000\/svg\" class=\"list-377408\" width=\"20px\" height=\"20px\" viewBox=\"0 0 24 24\" fill=\"none\"><path d=\"M6 6H4v2h2V6zm14 0H8v2h12V6zM4 11h2v2H4v-2zm16 0H8v2h12v-2zM4 16h2v2H4v-2zm16 0H8v2h12v-2z\" fill=\"currentColor\"><\/path><\/svg><svg style=\"fill: #999;color:#999\" class=\"arrow-unsorted-368013\" xmlns=\"http:\/\/www.w3.org\/2000\/svg\" width=\"10px\" height=\"10px\" viewBox=\"0 0 24 24\" version=\"1.2\" baseProfile=\"tiny\"><path d=\"M18.2 9.3l-6.2-6.3-6.2 6.3c-.2.2-.3.4-.3.7s.1.5.3.7c.2.2.4.3.7.3h11c.3 0 .5-.1.7-.3.2-.2.3-.5.3-.7s-.1-.5-.3-.7zM5.8 14.7l6.2 6.3 6.2-6.3c.2-.2.3-.5.3-.7s-.1-.5-.3-.7c-.2-.2-.4-.3-.7-.3h-11c-.3 0-.5.1-.7.3-.2.2-.3.5-.3.7s.1.5.3.7z\"\/><\/svg><\/span><\/span><\/span><\/a><\/span><\/div>\n<nav><ul class='ez-toc-list ez-toc-list-level-1 ' ><li class='ez-toc-page-1 ez-toc-heading-level-2'><a class=\"ez-toc-link ez-toc-heading-1\" href=\"https:\/\/www.belgic.eu\/index.php\/2026\/04\/05\/demission-de-cdd-sans-preavis-est-ce-possible-legalement\/#Le_Principe_General_Pas_de_Demission_Libre_en_CDD\" >Le Principe G\u00e9n\u00e9ral : Pas de D\u00e9mission Libre en CDD<\/a><ul class='ez-toc-list-level-3' ><li class='ez-toc-heading-level-3'><a class=\"ez-toc-link ez-toc-heading-2\" href=\"https:\/\/www.belgic.eu\/index.php\/2026\/04\/05\/demission-de-cdd-sans-preavis-est-ce-possible-legalement\/#Consequences_dune_Rupture_Abusive\" >Cons\u00e9quences d&rsquo;une Rupture Abusive<\/a><\/li><\/ul><\/li><li class='ez-toc-page-1 ez-toc-heading-level-2'><a class=\"ez-toc-link ez-toc-heading-3\" href=\"https:\/\/www.belgic.eu\/index.php\/2026\/04\/05\/demission-de-cdd-sans-preavis-est-ce-possible-legalement\/#Les_Cas_Legaux_Permettant_une_Demission_Sans_Preavis_en_CDD\" >Les Cas L\u00e9gaux Permettant une D\u00e9mission Sans Pr\u00e9avis en CDD<\/a><ul class='ez-toc-list-level-3' ><li class='ez-toc-heading-level-3'><a class=\"ez-toc-link ez-toc-heading-4\" href=\"https:\/\/www.belgic.eu\/index.php\/2026\/04\/05\/demission-de-cdd-sans-preavis-est-ce-possible-legalement\/#Le_Cadre_%C2%AB_CDI_Tremplin_%C2%BB_pour_la_Demission_de_CDD\" >Le Cadre \u00ab\u00a0CDI Tremplin\u00a0\u00bb pour la D\u00e9mission de CDD<\/a><\/li><\/ul><\/li><li class='ez-toc-page-1 ez-toc-heading-level-2'><a class=\"ez-toc-link ez-toc-heading-5\" href=\"https:\/\/www.belgic.eu\/index.php\/2026\/04\/05\/demission-de-cdd-sans-preavis-est-ce-possible-legalement\/#Le_Preavis_en_Cas_dEmbauche_en_CDI\" >Le Pr\u00e9avis en Cas d&rsquo;Embauche en CDI<\/a><ul class='ez-toc-list-level-3' ><li class='ez-toc-heading-level-3'><a class=\"ez-toc-link ez-toc-heading-6\" href=\"https:\/\/www.belgic.eu\/index.php\/2026\/04\/05\/demission-de-cdd-sans-preavis-est-ce-possible-legalement\/#Exemple_Concret_dApplication_du_Preavis\" >Exemple Concret d&rsquo;Application du Pr\u00e9avis<\/a><\/li><\/ul><\/li><li class='ez-toc-page-1 ez-toc-heading-level-2'><a class=\"ez-toc-link ez-toc-heading-7\" href=\"https:\/\/www.belgic.eu\/index.php\/2026\/04\/05\/demission-de-cdd-sans-preavis-est-ce-possible-legalement\/#Tableau_Recapitulatif_Demission_de_CDD_et_Preavis\" >Tableau R\u00e9capitulatif : D\u00e9mission de CDD et Pr\u00e9avis<\/a><\/li><li class='ez-toc-page-1 ez-toc-heading-level-2'><a class=\"ez-toc-link ez-toc-heading-8\" href=\"https:\/\/www.belgic.eu\/index.php\/2026\/04\/05\/demission-de-cdd-sans-preavis-est-ce-possible-legalement\/#Erreurs_Courantes_a_Eviter_Lors_dune_Demission_de_CDD\" >Erreurs Courantes \u00e0 \u00c9viter Lors d&rsquo;une D\u00e9mission de CDD<\/a><ul class='ez-toc-list-level-3' ><li class='ez-toc-heading-level-3'><a class=\"ez-toc-link ez-toc-heading-9\" href=\"https:\/\/www.belgic.eu\/index.php\/2026\/04\/05\/demission-de-cdd-sans-preavis-est-ce-possible-legalement\/#Le_Piege_de_la_Promesse_dEmbauche_Non_Confirmee\" >Le Pi\u00e8ge de la Promesse d&rsquo;Embauche Non Confirm\u00e9e<\/a><\/li><\/ul><\/li><li class='ez-toc-page-1 ez-toc-heading-level-2'><a class=\"ez-toc-link ez-toc-heading-10\" href=\"https:\/\/www.belgic.eu\/index.php\/2026\/04\/05\/demission-de-cdd-sans-preavis-est-ce-possible-legalement\/#Conclusion_Demission_de_CDD_un_Acte_a_Encadrer\" >Conclusion : D\u00e9mission de CDD, un Acte \u00e0 Encadrer<\/a><ul class='ez-toc-list-level-3' ><li class='ez-toc-heading-level-3'><a class=\"ez-toc-link ez-toc-heading-11\" href=\"https:\/\/www.belgic.eu\/index.php\/2026\/04\/05\/demission-de-cdd-sans-preavis-est-ce-possible-legalement\/#Enseignement_Memorable\" >Enseignement M\u00e9morable<\/a><\/li><\/ul><\/li><li class='ez-toc-page-1 ez-toc-heading-level-2'><a class=\"ez-toc-link ez-toc-heading-12\" href=\"https:\/\/www.belgic.eu\/index.php\/2026\/04\/05\/demission-de-cdd-sans-preavis-est-ce-possible-legalement\/#Foire_aux_Questions_FAQ\" >Foire aux Questions (FAQ)<\/a><ul class='ez-toc-list-level-3' ><li class='ez-toc-heading-level-3'><a class=\"ez-toc-link ez-toc-heading-13\" href=\"https:\/\/www.belgic.eu\/index.php\/2026\/04\/05\/demission-de-cdd-sans-preavis-est-ce-possible-legalement\/#Puis-je_demissionner_de_mon_CDD_si_mon_employeur_ne_respecte_pas_ses_obligations\" >Puis-je d\u00e9missionner de mon CDD si mon employeur ne respecte pas ses obligations ?<\/a><\/li><li class='ez-toc-page-1 ez-toc-heading-level-3'><a class=\"ez-toc-link ez-toc-heading-14\" href=\"https:\/\/www.belgic.eu\/index.php\/2026\/04\/05\/demission-de-cdd-sans-preavis-est-ce-possible-legalement\/#Quelle_est_la_duree_du_preavis_si_je_demissionne_de_mon_CDD_pour_un_CDI\" >Quelle est la dur\u00e9e du pr\u00e9avis si je d\u00e9missionne de mon CDD pour un CDI ?<\/a><\/li><li class='ez-toc-page-1 ez-toc-heading-level-3'><a class=\"ez-toc-link ez-toc-heading-15\" href=\"https:\/\/www.belgic.eu\/index.php\/2026\/04\/05\/demission-de-cdd-sans-preavis-est-ce-possible-legalement\/#Que_se_passe-t-il_si_je_ne_respecte_pas_le_preavis_lors_de_ma_demission_de_CDD\" >Que se passe-t-il si je ne respecte pas le pr\u00e9avis lors de ma d\u00e9mission de CDD ?<\/a><\/li><li class='ez-toc-page-1 ez-toc-heading-level-3'><a class=\"ez-toc-link ez-toc-heading-16\" href=\"https:\/\/www.belgic.eu\/index.php\/2026\/04\/05\/demission-de-cdd-sans-preavis-est-ce-possible-legalement\/#Une_promesse_dembauche_en_CDI_suffit-elle_a_justifier_une_demission_de_CDD\" >Une promesse d&#8217;embauche en CDI suffit-elle \u00e0 justifier une d\u00e9mission de CDD ?<\/a><\/li><li class='ez-toc-page-1 ez-toc-heading-level-3'><a class=\"ez-toc-link ez-toc-heading-17\" href=\"https:\/\/www.belgic.eu\/index.php\/2026\/04\/05\/demission-de-cdd-sans-preavis-est-ce-possible-legalement\/#Puis-je_negocier_mon_preavis_avec_mon_employeur\" >Puis-je n\u00e9gocier mon pr\u00e9avis avec mon employeur ?<\/a><\/li><\/ul><\/li><\/ul><\/nav><\/div>\n<h2><span class=\"ez-toc-section\" id=\"Le_Principe_General_Pas_de_Demission_Libre_en_CDD\"><\/span>Le Principe G\u00e9n\u00e9ral : Pas de D\u00e9mission Libre en CDD<span class=\"ez-toc-section-end\"><\/span><\/h2>\n<p>Un Contrat \u00e0 Dur\u00e9e D\u00e9termin\u00e9e (CDD) est conclu pour une p\u00e9riode pr\u00e9cise. Rompre ce contrat avant son terme est une entorse au principe de la force obligatoire des contrats.<\/p>\n<p>En d&rsquo;autres termes, ni l&#8217;employeur ni le salari\u00e9 ne peuvent rompre le CDD de mani\u00e8re unilat\u00e9rale, sauf cas exceptionnels pr\u00e9vus par la loi ou le contrat lui-m\u00eame. Si un salari\u00e9 d\u00e9missionne sans motif l\u00e9gitime, il s&rsquo;expose \u00e0 des sanctions financi\u00e8res.<\/p>\n<h3><span class=\"ez-toc-section\" id=\"Consequences_dune_Rupture_Abusive\"><\/span>Cons\u00e9quences d&rsquo;une Rupture Abusive<span class=\"ez-toc-section-end\"><\/span><\/h3>\n<p>La rupture abusive d&rsquo;un CDD par le salari\u00e9 peut entra\u00eener le versement de dommages et int\u00e9r\u00eats \u00e0 l&#8217;employeur. Le montant de ces dommages est g\u00e9n\u00e9ralement \u00e9quivalent au pr\u00e9judice subi par l&rsquo;entreprise, notamment les co\u00fbts de recrutement et de formation d&rsquo;un rempla\u00e7ant, ainsi que la perte de <a href=\"https:\/\/www.belgic.eu\/index.php\/2026\/03\/19\/la-deshydratation-reduit-fortement-la-concentration-au-travail\/\">productivit\u00e9<\/a> due \u00e0 l&rsquo;absence du salari\u00e9.<\/p>\n<h2><span class=\"ez-toc-section\" id=\"Les_Cas_Legaux_Permettant_une_Demission_Sans_Preavis_en_CDD\"><\/span>Les Cas L\u00e9gaux Permettant une <a href=\"https:\/\/www.belgic.eu\/index.php\/2026\/03\/21\/rediger-une-lettre-de-demission-sans-preavis-pour-faute-employeur\/\">D\u00e9mission Sans Pr\u00e9avis<\/a> en CDD<span class=\"ez-toc-section-end\"><\/span><\/h2>\n<p>Il existe des situations o\u00f9 la loi autorise un salari\u00e9 en CDD \u00e0 d\u00e9missionner sans pr\u00e9avis et sans p\u00e9nalit\u00e9s financi\u00e8res. Ces cas sont limitativement \u00e9num\u00e9r\u00e9s et doivent \u00eatre justifi\u00e9s.<\/p>\n<ul>\n<li><b>Accord entre les parties :<\/b> L&#8217;employeur et le salari\u00e9 peuvent convenir d&rsquo;une rupture amiable du CDD. Cet accord doit \u00eatre formalis\u00e9 par \u00e9crit.<\/li>\n<li><b>Faute grave de l&#8217;employeur :<\/b> Si l&#8217;employeur commet une faute grave (non-paiement des salaires, harc\u00e8lement, etc.), le salari\u00e9 peut d\u00e9missionner sans pr\u00e9avis. Il devra cependant saisir les prud&rsquo;hommes pour faire reconna\u00eetre la faute grave.<\/li>\n<li><b>Force majeure :<\/b> Un \u00e9v\u00e9nement impr\u00e9visible et insurmontable (catastrophe naturelle, etc.) rendant impossible la poursuite du contrat peut justifier une rupture sans pr\u00e9avis.<\/li>\n<li><b>Obtention d&rsquo;un CDI :<\/b> C&rsquo;est le cas le plus fr\u00e9quent. Si le salari\u00e9 justifie d&rsquo;une embauche en CDI, il peut rompre son CDD avant terme, moyennant un <a href=\"https:\/\/www.belgic.eu\/index.php\/2026\/03\/30\/resilier-un-bail-avec-preavis-reduit-en-zone-tendue-le-guide\/\">pr\u00e9avis r\u00e9duit<\/a>.<\/li>\n<\/ul>\n<h3><span class=\"ez-toc-section\" id=\"Le_Cadre_%C2%AB_CDI_Tremplin_%C2%BB_pour_la_Demission_de_CDD\"><\/span>Le Cadre \u00ab\u00a0CDI Tremplin\u00a0\u00bb pour la D\u00e9mission de CDD<span class=\"ez-toc-section-end\"><\/span><\/h3>\n<p>Le \u00ab\u00a0CDI Tremplin\u00a0\u00bb est un cadre que j&rsquo;ai conceptualis\u00e9 pour aider les salari\u00e9s \u00e0 g\u00e9rer au mieux leur transition d&rsquo;un CDD vers un CDI. Il repose sur trois piliers : information, <a href=\"https:\/\/www.belgic.eu\/index.php\/2026\/01\/30\/anticiper-sa-retraite-facilite-un-depart-a-taux-plein\/\">anticipation<\/a>, et <a href=\"https:\/\/www.belgic.eu\/index.php\/2026\/01\/27\/negocier-les-frais-de-notaire-en-toute-legalite-sans-commettre-derreur\/\">n\u00e9gociation<\/a>.<\/p>\n<ol>\n<li><b>Information :<\/b> Conna\u00eetre ses droits et <a href=\"https:\/\/www.belgic.eu\/index.php\/2026\/01\/27\/lentretien-de-votre-chauffage-repond-a-des-obligations-legales\/\">obligations<\/a> en mati\u00e8re de d\u00e9mission de CDD.<\/li>\n<li><b>Anticipation :<\/b> Pr\u00e9parer sa d\u00e9mission en amont (lettre de d\u00e9mission, <a href=\"https:\/\/www.belgic.eu\/index.php\/2026\/03\/18\/rediger-une-attestation-dhebergement-a-titre-gratuit-conforme-guide\/\">justificatif<\/a> d&#8217;embauche en CDI).<\/li>\n<li><b>N\u00e9gociation :<\/b> Essayer de n\u00e9gocier avec l&#8217;employeur une date de d\u00e9part anticip\u00e9e, si possible.<\/li>\n<\/ol>\n<h2><span class=\"ez-toc-section\" id=\"Le_Preavis_en_Cas_dEmbauche_en_CDI\"><\/span>Le Pr\u00e9avis en Cas d&rsquo;Embauche en CDI<span class=\"ez-toc-section-end\"><\/span><\/h2>\n<p>Lorsque la d\u00e9mission du CDD est motiv\u00e9e par l&rsquo;obtention d&rsquo;un CDI, un pr\u00e9avis doit \u00eatre respect\u00e9. La dur\u00e9e de ce pr\u00e9avis est d\u00e9finie par la loi et d\u00e9pend de la dur\u00e9e totale du CDD.<\/p>\n<p>La dur\u00e9e du pr\u00e9avis est calcul\u00e9e \u00e0 raison d&rsquo;un jour par semaine de contrat, dans la limite de deux semaines. Ainsi, un CDD de 10 semaines donnera lieu \u00e0 un pr\u00e9avis de 10 jours, tandis qu&rsquo;un CDD de 6 mois (environ 26 semaines) donnera lieu \u00e0 un pr\u00e9avis de 2 semaines.<\/p>\n<h3><span class=\"ez-toc-section\" id=\"Exemple_Concret_dApplication_du_Preavis\"><\/span>Exemple Concret d&rsquo;<a href=\"https:\/\/www.belgic.eu\/index.php\/2026\/02\/24\/la-selection-des-applications-pour-un-suivi-efficace-des-progres-sportifs\/\">Application<\/a> du Pr\u00e9avis<span class=\"ez-toc-section-end\"><\/span><\/h3>\n<p>Prenons l&rsquo;exemple de Sophie, qui travaille en CDD depuis 4 mois (environ 17 semaines). Elle re\u00e7oit une proposition d&#8217;embauche en CDI qu&rsquo;elle souhaite accepter.  Son pr\u00e9avis sera donc de 17 jours, mais limit\u00e9 \u00e0 deux semaines. Elle devra donc effectuer un pr\u00e9avis de deux semaines \u00e0 compter de la notification de sa d\u00e9mission.<\/p>\n<h2><span class=\"ez-toc-section\" id=\"Tableau_Recapitulatif_Demission_de_CDD_et_Preavis\"><\/span>Tableau R\u00e9capitulatif : D\u00e9mission de CDD et Pr\u00e9avis<span class=\"ez-toc-section-end\"><\/span><\/h2>\n<table>\n<thead>\n<tr>\n<th>Motif de la Rupture<\/th>\n<th>Pr\u00e9avis Obligatoire<\/th>\n<th>Cons\u00e9quences Financi\u00e8res pour le Salari\u00e9<\/th>\n<\/tr>\n<\/thead>\n<tbody>\n<tr>\n<td>Accord Amiable<\/td>\n<td>Selon l&rsquo;Accord<\/td>\n<td>Aucune<\/td>\n<\/tr>\n<tr>\n<td>Faute Grave de l&rsquo;Employeur<\/td>\n<td>Aucun<\/td>\n<td>Aucune (sous r\u00e9serve de d\u00e9cision prud&rsquo;homale)<\/td>\n<\/tr>\n<tr>\n<td>Force Majeure<\/td>\n<td>Aucun<\/td>\n<td>Aucune<\/td>\n<\/tr>\n<tr>\n<td>Embauche en CDI<\/td>\n<td>Oui (1 jour par semaine, max. 2 semaines)<\/td>\n<td>Aucune (si pr\u00e9avis respect\u00e9)<\/td>\n<\/tr>\n<tr>\n<td>D\u00e9mission Sans Motif L\u00e9gitime<\/td>\n<td>Non-respect du Pr\u00e9avis<\/td>\n<td>Dommages et Int\u00e9r\u00eats \u00e0 l&rsquo;Employeur<\/td>\n<\/tr>\n<\/tbody>\n<\/table>\n<h2><span class=\"ez-toc-section\" id=\"Erreurs_Courantes_a_Eviter_Lors_dune_Demission_de_CDD\"><\/span>Erreurs Courantes \u00e0 \u00c9viter Lors d&rsquo;une D\u00e9mission de CDD<span class=\"ez-toc-section-end\"><\/span><\/h2>\n<p>Plusieurs erreurs peuvent compromettre la situation du salari\u00e9 souhaitant d\u00e9missionner de son CDD. Il est important de les conna\u00eetre pour les \u00e9viter.<\/p>\n<ul>\n<li><b>Ignorer l&rsquo;obligation de pr\u00e9avis :<\/b> M\u00eame en cas d&rsquo;obtention d&rsquo;un CDI, un pr\u00e9avis, m\u00eame court, est obligatoire. Ne pas le respecter expose \u00e0 des sanctions.<\/li>\n<li><b>Ne pas justifier de l&#8217;embauche en CDI :<\/b> Fournir une promesse d&#8217;embauche ou un contrat de travail CDI est essentiel pour justifier la d\u00e9mission.<\/li>\n<li><b>Penser que la p\u00e9riode d&rsquo;essai du CDI annule le pr\u00e9avis du CDD :<\/b> La p\u00e9riode d&rsquo;essai du CDI n&rsquo;exon\u00e8re pas le salari\u00e9 de son obligation de pr\u00e9avis dans le cadre du CDD.<\/li>\n<li><b>Ne pas formaliser la d\u00e9mission par \u00e9crit :<\/b> Une lettre de d\u00e9mission est indispensable, m\u00eame en cas d&rsquo;accord oral avec l&#8217;employeur.<\/li>\n<\/ul>\n<h3><span class=\"ez-toc-section\" id=\"Le_Piege_de_la_Promesse_dEmbauche_Non_Confirmee\"><\/span>Le Pi\u00e8ge de la Promesse d&rsquo;Embauche Non Confirm\u00e9e<span class=\"ez-toc-section-end\"><\/span><\/h3>\n<p>J&rsquo;ai vu de nombreux cas o\u00f9 un salari\u00e9 d\u00e9missionne sur la base d&rsquo;une promesse d&#8217;embauche non suivie d&rsquo;un contrat de travail. Si l&#8217;embauche en CDI ne se concr\u00e9tise pas, le salari\u00e9 se retrouve sans emploi et peut \u00eatre condamn\u00e9 \u00e0 verser des dommages et int\u00e9r\u00eats \u00e0 son ancien employeur.<\/p>\n<h2><span class=\"ez-toc-section\" id=\"Conclusion_Demission_de_CDD_un_Acte_a_Encadrer\"><\/span>Conclusion : D\u00e9mission de CDD, un Acte \u00e0 Encadrer<span class=\"ez-toc-section-end\"><\/span><\/h2>\n<p>La d\u00e9mission d&rsquo;un CDD sans pr\u00e9avis est rarement possible sans cons\u00e9quences. Conna\u00eetre les <a href=\"https:\/\/www.belgic.eu\/index.php\/2026\/02\/02\/allocations-chomage-chomage-apres-une-demission-cas-ouvrant-droit-a-indemnisation\/\">exceptions l\u00e9gales<\/a>, respecter le pr\u00e9avis en cas d&#8217;embauche en CDI, et formaliser la d\u00e9mission sont autant d&rsquo;\u00e9tapes cruciales pour \u00e9viter les probl\u00e8mes. Utiliser le cadre \u00ab\u00a0CDI Tremplin\u00a0\u00bb permet de s\u00e9curiser au mieux cette transition professionnelle.<\/p>\n<h3><span class=\"ez-toc-section\" id=\"Enseignement_Memorable\"><\/span>Enseignement M\u00e9morable<span class=\"ez-toc-section-end\"><\/span><\/h3>\n<p>La cl\u00e9 d&rsquo;une d\u00e9mission r\u00e9ussie d&rsquo;un CDD r\u00e9side dans l&rsquo;anticipation et le respect des r\u00e8gles. Ne vous pr\u00e9cipitez pas et informez-vous correctement avant de prendre votre d\u00e9cision.<\/p>\n<h2><span class=\"ez-toc-section\" id=\"Foire_aux_Questions_FAQ\"><\/span>Foire aux Questions (FAQ)<span class=\"ez-toc-section-end\"><\/span><\/h2>\n<h3><span class=\"ez-toc-section\" id=\"Puis-je_demissionner_de_mon_CDD_si_mon_employeur_ne_respecte_pas_ses_obligations\"><\/span>Puis-je d\u00e9missionner de mon CDD si mon employeur ne respecte pas ses obligations ?<span class=\"ez-toc-section-end\"><\/span><\/h3>\n<p>Oui, si votre employeur commet une faute grave, vous pouvez d\u00e9missionner sans pr\u00e9avis, mais vous devrez saisir les prud&rsquo;hommes pour faire reconna\u00eetre cette faute.<\/p>\n<h3><span class=\"ez-toc-section\" id=\"Quelle_est_la_duree_du_preavis_si_je_demissionne_de_mon_CDD_pour_un_CDI\"><\/span>Quelle est la dur\u00e9e du pr\u00e9avis si je d\u00e9missionne de mon CDD pour un CDI ?<span class=\"ez-toc-section-end\"><\/span><\/h3>\n<p>Le pr\u00e9avis est d&rsquo;un jour par semaine de contrat, dans la limite de deux semaines.<\/p>\n<h3><span class=\"ez-toc-section\" id=\"Que_se_passe-t-il_si_je_ne_respecte_pas_le_preavis_lors_de_ma_demission_de_CDD\"><\/span>Que se passe-t-il si je ne respecte pas le pr\u00e9avis lors de ma d\u00e9mission de CDD ?<span class=\"ez-toc-section-end\"><\/span><\/h3>\n<p>Vous vous exposez \u00e0 des dommages et int\u00e9r\u00eats que votre employeur peut r\u00e9clamer devant les tribunaux.<\/p>\n<h3><span class=\"ez-toc-section\" id=\"Une_promesse_dembauche_en_CDI_suffit-elle_a_justifier_une_demission_de_CDD\"><\/span>Une promesse d&#8217;embauche en CDI suffit-elle \u00e0 justifier une d\u00e9mission de CDD ?<span class=\"ez-toc-section-end\"><\/span><\/h3>\n<p>Il est pr\u00e9f\u00e9rable de fournir un contrat de travail CDI sign\u00e9 pour \u00e9viter tout litige.<\/p>\n<h3><span class=\"ez-toc-section\" id=\"Puis-je_negocier_mon_preavis_avec_mon_employeur\"><\/span>Puis-je n\u00e9gocier mon pr\u00e9avis avec mon employeur ?<span class=\"ez-toc-section-end\"><\/span><\/h3>\n<p>Oui, il est possible de n\u00e9gocier une r\u00e9duction ou une suppression du pr\u00e9avis avec votre employeur.<\/p>\n","protected":false},"excerpt":{"rendered":"<p> &#8230; <a title=\"D\u00e9mission de CDD sans pr\u00e9avis : Est-ce possible l\u00e9galement ?\" class=\"read-more\" href=\"https:\/\/www.belgic.eu\/index.php\/2026\/04\/05\/demission-de-cdd-sans-preavis-est-ce-possible-legalement\/\" aria-label=\"En savoir plus sur D\u00e9mission de CDD sans pr\u00e9avis : Est-ce possible l\u00e9galement ?\">Lire plus<\/a><\/p>\n","protected":false},"author":3,"featured_media":385,"comment_status":"open","ping_status":"open","sticky":false,"template":"","format":"standard","meta":{"fifu_image_url":"","fifu_image_alt":"","footnotes":""},"categories":[179],"tags":[1513,1514,1515,266,1290],"class_list":["post-408","post","type-post","status-publish","format-standard","has-post-thumbnail","hentry","category-droits-et-aides-sociales","tag-cdd","tag-cdi","tag-contrat","tag-demission","tag-preavis","resize-featured-image"],"_links":{"self":[{"href":"https:\/\/www.belgic.eu\/index.php\/wp-json\/wp\/v2\/posts\/408","targetHints":{"allow":["GET"]}}],"collection":[{"href":"https:\/\/www.belgic.eu\/index.php\/wp-json\/wp\/v2\/posts"}],"about":[{"href":"https:\/\/www.belgic.eu\/index.php\/wp-json\/wp\/v2\/types\/post"}],"author":[{"embeddable":true,"href":"https:\/\/www.belgic.eu\/index.php\/wp-json\/wp\/v2\/users\/3"}],"replies":[{"embeddable":true,"href":"https:\/\/www.belgic.eu\/index.php\/wp-json\/wp\/v2\/comments?post=408"}],"version-history":[{"count":1,"href":"https:\/\/www.belgic.eu\/index.php\/wp-json\/wp\/v2\/posts\/408\/revisions"}],"predecessor-version":[{"id":1440,"href":"https:\/\/www.belgic.eu\/index.php\/wp-json\/wp\/v2\/posts\/408\/revisions\/1440"}],"wp:featuredmedia":[{"embeddable":true,"href":"https:\/\/www.belgic.eu\/index.php\/wp-json\/wp\/v2\/media\/385"}],"wp:attachment":[{"href":"https:\/\/www.belgic.eu\/index.php\/wp-json\/wp\/v2\/media?parent=408"}],"wp:term":[{"taxonomy":"category","embeddable":true,"href":"https:\/\/www.belgic.eu\/index.php\/wp-json\/wp\/v2\/categories?post=408"},{"taxonomy":"post_tag","embeddable":true,"href":"https:\/\/www.belgic.eu\/index.php\/wp-json\/wp\/v2\/tags?post=408"}],"curies":[{"name":"wp","href":"https:\/\/api.w.org\/{rel}","templated":true}]}}