{"id":406,"date":"2026-03-30T11:54:24","date_gmt":"2026-03-30T11:54:24","guid":{"rendered":"https:\/\/www.belgic.eu\/?p=406"},"modified":"2026-03-30T11:54:24","modified_gmt":"2026-03-30T11:54:24","slug":"resilier-un-bail-avec-preavis-reduit-en-zone-tendue-le-guide","status":"publish","type":"post","link":"https:\/\/www.belgic.eu\/index.php\/2026\/03\/30\/resilier-un-bail-avec-preavis-reduit-en-zone-tendue-le-guide\/","title":{"rendered":"R\u00e9silier un Bail Avec Pr\u00e9avis R\u00e9duit en Zone Tendue : Le Guide"},"content":{"rendered":"<p>En zone tendue, la loi offre aux locataires la possibilit\u00e9 de r\u00e9duire leur pr\u00e9avis de d\u00e9part \u00e0 un mois.  Comment savoir si vous \u00eates concern\u00e9 ? Quelles sont les d\u00e9marches \u00e0 suivre ? Ce guide d\u00e9taille les conditions et les \u00e9tapes pour une <a href=\"https:\/\/www.belgic.eu\/index.php\/2026\/02\/04\/les-conditions-de-resiliation-dun-mandat-immobilier-en-2025\/\">r\u00e9siliation<\/a> r\u00e9ussie. Pour r\u00e9silier un bail en zone tendue avec un pr\u00e9avis r\u00e9duit, il faut v\u00e9rifier que le logement se situe bien dans une zone d\u00e9finie par d\u00e9cret, notifier la r\u00e9siliation au <a href=\"https:\/\/www.belgic.eu\/index.php\/2026\/03\/05\/lencadrement-des-clauses-obligatoires-du-mandat-de-vente-immobilier\/\">propri\u00e9taire<\/a> par lettre recommand\u00e9e avec accus\u00e9 de r\u00e9ception, et joindre un <a href=\"https:\/\/www.belgic.eu\/index.php\/2026\/03\/18\/rediger-une-attestation-dhebergement-a-titre-gratuit-conforme-guide\/\">justificatif<\/a> prouvant la situation de zone tendue.<\/p>\n<div id=\"ez-toc-container\" class=\"ez-toc-v2_0_80 counter-hierarchy ez-toc-counter ez-toc-grey ez-toc-container-direction\">\n<div class=\"ez-toc-title-container\">\n<p class=\"ez-toc-title\" style=\"cursor:inherit\">Table of Contents<\/p>\n<span class=\"ez-toc-title-toggle\"><a href=\"#\" class=\"ez-toc-pull-right ez-toc-btn ez-toc-btn-xs ez-toc-btn-default ez-toc-toggle\" aria-label=\"Toggle Table of Content\"><span class=\"ez-toc-js-icon-con\"><span class=\"\"><span class=\"eztoc-hide\" style=\"display:none;\">Toggle<\/span><span class=\"ez-toc-icon-toggle-span\"><svg style=\"fill: #999;color:#999\" xmlns=\"http:\/\/www.w3.org\/2000\/svg\" class=\"list-377408\" width=\"20px\" height=\"20px\" viewBox=\"0 0 24 24\" fill=\"none\"><path d=\"M6 6H4v2h2V6zm14 0H8v2h12V6zM4 11h2v2H4v-2zm16 0H8v2h12v-2zM4 16h2v2H4v-2zm16 0H8v2h12v-2z\" fill=\"currentColor\"><\/path><\/svg><svg style=\"fill: #999;color:#999\" class=\"arrow-unsorted-368013\" xmlns=\"http:\/\/www.w3.org\/2000\/svg\" width=\"10px\" height=\"10px\" viewBox=\"0 0 24 24\" version=\"1.2\" baseProfile=\"tiny\"><path d=\"M18.2 9.3l-6.2-6.3-6.2 6.3c-.2.2-.3.4-.3.7s.1.5.3.7c.2.2.4.3.7.3h11c.3 0 .5-.1.7-.3.2-.2.3-.5.3-.7s-.1-.5-.3-.7zM5.8 14.7l6.2 6.3 6.2-6.3c.2-.2.3-.5.3-.7s-.1-.5-.3-.7c-.2-.2-.4-.3-.7-.3h-11c-.3 0-.5.1-.7.3-.2.2-.3.5-.3.7s.1.5.3.7z\"\/><\/svg><\/span><\/span><\/span><\/a><\/span><\/div>\n<nav><ul class='ez-toc-list ez-toc-list-level-1 ' ><li class='ez-toc-page-1 ez-toc-heading-level-2'><a class=\"ez-toc-link ez-toc-heading-1\" href=\"https:\/\/www.belgic.eu\/index.php\/2026\/03\/30\/resilier-un-bail-avec-preavis-reduit-en-zone-tendue-le-guide\/#Comprendre_la_Notion_de_Zone_Tendue\" >Comprendre la Notion de Zone Tendue<\/a><ul class='ez-toc-list-level-3' ><li class='ez-toc-heading-level-3'><a class=\"ez-toc-link ez-toc-heading-2\" href=\"https:\/\/www.belgic.eu\/index.php\/2026\/03\/30\/resilier-un-bail-avec-preavis-reduit-en-zone-tendue-le-guide\/#Comment_Identifier_une_Zone_Tendue\" >Comment Identifier une Zone Tendue ?<\/a><\/li><\/ul><\/li><li class='ez-toc-page-1 ez-toc-heading-level-2'><a class=\"ez-toc-link ez-toc-heading-3\" href=\"https:\/\/www.belgic.eu\/index.php\/2026\/03\/30\/resilier-un-bail-avec-preavis-reduit-en-zone-tendue-le-guide\/#Les_Conditions_pour_Beneficier_du_Preavis_Reduit\" >Les Conditions pour B\u00e9n\u00e9ficier du Pr\u00e9avis R\u00e9duit<\/a><ul class='ez-toc-list-level-3' ><li class='ez-toc-heading-level-3'><a class=\"ez-toc-link ez-toc-heading-4\" href=\"https:\/\/www.belgic.eu\/index.php\/2026\/03\/30\/resilier-un-bail-avec-preavis-reduit-en-zone-tendue-le-guide\/#Verification_de_la_Date_de_Signature_du_Bail\" >V\u00e9rification de la Date de Signature du Bail<\/a><\/li><\/ul><\/li><li class='ez-toc-page-1 ez-toc-heading-level-2'><a class=\"ez-toc-link ez-toc-heading-5\" href=\"https:\/\/www.belgic.eu\/index.php\/2026\/03\/30\/resilier-un-bail-avec-preavis-reduit-en-zone-tendue-le-guide\/#La_Procedure_de_Resiliation_en_Zone_Tendue\" >La Proc\u00e9dure de R\u00e9siliation en Zone Tendue<\/a><ul class='ez-toc-list-level-3' ><li class='ez-toc-heading-level-3'><a class=\"ez-toc-link ez-toc-heading-6\" href=\"https:\/\/www.belgic.eu\/index.php\/2026\/03\/30\/resilier-un-bail-avec-preavis-reduit-en-zone-tendue-le-guide\/#La_Lettre_de_Conge_Un_Elelement_Cle\" >La Lettre de Cong\u00e9 : Un \u00c9l\u00e9lement Cl\u00e9<\/a><\/li><li class='ez-toc-page-1 ez-toc-heading-level-3'><a class=\"ez-toc-link ez-toc-heading-7\" href=\"https:\/\/www.belgic.eu\/index.php\/2026\/03\/30\/resilier-un-bail-avec-preavis-reduit-en-zone-tendue-le-guide\/#Les_Informations_Essentielles_a_Inclure_dans_la_Lettre\" >Les Informations Essentielles \u00e0 Inclure dans la Lettre<\/a><\/li><li class='ez-toc-page-1 ez-toc-heading-level-3'><a class=\"ez-toc-link ez-toc-heading-8\" href=\"https:\/\/www.belgic.eu\/index.php\/2026\/03\/30\/resilier-un-bail-avec-preavis-reduit-en-zone-tendue-le-guide\/#Le_Modele_%C2%AB_Resilio-Tendu_%C2%BB_Un_Cadre_Simple_Pour_Votre_Lettre\" >Le Mod\u00e8le \u00ab\u00a0R\u00e9silio-Tendu\u00a0\u00bb : Un Cadre Simple Pour Votre Lettre<\/a><\/li><\/ul><\/li><li class='ez-toc-page-1 ez-toc-heading-level-2'><a class=\"ez-toc-link ez-toc-heading-9\" href=\"https:\/\/www.belgic.eu\/index.php\/2026\/03\/30\/resilier-un-bail-avec-preavis-reduit-en-zone-tendue-le-guide\/#Etat_des_Lieux_de_Sortie_et_Restitution_du_Depot_de_Garantie\" >\u00c9tat des Lieux de Sortie et Restitution du D\u00e9p\u00f4t de Garantie<\/a><ul class='ez-toc-list-level-3' ><li class='ez-toc-heading-level-3'><a class=\"ez-toc-link ez-toc-heading-10\" href=\"https:\/\/www.belgic.eu\/index.php\/2026\/03\/30\/resilier-un-bail-avec-preavis-reduit-en-zone-tendue-le-guide\/#LImportance_dun_Etat_des_Lieux_Contradictoire\" >L&rsquo;Importance d&rsquo;un \u00c9tat des Lieux Contradictoire<\/a><\/li><li class='ez-toc-page-1 ez-toc-heading-level-3'><a class=\"ez-toc-link ez-toc-heading-11\" href=\"https:\/\/www.belgic.eu\/index.php\/2026\/03\/30\/resilier-un-bail-avec-preavis-reduit-en-zone-tendue-le-guide\/#Les_Delais_de_Restitution_du_Depot_de_Garantie\" >Les D\u00e9lais de Restitution du D\u00e9p\u00f4t de Garantie<\/a><\/li><\/ul><\/li><li class='ez-toc-page-1 ez-toc-heading-level-2'><a class=\"ez-toc-link ez-toc-heading-12\" href=\"https:\/\/www.belgic.eu\/index.php\/2026\/03\/30\/resilier-un-bail-avec-preavis-reduit-en-zone-tendue-le-guide\/#Tableau_Recapitulatif_Resiliation_en_Zone_Tendue\" >Tableau R\u00e9capitulatif : R\u00e9siliation en Zone Tendue<\/a><\/li><li class='ez-toc-page-1 ez-toc-heading-level-2'><a class=\"ez-toc-link ez-toc-heading-13\" href=\"https:\/\/www.belgic.eu\/index.php\/2026\/03\/30\/resilier-un-bail-avec-preavis-reduit-en-zone-tendue-le-guide\/#Erreurs_Courantes_a_Eviter\" >Erreurs Courantes \u00e0 \u00c9viter<\/a><ul class='ez-toc-list-level-3' ><li class='ez-toc-heading-level-3'><a class=\"ez-toc-link ez-toc-heading-14\" href=\"https:\/\/www.belgic.eu\/index.php\/2026\/03\/30\/resilier-un-bail-avec-preavis-reduit-en-zone-tendue-le-guide\/#Oublier_de_Justifier_le_Preavis_Reduit\" >Oublier de Justifier le Pr\u00e9avis R\u00e9duit<\/a><\/li><li class='ez-toc-page-1 ez-toc-heading-level-3'><a class=\"ez-toc-link ez-toc-heading-15\" href=\"https:\/\/www.belgic.eu\/index.php\/2026\/03\/30\/resilier-un-bail-avec-preavis-reduit-en-zone-tendue-le-guide\/#Ne_Pas_Envoyer_la_Lettre_en_Recommande\" >Ne Pas Envoyer la Lettre en Recommand\u00e9<\/a><\/li><li class='ez-toc-page-1 ez-toc-heading-level-3'><a class=\"ez-toc-link ez-toc-heading-16\" href=\"https:\/\/www.belgic.eu\/index.php\/2026\/03\/30\/resilier-un-bail-avec-preavis-reduit-en-zone-tendue-le-guide\/#Ne_Pas_Realiser_dEtat_des_Lieux_de_Sortie\" >Ne Pas R\u00e9aliser d&rsquo;\u00c9tat des Lieux de Sortie<\/a><\/li><\/ul><\/li><li class='ez-toc-page-1 ez-toc-heading-level-2'><a class=\"ez-toc-link ez-toc-heading-17\" href=\"https:\/\/www.belgic.eu\/index.php\/2026\/03\/30\/resilier-un-bail-avec-preavis-reduit-en-zone-tendue-le-guide\/#Conclusion_Une_Resiliation_Simplifiee_Grace_a_la_Loi\" >Conclusion : Une R\u00e9siliation Simplifi\u00e9e Gr\u00e2ce \u00e0 la Loi<\/a><ul class='ez-toc-list-level-3' ><li class='ez-toc-heading-level-3'><a class=\"ez-toc-link ez-toc-heading-18\" href=\"https:\/\/www.belgic.eu\/index.php\/2026\/03\/30\/resilier-un-bail-avec-preavis-reduit-en-zone-tendue-le-guide\/#Foire_Aux_Questions_FAQ\" >Foire Aux Questions (FAQ)<\/a><\/li><li class='ez-toc-page-1 ez-toc-heading-level-3'><a class=\"ez-toc-link ez-toc-heading-19\" href=\"https:\/\/www.belgic.eu\/index.php\/2026\/03\/30\/resilier-un-bail-avec-preavis-reduit-en-zone-tendue-le-guide\/#Comment_savoir_si_ma_ville_est_en_zone_tendue\" >Comment savoir si ma ville est en zone tendue ?<\/a><\/li><li class='ez-toc-page-1 ez-toc-heading-level-3'><a class=\"ez-toc-link ez-toc-heading-20\" href=\"https:\/\/www.belgic.eu\/index.php\/2026\/03\/30\/resilier-un-bail-avec-preavis-reduit-en-zone-tendue-le-guide\/#Quel_est_le_delai_de_preavis_en_zone_tendue\" >Quel est le d\u00e9lai de pr\u00e9avis en zone tendue ?<\/a><\/li><li class='ez-toc-page-1 ez-toc-heading-level-3'><a class=\"ez-toc-link ez-toc-heading-21\" href=\"https:\/\/www.belgic.eu\/index.php\/2026\/03\/30\/resilier-un-bail-avec-preavis-reduit-en-zone-tendue-le-guide\/#Dois-je_justifier_mon_droit_au_preavis_reduit\" >Dois-je justifier mon droit au pr\u00e9avis r\u00e9duit ?<\/a><\/li><li class='ez-toc-page-1 ez-toc-heading-level-3'><a class=\"ez-toc-link ez-toc-heading-22\" href=\"https:\/\/www.belgic.eu\/index.php\/2026\/03\/30\/resilier-un-bail-avec-preavis-reduit-en-zone-tendue-le-guide\/#Que_se_passe-t-il_si_le_proprietaire_refuse_le_preavis_reduit\" >Que se passe-t-il si le propri\u00e9taire refuse le pr\u00e9avis r\u00e9duit ?<\/a><\/li><li class='ez-toc-page-1 ez-toc-heading-level-3'><a class=\"ez-toc-link ez-toc-heading-23\" href=\"https:\/\/www.belgic.eu\/index.php\/2026\/03\/30\/resilier-un-bail-avec-preavis-reduit-en-zone-tendue-le-guide\/#Quel_est_le_delai_pour_recuperer_mon_depot_de_garantie\" >Quel est le d\u00e9lai pour r\u00e9cup\u00e9rer mon d\u00e9p\u00f4t de garantie ?<\/a><\/li><\/ul><\/li><\/ul><\/nav><\/div>\n<h2><span class=\"ez-toc-section\" id=\"Comprendre_la_Notion_de_Zone_Tendue\"><\/span>Comprendre la Notion de Zone Tendue<span class=\"ez-toc-section-end\"><\/span><\/h2>\n<p>Une zone tendue se caract\u00e9rise par un d\u00e9s\u00e9quilibre significatif entre l&rsquo;offre et la demande de logements.  Cons\u00e9quence : les loyers sont \u00e9lev\u00e9s et il est difficile de trouver un logement. Le gouvernement a d\u00e9fini des zones tendues afin de faciliter l&rsquo;acc\u00e8s au logement, notamment en r\u00e9duisant le pr\u00e9avis de d\u00e9part pour les locataires.<\/p>\n<h3><span class=\"ez-toc-section\" id=\"Comment_Identifier_une_Zone_Tendue\"><\/span>Comment Identifier une Zone Tendue ?<span class=\"ez-toc-section-end\"><\/span><\/h3>\n<p>La liste des communes situ\u00e9es en zone tendue est d\u00e9finie par un d\u00e9cret.  Pour savoir si votre logement se trouve dans une zone concern\u00e9e, consultez le site officiel du <a href=\"https:\/\/www.belgic.eu\/index.php\/2026\/03\/06\/le-debat-sur-la-gratuite-du-stationnement-aux-hopitaux-publics\/\">service public<\/a> ou celui de l&rsquo;Agence Nationale pour l&rsquo;<a href=\"https:\/\/www.belgic.eu\/index.php\/2026\/02\/17\/consequences-des-chaines-dinformation-et-dopinion-sur-la-democratie\/\">Information<\/a> sur le Logement (ANIL). Un outil de recherche par adresse est g\u00e9n\u00e9ralement disponible.<\/p>\n<p><b>Exemple :<\/b>  Si vous habitez \u00e0 Paris, Lyon, Marseille, ou Bordeaux, il y a de fortes chances que votre logement soit situ\u00e9 en zone tendue.<\/p>\n<h2><span class=\"ez-toc-section\" id=\"Les_Conditions_pour_Beneficier_du_Preavis_Reduit\"><\/span>Les Conditions pour B\u00e9n\u00e9ficier du Pr\u00e9avis R\u00e9duit<span class=\"ez-toc-section-end\"><\/span><\/h2>\n<p>Le simple fait de vivre en zone tendue ne suffit pas toujours pour b\u00e9n\u00e9ficier d&rsquo;un pr\u00e9avis r\u00e9duit.  Certaines conditions sp\u00e9cifiques peuvent s&rsquo;appliquer, notamment en fonction de la date de signature du bail.<\/p>\n<h3><span class=\"ez-toc-section\" id=\"Verification_de_la_Date_de_Signature_du_Bail\"><\/span><a href=\"https:\/\/www.belgic.eu\/index.php\/2026\/03\/25\/les-enjeux-cruciaux-de-la-verification-de-linformation-en-journalisme-dinvestigation\/\">V\u00e9rification<\/a> de la Date de Signature du Bail<span class=\"ez-toc-section-end\"><\/span><\/h3>\n<p>La loi ALUR de 2014 a g\u00e9n\u00e9ralis\u00e9 le pr\u00e9avis r\u00e9duit \u00e0 un mois pour les zones tendues.  Si votre bail a \u00e9t\u00e9 sign\u00e9 apr\u00e8s cette date, vous b\u00e9n\u00e9ficiez automatiquement de ce dispositif. Pour les baux ant\u00e9rieurs, il convient de se r\u00e9f\u00e9rer aux clauses sp\u00e9cifiques du contrat de location.<\/p>\n<p><b>Exemple :<\/b>  Si votre bail a \u00e9t\u00e9 sign\u00e9 en 2010, il est possible qu&rsquo;il pr\u00e9voie un pr\u00e9avis de trois mois, m\u00eame si vous r\u00e9sidez en zone tendue.  V\u00e9rifiez attentivement le contrat.<\/p>\n<h2><span class=\"ez-toc-section\" id=\"La_Procedure_de_Resiliation_en_Zone_Tendue\"><\/span>La Proc\u00e9dure de R\u00e9siliation en Zone Tendue<span class=\"ez-toc-section-end\"><\/span><\/h2>\n<p>Une fois que vous avez v\u00e9rifi\u00e9 que votre logement se situe en zone tendue et que vous remplissez les conditions, vous pouvez entamer la proc\u00e9dure de r\u00e9siliation.<\/p>\n<h3><span class=\"ez-toc-section\" id=\"La_Lettre_de_Conge_Un_Elelement_Cle\"><\/span>La Lettre de Cong\u00e9 : Un \u00c9l\u00e9lement Cl\u00e9<span class=\"ez-toc-section-end\"><\/span><\/h3>\n<p>La premi\u00e8re \u00e9tape consiste \u00e0 envoyer une lettre de cong\u00e9 \u00e0 votre propri\u00e9taire par lettre recommand\u00e9e avec accus\u00e9 de r\u00e9ception.  Cette lettre doit mentionner votre intention de quitter le logement, la date de prise d&rsquo;effet du pr\u00e9avis (qui sera d&rsquo;un mois), et la justification de votre droit au pr\u00e9avis r\u00e9duit (mention de la zone tendue).<\/p>\n<p><b>Important :<\/b> Conservez pr\u00e9cieusement l&rsquo;accus\u00e9 de r\u00e9ception, car il constitue la preuve de la notification de votre cong\u00e9.<\/p>\n<h3><span class=\"ez-toc-section\" id=\"Les_Informations_Essentielles_a_Inclure_dans_la_Lettre\"><\/span>Les <a href=\"https:\/\/www.belgic.eu\/index.php\/2026\/03\/20\/la-comprehension-des-droits-aux-aides-sociales-et-des-informations-cles\/\">Informations Essentielles<\/a> \u00e0 Inclure dans la Lettre<span class=\"ez-toc-section-end\"><\/span><\/h3>\n<p>Outre les informations mentionn\u00e9es pr\u00e9c\u00e9demment, votre lettre de cong\u00e9 doit \u00e9galement comporter :<\/p>\n<ul>\n<li>Vos coordonn\u00e9es compl\u00e8tes (nom, pr\u00e9nom, adresse).<\/li>\n<li>Les coordonn\u00e9es du propri\u00e9taire.<\/li>\n<li>L&rsquo;adresse du logement concern\u00e9.<\/li>\n<li>La date de signature du bail.<\/li>\n<li>Une copie de l&rsquo;extrait de la liste des communes en zone tendue prouvant que le logement concern\u00e9 est dans cette zone.<\/li>\n<\/ul>\n<h3><span class=\"ez-toc-section\" id=\"Le_Modele_%C2%AB_Resilio-Tendu_%C2%BB_Un_Cadre_Simple_Pour_Votre_Lettre\"><\/span>Le Mod\u00e8le \u00ab\u00a0R\u00e9silio-Tendu\u00a0\u00bb : Un Cadre Simple Pour Votre Lettre<span class=\"ez-toc-section-end\"><\/span><\/h3>\n<p>Pour vous simplifier la t\u00e2che, nous avons cr\u00e9\u00e9 le mod\u00e8le \u00ab\u00a0R\u00e9silio-Tendu\u00a0\u00bb.  Il s&rsquo;agit d&rsquo;un cadre simple en 3 \u00e9tapes pour r\u00e9diger une lettre de cong\u00e9 claire et conforme \u00e0 la loi :<\/p>\n<ol>\n<li><b>Introduction :<\/b> Indiquez votre intention de r\u00e9silier le bail et rappelez les r\u00e9f\u00e9rences du contrat.<\/li>\n<li><b>Justification :<\/b> Mentionnez que le logement est situ\u00e9 en zone tendue et que vous b\u00e9n\u00e9ficiez donc d&rsquo;un pr\u00e9avis r\u00e9duit.<\/li>\n<li><b>Conclusion :<\/b> Pr\u00e9cisez la date de votre d\u00e9part, proposez un \u00e9tat des lieux de sortie et demandez la restitution de votre <a href=\"https:\/\/www.belgic.eu\/index.php\/2026\/02\/14\/traitement-comptable-du-depot-de-garantie-dun-locataire-en-sci\/\">d\u00e9p\u00f4t de garantie<\/a>.<\/li>\n<\/ol>\n<p><b>Exemple :<\/b> \u00ab\u00a0Je vous informe par la pr\u00e9sente de ma d\u00e9cision de r\u00e9silier le contrat de location concernant le logement situ\u00e9 [adresse du logement], sign\u00e9 le [date de signature du bail]. Ce logement \u00e9tant situ\u00e9 en zone tendue, je b\u00e9n\u00e9ficie d&rsquo;un pr\u00e9avis r\u00e9duit \u00e0 un mois.  Mon d\u00e9part est pr\u00e9vu le [date de d\u00e9part].\u00a0\u00bb<\/p>\n<h2><span class=\"ez-toc-section\" id=\"Etat_des_Lieux_de_Sortie_et_Restitution_du_Depot_de_Garantie\"><\/span>\u00c9tat des Lieux de Sortie et Restitution du D\u00e9p\u00f4t de Garantie<span class=\"ez-toc-section-end\"><\/span><\/h2>\n<p>L&rsquo;\u00e9tat des lieux de sortie est une \u00e9tape cruciale lors de la r\u00e9siliation d&rsquo;un bail.  Il permet de comparer l&rsquo;\u00e9tat du logement \u00e0 votre d\u00e9part avec l&rsquo;\u00e9tat initial constat\u00e9 lors de l&rsquo;\u00e9tat des lieux d&rsquo;entr\u00e9e.<\/p>\n<h3><span class=\"ez-toc-section\" id=\"LImportance_dun_Etat_des_Lieux_Contradictoire\"><\/span>L&rsquo;Importance d&rsquo;un \u00c9tat des Lieux Contradictoire<span class=\"ez-toc-section-end\"><\/span><\/h3>\n<p>L&rsquo;\u00e9tat des lieux de sortie doit \u00eatre r\u00e9alis\u00e9 en pr\u00e9sence du propri\u00e9taire et du locataire (ou leurs repr\u00e9sentants).  Il est important de prendre le temps de v\u00e9rifier chaque pi\u00e8ce et de noter avec pr\u00e9cision les \u00e9ventuelles d\u00e9gradations.<\/p>\n<p><b>Exemple :<\/b>  Si un mur a \u00e9t\u00e9 ab\u00eem\u00e9 pendant votre occupation, cela devra \u00eatre mentionn\u00e9 dans l&rsquo;\u00e9tat des lieux de sortie.  Le co\u00fbt des r\u00e9parations pourra \u00eatre d\u00e9duit de votre d\u00e9p\u00f4t de garantie.<\/p>\n<h3><span class=\"ez-toc-section\" id=\"Les_Delais_de_Restitution_du_Depot_de_Garantie\"><\/span>Les D\u00e9lais de Restitution du D\u00e9p\u00f4t de Garantie<span class=\"ez-toc-section-end\"><\/span><\/h3>\n<p>Le propri\u00e9taire dispose d&rsquo;un d\u00e9lai d&rsquo;un mois \u00e0 compter de la restitution des cl\u00e9s pour vous restituer votre d\u00e9p\u00f4t de garantie si l&rsquo;\u00e9tat des lieux de sortie est conforme \u00e0 l&rsquo;\u00e9tat des lieux d&rsquo;entr\u00e9e.  Si des d\u00e9gradations sont constat\u00e9es, ce d\u00e9lai est port\u00e9 \u00e0 deux mois.<\/p>\n<h2><span class=\"ez-toc-section\" id=\"Tableau_Recapitulatif_Resiliation_en_Zone_Tendue\"><\/span>Tableau R\u00e9capitulatif : R\u00e9siliation en Zone Tendue<span class=\"ez-toc-section-end\"><\/span><\/h2>\n<table>\n<thead>\n<tr>\n<th>\u00c9tape<\/th>\n<th>Action<\/th>\n<th>D\u00e9lai<\/th>\n<\/tr>\n<\/thead>\n<tbody>\n<tr>\n<td>1. V\u00e9rification Zone Tendue<\/td>\n<td>Consulter le site du service public ou de l&rsquo;ANIL<\/td>\n<td>Imm\u00e9diat<\/td>\n<\/tr>\n<tr>\n<td>2. Notification de Cong\u00e9<\/td>\n<td>Envoyer une lettre recommand\u00e9e avec accus\u00e9 de r\u00e9ception<\/td>\n<td>D\u00e8s que possible<\/td>\n<\/tr>\n<tr>\n<td>3. \u00c9tat des Lieux de Sortie<\/td>\n<td>R\u00e9aliser un \u00e9tat des lieux contradictoire<\/td>\n<td>Le jour du d\u00e9part<\/td>\n<\/tr>\n<tr>\n<td>4. Restitution du D\u00e9p\u00f4t<\/td>\n<td>Attendre la restitution du d\u00e9p\u00f4t par le propri\u00e9taire<\/td>\n<td>1 \u00e0 2 mois apr\u00e8s la restitution des cl\u00e9s<\/td>\n<\/tr>\n<\/tbody>\n<\/table>\n<h2><span class=\"ez-toc-section\" id=\"Erreurs_Courantes_a_Eviter\"><\/span>Erreurs Courantes \u00e0 \u00c9viter<span class=\"ez-toc-section-end\"><\/span><\/h2>\n<p>Plusieurs erreurs peuvent compliquer la r\u00e9siliation d&rsquo;un bail en zone tendue.  En voici quelques-unes \u00e0 \u00e9viter :<\/p>\n<h3><span class=\"ez-toc-section\" id=\"Oublier_de_Justifier_le_Preavis_Reduit\"><\/span>Oublier de Justifier le Pr\u00e9avis R\u00e9duit<span class=\"ez-toc-section-end\"><\/span><\/h3>\n<p><b>Cause :<\/b> Ne pas mentionner la zone tendue dans la lettre de cong\u00e9 ou ne pas joindre de justificatif.<\/p>\n<p><b>Cons\u00e9quence :<\/b> Le propri\u00e9taire peut exiger un pr\u00e9avis de trois mois.<\/p>\n<p><b>Solution :<\/b> Indiquez clairement que le logement est situ\u00e9 en zone tendue et joignez une copie de l&rsquo;extrait de la liste des communes concern\u00e9es.<\/p>\n<h3><span class=\"ez-toc-section\" id=\"Ne_Pas_Envoyer_la_Lettre_en_Recommande\"><\/span>Ne Pas Envoyer la Lettre en Recommand\u00e9<span class=\"ez-toc-section-end\"><\/span><\/h3>\n<p><b>Cause :<\/b> Envoyer la lettre de cong\u00e9 par simple courrier.<\/p>\n<p><b>Cons\u00e9quence :<\/b> Difficile de prouver que le propri\u00e9taire a bien re\u00e7u la notification.<\/p>\n<p><b>Solution :<\/b> Envoyez toujours la lettre de cong\u00e9 en recommand\u00e9 avec accus\u00e9 de r\u00e9ception.<\/p>\n<h3><span class=\"ez-toc-section\" id=\"Ne_Pas_Realiser_dEtat_des_Lieux_de_Sortie\"><\/span>Ne Pas R\u00e9aliser d&rsquo;\u00c9tat des Lieux de Sortie<span class=\"ez-toc-section-end\"><\/span><\/h3>\n<p><b>Cause :<\/b> Quitter le logement sans r\u00e9aliser d&rsquo;\u00e9tat des lieux de sortie contradictoire.<\/p>\n<p><b>Cons\u00e9quence :<\/b> Le propri\u00e9taire peut retenir tout ou partie du d\u00e9p\u00f4t de garantie en cas de d\u00e9gradations.<\/p>\n<p><b>Solution :<\/b> Insistez pour r\u00e9aliser un \u00e9tat des lieux de sortie en pr\u00e9sence du propri\u00e9taire.<\/p>\n<h2><span class=\"ez-toc-section\" id=\"Conclusion_Une_Resiliation_Simplifiee_Grace_a_la_Loi\"><\/span>Conclusion : Une R\u00e9siliation Simplifi\u00e9e Gr\u00e2ce \u00e0 la Loi<span class=\"ez-toc-section-end\"><\/span><\/h2>\n<p>La possibilit\u00e9 de r\u00e9silier un bail avec un pr\u00e9avis r\u00e9duit en zone tendue est un avantage significatif pour les locataires. En suivant les \u00e9tapes d\u00e9crites dans ce guide et en \u00e9vitant les erreurs courantes, vous pouvez simplifier consid\u00e9rablement votre d\u00e9part et vous assurer une <a href=\"https:\/\/www.belgic.eu\/index.php\/2026\/04\/11\/le-coaching-professionnel-accompagne-efficacement-les-transitions-de-carriere\/\">transition<\/a> en douceur vers votre nouveau logement. N&rsquo;oubliez pas : la cl\u00e9 est l&rsquo;information et le respect des proc\u00e9dures.<\/p>\n<h3><span class=\"ez-toc-section\" id=\"Foire_Aux_Questions_FAQ\"><\/span>Foire Aux Questions (FAQ)<span class=\"ez-toc-section-end\"><\/span><\/h3>\n<h3><span class=\"ez-toc-section\" id=\"Comment_savoir_si_ma_ville_est_en_zone_tendue\"><\/span>Comment savoir si ma ville est en zone tendue ?<span class=\"ez-toc-section-end\"><\/span><\/h3>\n<p>Consultez le site officiel du service public ou celui de l&rsquo;ANIL pour v\u00e9rifier si votre commune est class\u00e9e en zone tendue.<\/p>\n<h3><span class=\"ez-toc-section\" id=\"Quel_est_le_delai_de_preavis_en_zone_tendue\"><\/span>Quel est le d\u00e9lai de pr\u00e9avis en zone tendue ?<span class=\"ez-toc-section-end\"><\/span><\/h3>\n<p>Le d\u00e9lai de pr\u00e9avis est d&rsquo;un mois en zone tendue, sauf exceptions pr\u00e9vues par la loi ou le contrat de location.<\/p>\n<h3><span class=\"ez-toc-section\" id=\"Dois-je_justifier_mon_droit_au_preavis_reduit\"><\/span>Dois-je justifier mon droit au pr\u00e9avis r\u00e9duit ?<span class=\"ez-toc-section-end\"><\/span><\/h3>\n<p>Oui, vous devez mentionner dans votre lettre de cong\u00e9 que le logement est situ\u00e9 en zone tendue et joindre un justificatif.<\/p>\n<h3><span class=\"ez-toc-section\" id=\"Que_se_passe-t-il_si_le_proprietaire_refuse_le_preavis_reduit\"><\/span>Que se passe-t-il si le propri\u00e9taire refuse le pr\u00e9avis r\u00e9duit ?<span class=\"ez-toc-section-end\"><\/span><\/h3>\n<p>Contactez un conciliateur de justice ou une <a href=\"https:\/\/www.belgic.eu\/index.php\/2026\/02\/22\/valorisation-du-benevolat-dans-la-comptabilite-dune-association\/\">association<\/a> de d\u00e9fense des locataires pour vous aider \u00e0 faire valoir vos droits.<\/p>\n<h3><span class=\"ez-toc-section\" id=\"Quel_est_le_delai_pour_recuperer_mon_depot_de_garantie\"><\/span>Quel est le d\u00e9lai pour r\u00e9cup\u00e9rer mon d\u00e9p\u00f4t de garantie ?<span class=\"ez-toc-section-end\"><\/span><\/h3>\n<p>Le propri\u00e9taire dispose d&rsquo;un d\u00e9lai d&rsquo;un mois (sans d\u00e9gradations) ou de deux mois (avec d\u00e9gradations) pour vous restituer votre d\u00e9p\u00f4t de garantie.<\/p>\n","protected":false},"excerpt":{"rendered":"<p> &#8230; <a title=\"R\u00e9silier un Bail Avec Pr\u00e9avis R\u00e9duit en Zone Tendue : Le Guide\" class=\"read-more\" href=\"https:\/\/www.belgic.eu\/index.php\/2026\/03\/30\/resilier-un-bail-avec-preavis-reduit-en-zone-tendue-le-guide\/\" aria-label=\"En savoir plus sur R\u00e9silier un Bail Avec Pr\u00e9avis R\u00e9duit en Zone Tendue : Le Guide\">Lire plus<\/a><\/p>\n","protected":false},"author":3,"featured_media":385,"comment_status":"open","ping_status":"open","sticky":false,"template":"","format":"standard","meta":{"fifu_image_url":"","fifu_image_alt":"","footnotes":""},"categories":[359],"tags":[1507,1510,1509,1506,1508],"class_list":["post-406","post","type-post","status-publish","format-standard","has-post-thumbnail","hentry","category-immobilier","tag-bail","tag-location","tag-preavis-reduit","tag-resiliation","tag-zone-tendue","resize-featured-image"],"_links":{"self":[{"href":"https:\/\/www.belgic.eu\/index.php\/wp-json\/wp\/v2\/posts\/406","targetHints":{"allow":["GET"]}}],"collection":[{"href":"https:\/\/www.belgic.eu\/index.php\/wp-json\/wp\/v2\/posts"}],"about":[{"href":"https:\/\/www.belgic.eu\/index.php\/wp-json\/wp\/v2\/types\/post"}],"author":[{"embeddable":true,"href":"https:\/\/www.belgic.eu\/index.php\/wp-json\/wp\/v2\/users\/3"}],"replies":[{"embeddable":true,"href":"https:\/\/www.belgic.eu\/index.php\/wp-json\/wp\/v2\/comments?post=406"}],"version-history":[{"count":1,"href":"https:\/\/www.belgic.eu\/index.php\/wp-json\/wp\/v2\/posts\/406\/revisions"}],"predecessor-version":[{"id":1427,"href":"https:\/\/www.belgic.eu\/index.php\/wp-json\/wp\/v2\/posts\/406\/revisions\/1427"}],"wp:featuredmedia":[{"embeddable":true,"href":"https:\/\/www.belgic.eu\/index.php\/wp-json\/wp\/v2\/media\/385"}],"wp:attachment":[{"href":"https:\/\/www.belgic.eu\/index.php\/wp-json\/wp\/v2\/media?parent=406"}],"wp:term":[{"taxonomy":"category","embeddable":true,"href":"https:\/\/www.belgic.eu\/index.php\/wp-json\/wp\/v2\/categories?post=406"},{"taxonomy":"post_tag","embeddable":true,"href":"https:\/\/www.belgic.eu\/index.php\/wp-json\/wp\/v2\/tags?post=406"}],"curies":[{"name":"wp","href":"https:\/\/api.w.org\/{rel}","templated":true}]}}