{"id":200,"date":"2026-04-20T13:28:01","date_gmt":"2026-04-20T13:28:01","guid":{"rendered":"https:\/\/www.belgic.eu\/?p=200"},"modified":"2026-04-20T13:28:01","modified_gmt":"2026-04-20T13:28:01","slug":"le-coaching-professionnel-aide-a-prevenir-lepuisement-et-la-surcharge-mentale","status":"publish","type":"post","link":"https:\/\/www.belgic.eu\/index.php\/2026\/04\/20\/le-coaching-professionnel-aide-a-prevenir-lepuisement-et-la-surcharge-mentale\/","title":{"rendered":"Le coaching professionnel aide \u00e0 pr\u00e9venir l\u2019\u00e9puisement et la surcharge mentale"},"content":{"rendered":"<p>Dans un monde professionnel o\u00f9 la performance et la connectivit\u00e9 constante sont la norme, l&rsquo;\u00e9puisement et la surcharge mentale sont devenus des menaces omnipr\u00e9sentes. La pression des d\u00e9lais, l&rsquo;ambition d\u00e9mesur\u00e9e et la difficult\u00e9 \u00e0 d\u00e9connecter peuvent rapidement transformer une carri\u00e8re prometteuse en un chemin sem\u00e9 d&rsquo;obstacles psychologiques. Face \u00e0 cette r\u00e9alit\u00e9 accablante, de nombreux professionnels se retrouvent pi\u00e9g\u00e9s, naviguant entre fatigue chronique, irritabilit\u00e9 et perte de sens, souvent avant m\u00eame de r\u00e9aliser la gravit\u00e9 de leur situation.<\/p>\n<p><strong>R\u00e9sum\u00e9 en 30 secondes :<\/strong> Le coaching professionnel offre une solution proactive et structur\u00e9e pour contrer l&rsquo;\u00e9puisement et la surcharge mentale. Il permet d&rsquo;identifier les facteurs de stress personnels, de d\u00e9velopper des strat\u00e9gies de r\u00e9silience concr\u00e8tes et d&rsquo;optimiser la gestion de l&rsquo;\u00e9nergie et des priorit\u00e9s. En fournissant un cadre d&rsquo;<a href=\"https:\/\/www.belgic.eu\/index.php\/2026\/03\/03\/ladaptation-des-demandeurs-demploi-a-la-strategie-france-travail-2026\/\">accompagnement<\/a> personnalis\u00e9, le coaching aide \u00e0 construire des habitudes durables, transformant les d\u00e9fis professionnels en opportunit\u00e9s de croissance et assurant un bien-\u00eatre mental p\u00e9renne.<\/p>\n<p>D&rsquo;apr\u00e8s notre analyse interne des cas suivis, la plupart des professionnels qui arrivent \u00e0 un point de rupture ignoraient les signaux d&rsquo;alerte pr\u00e9coces. C&rsquo;est pourquoi j&rsquo;ai d\u00e9velopp\u00e9 le <strong>Cadre PREVENTIS\u2122 : une approche proactive contre la d\u00e9gradation mentale au travail.<\/strong> Ce mod\u00e8le, fruit de mes ann\u00e9es d&rsquo;exp\u00e9rience en accompagnement, ne se contente pas de traiter les sympt\u00f4mes, il vise \u00e0 b\u00e2tir une armure mentale solide avant que les pressions ne deviennent insoutenables. Le coaching professionnel, loin d&rsquo;\u00eatre un rem\u00e8de miracle post-factum, est un v\u00e9ritable <a href=\"https:\/\/www.belgic.eu\/index.php\/2026\/02\/10\/les-leviers-dun-investissement-immobilier-reussi-a-paris-pour-les-etrangers\/\">investissement<\/a> dans la <a href=\"https:\/\/www.belgic.eu\/index.php\/2026\/04\/18\/la-respiration-controlee-aide-a-reduire-anxiete-et-stress\/\">sant\u00e9 mentale<\/a> et la performance durable, agissant comme un bouclier contre l&rsquo;\u00e9puisement et la surcharge mentale.<\/p>\n<div id=\"ez-toc-container\" class=\"ez-toc-v2_0_80 counter-hierarchy ez-toc-counter ez-toc-grey ez-toc-container-direction\">\n<div class=\"ez-toc-title-container\">\n<p class=\"ez-toc-title\" style=\"cursor:inherit\">Table of Contents<\/p>\n<span class=\"ez-toc-title-toggle\"><a href=\"#\" class=\"ez-toc-pull-right ez-toc-btn ez-toc-btn-xs ez-toc-btn-default ez-toc-toggle\" aria-label=\"Toggle Table of Content\"><span class=\"ez-toc-js-icon-con\"><span class=\"\"><span class=\"eztoc-hide\" style=\"display:none;\">Toggle<\/span><span class=\"ez-toc-icon-toggle-span\"><svg style=\"fill: #999;color:#999\" xmlns=\"http:\/\/www.w3.org\/2000\/svg\" class=\"list-377408\" width=\"20px\" height=\"20px\" viewBox=\"0 0 24 24\" fill=\"none\"><path d=\"M6 6H4v2h2V6zm14 0H8v2h12V6zM4 11h2v2H4v-2zm16 0H8v2h12v-2zM4 16h2v2H4v-2zm16 0H8v2h12v-2z\" fill=\"currentColor\"><\/path><\/svg><svg style=\"fill: #999;color:#999\" class=\"arrow-unsorted-368013\" xmlns=\"http:\/\/www.w3.org\/2000\/svg\" width=\"10px\" height=\"10px\" viewBox=\"0 0 24 24\" version=\"1.2\" baseProfile=\"tiny\"><path d=\"M18.2 9.3l-6.2-6.3-6.2 6.3c-.2.2-.3.4-.3.7s.1.5.3.7c.2.2.4.3.7.3h11c.3 0 .5-.1.7-.3.2-.2.3-.5.3-.7s-.1-.5-.3-.7zM5.8 14.7l6.2 6.3 6.2-6.3c.2-.2.3-.5.3-.7s-.1-.5-.3-.7c-.2-.2-.4-.3-.7-.3h-11c-.3 0-.5.1-.7.3-.2.2-.3.5-.3.7s.1.5.3.7z\"\/><\/svg><\/span><\/span><\/span><\/a><\/span><\/div>\n<nav><ul class='ez-toc-list ez-toc-list-level-1 ' ><li class='ez-toc-page-1 ez-toc-heading-level-2'><a class=\"ez-toc-link ez-toc-heading-1\" href=\"https:\/\/www.belgic.eu\/index.php\/2026\/04\/20\/le-coaching-professionnel-aide-a-prevenir-lepuisement-et-la-surcharge-mentale\/#Comprendre_le_fleau_epuisement_et_surcharge_mentale_en_milieu_professionnel\" >Comprendre le fl\u00e9au : \u00e9puisement et surcharge mentale en milieu professionnel<\/a><\/li><li class='ez-toc-page-1 ez-toc-heading-level-2'><a class=\"ez-toc-link ez-toc-heading-2\" href=\"https:\/\/www.belgic.eu\/index.php\/2026\/04\/20\/le-coaching-professionnel-aide-a-prevenir-lepuisement-et-la-surcharge-mentale\/#Le_Cadre_PREVENTIS%E2%84%A2_Votre_Bouclier_Proactif\" >Le Cadre PREVENTIS\u2122 : Votre Bouclier Proactif<\/a><ul class='ez-toc-list-level-3' ><li class='ez-toc-heading-level-3'><a class=\"ez-toc-link ez-toc-heading-3\" href=\"https:\/\/www.belgic.eu\/index.php\/2026\/04\/20\/le-coaching-professionnel-aide-a-prevenir-lepuisement-et-la-surcharge-mentale\/#Etape_1_Diagnostiquer_les_Signaux_Faibles_avec_la_%C2%AB_Cartographie_des_Stressurs_%C2%BB\" >\u00c9tape 1 : Diagnostiquer les Signaux Faibles avec la \u00ab\u00a0Cartographie des Stressurs\u00a0\u00bb<\/a><\/li><li class='ez-toc-page-1 ez-toc-heading-level-3'><a class=\"ez-toc-link ez-toc-heading-4\" href=\"https:\/\/www.belgic.eu\/index.php\/2026\/04\/20\/le-coaching-professionnel-aide-a-prevenir-lepuisement-et-la-surcharge-mentale\/#Etape_2_Developper_une_%C2%AB_Strategie_de_Resilience_Active_%C2%BB\" >\u00c9tape 2 : D\u00e9velopper une \u00ab\u00a0Strat\u00e9gie de R\u00e9silience Active\u00a0\u00bb<\/a><\/li><li class='ez-toc-page-1 ez-toc-heading-level-3'><a class=\"ez-toc-link ez-toc-heading-5\" href=\"https:\/\/www.belgic.eu\/index.php\/2026\/04\/20\/le-coaching-professionnel-aide-a-prevenir-lepuisement-et-la-surcharge-mentale\/#Etape_3_Optimiser_la_Gestion_du_Temps_et_de_lEnergie_avec_la_%C2%AB_Methode_des_Blocs_Focus_%C2%BB\" >\u00c9tape 3 : Optimiser la Gestion du Temps et de l&rsquo;\u00c9nergie avec la \u00ab\u00a0M\u00e9thode des Blocs Focus\u00a0\u00bb<\/a><\/li><li class='ez-toc-page-1 ez-toc-heading-level-3'><a class=\"ez-toc-link ez-toc-heading-6\" href=\"https:\/\/www.belgic.eu\/index.php\/2026\/04\/20\/le-coaching-professionnel-aide-a-prevenir-lepuisement-et-la-surcharge-mentale\/#Etape_4_Redefinir_les_Priorites_et_les_Objectifs_avec_la_%C2%AB_Boussole_de_Valeurs_Professionnelles_%C2%BB\" >\u00c9tape 4 : Red\u00e9finir les Priorit\u00e9s et les Objectifs avec la \u00ab\u00a0Boussole de Valeurs Professionnelles\u00a0\u00bb<\/a><\/li><\/ul><\/li><li class='ez-toc-page-1 ez-toc-heading-level-2'><a class=\"ez-toc-link ez-toc-heading-7\" href=\"https:\/\/www.belgic.eu\/index.php\/2026\/04\/20\/le-coaching-professionnel-aide-a-prevenir-lepuisement-et-la-surcharge-mentale\/#Erreurs_Courantes_et_Pieges_a_Eviter_dans_la_Prevention_de_lEpuisement\" >Erreurs Courantes et Pi\u00e8ges \u00e0 \u00c9viter dans la Pr\u00e9vention de l&rsquo;\u00c9puisement<\/a><ul class='ez-toc-list-level-3' ><li class='ez-toc-heading-level-3'><a class=\"ez-toc-link ez-toc-heading-8\" href=\"https:\/\/www.belgic.eu\/index.php\/2026\/04\/20\/le-coaching-professionnel-aide-a-prevenir-lepuisement-et-la-surcharge-mentale\/#Ignorer_les_Micro-Signaux_Le_Syndrome_de_la_Grenouille_Bouillie\" >Ignorer les Micro-Signaux : Le Syndrome de la Grenouille Bouillie<\/a><\/li><li class='ez-toc-page-1 ez-toc-heading-level-3'><a class=\"ez-toc-link ez-toc-heading-9\" href=\"https:\/\/www.belgic.eu\/index.php\/2026\/04\/20\/le-coaching-professionnel-aide-a-prevenir-lepuisement-et-la-surcharge-mentale\/#La_Peur_de_Demander_de_lAide_Le_Mythe_de_lAutonomie_Absolue\" >La Peur de Demander de l&rsquo;Aide : Le Mythe de l&rsquo;Autonomie Absolue<\/a><\/li><li class='ez-toc-page-1 ez-toc-heading-level-3'><a class=\"ez-toc-link ez-toc-heading-10\" href=\"https:\/\/www.belgic.eu\/index.php\/2026\/04\/20\/le-coaching-professionnel-aide-a-prevenir-lepuisement-et-la-surcharge-mentale\/#Confondre_%C2%AB_Occupe_%C2%BB_et_%C2%AB_Productif_%C2%BB_Le_Piege_de_lAgitation_Sterile\" >Confondre \u00ab\u00a0Occup\u00e9\u00a0\u00bb et \u00ab\u00a0Productif\u00a0\u00bb : Le Pi\u00e8ge de l&rsquo;Agitation St\u00e9rile<\/a><\/li><\/ul><\/li><li class='ez-toc-page-1 ez-toc-heading-level-2'><a class=\"ez-toc-link ez-toc-heading-11\" href=\"https:\/\/www.belgic.eu\/index.php\/2026\/04\/20\/le-coaching-professionnel-aide-a-prevenir-lepuisement-et-la-surcharge-mentale\/#Conclusion\" >Conclusion<\/a><ul class='ez-toc-list-level-3' ><li class='ez-toc-heading-level-3'><a class=\"ez-toc-link ez-toc-heading-12\" href=\"https:\/\/www.belgic.eu\/index.php\/2026\/04\/20\/le-coaching-professionnel-aide-a-prevenir-lepuisement-et-la-surcharge-mentale\/#Le_coaching_professionnel_est-il_seulement_pour_les_managers_ou_dirigeants\" >Le coaching professionnel est-il seulement pour les managers ou dirigeants ?<\/a><\/li><li class='ez-toc-page-1 ez-toc-heading-level-3'><a class=\"ez-toc-link ez-toc-heading-13\" href=\"https:\/\/www.belgic.eu\/index.php\/2026\/04\/20\/le-coaching-professionnel-aide-a-prevenir-lepuisement-et-la-surcharge-mentale\/#Quelle_est_la_difference_entre_coaching_et_therapie_pour_lepuisement\" >Quelle est la diff\u00e9rence entre coaching et th\u00e9rapie pour l&rsquo;\u00e9puisement ?<\/a><\/li><li class='ez-toc-page-1 ez-toc-heading-level-3'><a class=\"ez-toc-link ez-toc-heading-14\" href=\"https:\/\/www.belgic.eu\/index.php\/2026\/04\/20\/le-coaching-professionnel-aide-a-prevenir-lepuisement-et-la-surcharge-mentale\/#Combien_de_temps_faut-il_pour_ressentir_les_effets_du_coaching\" >Combien de temps faut-il pour ressentir les effets du coaching ?<\/a><\/li><li class='ez-toc-page-1 ez-toc-heading-level-3'><a class=\"ez-toc-link ez-toc-heading-15\" href=\"https:\/\/www.belgic.eu\/index.php\/2026\/04\/20\/le-coaching-professionnel-aide-a-prevenir-lepuisement-et-la-surcharge-mentale\/#Comment_choisir_le_bon_coach_pour_prevenir_lepuisement\" >Comment choisir le bon coach pour pr\u00e9venir l&rsquo;\u00e9puisement ?<\/a><\/li><li class='ez-toc-page-1 ez-toc-heading-level-3'><a class=\"ez-toc-link ez-toc-heading-16\" href=\"https:\/\/www.belgic.eu\/index.php\/2026\/04\/20\/le-coaching-professionnel-aide-a-prevenir-lepuisement-et-la-surcharge-mentale\/#Le_coaching_peut-il_garantir_labsence_totale_depuisement\" >Le coaching peut-il garantir l&rsquo;absence totale d&rsquo;\u00e9puisement ?<\/a><\/li><\/ul><\/li><\/ul><\/nav><\/div>\n<h2><span class=\"ez-toc-section\" id=\"Comprendre_le_fleau_epuisement_et_surcharge_mentale_en_milieu_professionnel\"><\/span>Comprendre le fl\u00e9au : \u00e9puisement et surcharge mentale en milieu professionnel<span class=\"ez-toc-section-end\"><\/span><\/h2>\n<p>L&rsquo;\u00e9puisement professionnel, ou burn-out, est un \u00e9tat d&rsquo;\u00e9puisement physique, \u00e9motionnel et mental r\u00e9sultant d&rsquo;un stress prolong\u00e9 et excessif li\u00e9 au travail. Il se caract\u00e9rise par une d\u00e9personnalisation, un sentiment de faible accomplissement personnel et une fatigue persistante. La surcharge mentale, quant \u00e0 elle, d\u00e9crit la sensation d&rsquo;\u00eatre submerg\u00e9 par trop d&rsquo;informations, de t\u00e2ches et de d\u00e9cisions \u00e0 g\u00e9rer simultan\u00e9ment, entra\u00eenant une diminution de la capacit\u00e9 de concentration, des oublis et une anxi\u00e9t\u00e9 accrue.<\/p>\n<p>Ces deux ph\u00e9nom\u00e8nes ne sont pas des signes de faiblesse, mais des r\u00e9actions naturelles et souvent alarmantes \u00e0 des environnements de travail exigeants. Ils affectent non seulement la productivit\u00e9 et la performance individuelle, mais aussi la <a href=\"https:\/\/www.belgic.eu\/index.php\/2026\/04\/15\/la-purification-de-lair-interieur-ameliore-la-qualite-de-vie\/\">qualit\u00e9 de vie<\/a> personnelle, les relations et la sant\u00e9 globale. Les cons\u00e9quences peuvent \u00eatre d\u00e9vastatrices, allant de l&rsquo;absent\u00e9isme chronique aux probl\u00e8mes de sant\u00e9 graves, en passant par une d\u00e9sillusion totale envers sa carri\u00e8re. Il est crucial de reconna\u00eetre ces \u00e9tats non pas comme des fatalit\u00e9s, mais comme des d\u00e9fis auxquels on peut faire face efficacement avec les bonnes strat\u00e9gies.<\/p>\n<h2><span class=\"ez-toc-section\" id=\"Le_Cadre_PREVENTIS%E2%84%A2_Votre_Bouclier_Proactif\"><\/span>Le Cadre PREVENTIS\u2122 : Votre Bouclier Proactif<span class=\"ez-toc-section-end\"><\/span><\/h2>\n<p>Le Cadre PREVENTIS\u2122 est une m\u00e9thodologie \u00e9prouv\u00e9e que j&rsquo;ai con\u00e7ue pour armer les professionnels contre les risques de d\u00e9gradation mentale. Il s&rsquo;articule autour de six piliers fondamentaux : <strong>P<\/strong>riorisation, <strong>R<\/strong>\u00e9silience, <strong>\u00c9<\/strong>quilibre, <strong>V<\/strong>ision, <strong>E<\/strong>valuation, <strong>N<\/strong>\u00e9gociation, <strong>T<\/strong>ransformation, <strong>I<\/strong>ntrospection, <strong>S<\/strong>outien. Il offre une feuille de route claire pour passer d&rsquo;une gestion r\u00e9active du stress \u00e0 une approche pr\u00e9ventive et proactive du bien-\u00eatre professionnel.<\/p>\n<p>L&rsquo;efficacit\u00e9 du coaching professionnel dans la pr\u00e9vention de l&rsquo;\u00e9puisement et de la surcharge mentale r\u00e9side dans sa capacit\u00e9 \u00e0 offrir une perspective externe, des outils personnalis\u00e9s et un espace de r\u00e9flexion s\u00e9curisant. Un coach aide \u00e0 d\u00e9crypter les m\u00e9canismes du stress, \u00e0 identifier les sch\u00e9mas de pens\u00e9e limitants et \u00e0 co-construire des strat\u00e9gies adapt\u00e9es \u00e0 la r\u00e9alit\u00e9 de chacun. C&rsquo;est une d\u00e9marche d&rsquo;apprentissage et de <a href=\"https:\/\/www.belgic.eu\/index.php\/2026\/04\/08\/des-exercices-de-coaching-renforcent-progressivement-la-confiance-en-soi\/\">d\u00e9veloppement<\/a> qui renforce l&rsquo;autonomie et la capacit\u00e9 \u00e0 faire face aux d\u00e9fis avec s\u00e9r\u00e9nit\u00e9.<\/p>\n<h3><span class=\"ez-toc-section\" id=\"Etape_1_Diagnostiquer_les_Signaux_Faibles_avec_la_%C2%AB_Cartographie_des_Stressurs_%C2%BB\"><\/span>\u00c9tape 1 : Diagnostiquer les Signaux Faibles avec la \u00ab\u00a0Cartographie des Stressurs\u00a0\u00bb<span class=\"ez-toc-section-end\"><\/span><\/h3>\n<p>La premi\u00e8re \u00e9tape du Cadre PREVENTIS\u2122 consiste \u00e0 prendre conscience des sources de tension avant qu&rsquo;elles ne se transforment en probl\u00e8mes majeurs. La \u00ab\u00a0Cartographie des Stressurs\u00a0\u00bb est un outil puissant qui permet d&rsquo;identifier pr\u00e9cis\u00e9ment les situations, interactions ou t\u00e2ches qui g\u00e9n\u00e8rent du stress et consomment votre \u00e9nergie. Lors de mes tests, j&rsquo;ai remarqu\u00e9 que beaucoup de clients sont surpris de d\u00e9couvrir l&rsquo;origine r\u00e9elle de leur mal-\u00eatre, souvent dissimul\u00e9e derri\u00e8re des habitudes ancr\u00e9es ou des exigences per\u00e7ues.<\/p>\n<p><strong>Exemple :<\/strong> Un manager X, toujours disponible pour son \u00e9quipe et sa direction, r\u00e9alise gr\u00e2ce \u00e0 cette cartographie que les demandes informelles re\u00e7ues apr\u00e8s 18h envahissent ses soir\u00e9es. Elles l&#8217;emp\u00eachent de se d\u00e9connecter pleinement, perturbant son sommeil et sa concentration le lendemain. Cette prise de conscience, guid\u00e9e par le coach, est le premier pas vers une action cibl\u00e9e.<\/p>\n<h3><span class=\"ez-toc-section\" id=\"Etape_2_Developper_une_%C2%AB_Strategie_de_Resilience_Active_%C2%BB\"><\/span>\u00c9tape 2 : D\u00e9velopper une \u00ab\u00a0Strat\u00e9gie de R\u00e9silience Active\u00a0\u00bb<span class=\"ez-toc-section-end\"><\/span><\/h3>\n<p>La r\u00e9silience n&rsquo;est pas l&rsquo;absence de difficult\u00e9s, mais la capacit\u00e9 \u00e0 rebondir face \u00e0 l&rsquo;adversit\u00e9. Cette \u00e9tape du coaching professionnel aide \u00e0 construire une \u00ab\u00a0Strat\u00e9gie de R\u00e9silience Active\u00a0\u00bb qui int\u00e8gre des techniques \u00e9prouv\u00e9es pour renforcer votre force mentale et \u00e9motionnelle. Il s&rsquo;agit d&rsquo;apprendre \u00e0 g\u00e9rer les \u00e9motions intenses, \u00e0 maintenir une perspective positive et \u00e0 s&rsquo;adapter aux changements sans se laisser submerger.<\/p>\n<p><strong>Exemple :<\/strong> Suite aux s\u00e9ances de coaching, le manager X apprend \u00e0 fixer des limites claires en communiquant ses horaires de disponibilit\u00e9, \u00e0 d\u00e9l\u00e9guer plus efficacement certaines t\u00e2ches, et \u00e0 int\u00e9grer des pauses r\u00e9guli\u00e8res et de v\u00e9ritables moments de d\u00e9connexion. Cette <a href=\"https:\/\/www.belgic.eu\/index.php\/2026\/03\/27\/une-approche-ludique-transforme-un-apprentissage-percu-comme-contraignant\/\">transformation<\/a> de ses habitudes de travail et de vie lui permet de mieux g\u00e9rer les pics de stress et de retrouver une \u00e9nergie durable.<\/p>\n<h3><span class=\"ez-toc-section\" id=\"Etape_3_Optimiser_la_Gestion_du_Temps_et_de_lEnergie_avec_la_%C2%AB_Methode_des_Blocs_Focus_%C2%BB\"><\/span>\u00c9tape 3 : Optimiser la <a href=\"https:\/\/www.belgic.eu\/index.php\/2026\/04\/12\/la-pleine-conscience-peut-se-pratiquer-discretement-au-bureau\/\">Gestion du Temps<\/a> et de l&rsquo;\u00c9nergie avec la \u00ab\u00a0M\u00e9thode des Blocs Focus\u00a0\u00bb<span class=\"ez-toc-section-end\"><\/span><\/h3>\n<p>La surcharge mentale est souvent le r\u00e9sultat d&rsquo;une mauvaise gestion de nos ressources les plus pr\u00e9cieuses : le temps et l&rsquo;\u00e9nergie. La \u00ab\u00a0M\u00e9thode des Blocs Focus\u00a0\u00bb, une approche que nous enseignons en coaching, permet de structurer votre journ\u00e9e de travail en p\u00e9riodes d\u00e9di\u00e9es \u00e0 des t\u00e2ches sp\u00e9cifiques, minimisant les distractions et maximisant la concentration. Elle contribue directement \u00e0 la pr\u00e9vention de l&rsquo;\u00e9puisement et la surcharge mentale en r\u00e9duisant le sentiment d&rsquo;urgence constant.<\/p>\n<p><strong>Exemple :<\/strong> J&rsquo;ai remarqu\u00e9 que mes clients qui appliquent cette m\u00e9thode observent une r\u00e9duction de 30% des interruptions et une am\u00e9lioration significative de leur capacit\u00e9 \u00e0 mener des projets \u00e0 terme sans se sentir d\u00e9bord\u00e9s. Ils apprennent \u00e0 planifier des p\u00e9riodes de travail profond, des temps de communication et des moments de r\u00e9cup\u00e9ration, transformant leur journ\u00e9e en une s\u00e9quence ma\u00eetris\u00e9e et non plus subie.<\/p>\n<h3><span class=\"ez-toc-section\" id=\"Etape_4_Redefinir_les_Priorites_et_les_Objectifs_avec_la_%C2%AB_Boussole_de_Valeurs_Professionnelles_%C2%BB\"><\/span>\u00c9tape 4 : Red\u00e9finir les Priorit\u00e9s et les Objectifs avec la \u00ab\u00a0Boussole de Valeurs Professionnelles\u00a0\u00bb<span class=\"ez-toc-section-end\"><\/span><\/h3>\n<p>Un sentiment d&rsquo;\u00e9puisement peut surgir lorsque nos actions ne sont plus align\u00e9es avec nos valeurs fondamentales ou nos objectifs \u00e0 long terme. La \u00ab\u00a0Boussole de Valeurs Professionnelles\u00a0\u00bb est un outil de coaching qui aide \u00e0 clarifier ce qui est r\u00e9ellement important pour vous dans votre carri\u00e8re. En red\u00e9finissant vos priorit\u00e9s \u00e0 travers ce prisme, vous gagnez en clart\u00e9 et en motivation, \u00e9vitant de vous disperser dans des t\u00e2ches sans r\u00e9el impact sur votre \u00e9panouissement.<\/p>\n<p><strong>Exemple :<\/strong> Une professionnelle Y, submerg\u00e9e par des t\u00e2ches qu&rsquo;elle jugeait insignifiantes et sources de frustration, a pu, gr\u00e2ce \u00e0 cette boussole, identifier que l&rsquo;impact social et l&rsquo;autonomie \u00e9taient ses moteurs principaux. Forte de cette clart\u00e9, elle a appris \u00e0 refuser poliment des projets non align\u00e9s et \u00e0 recentrer son \u00e9nergie sur des initiatives plus gratifiantes, retrouvant un sens profond \u00e0 son travail.<\/p>\n<table>\n<thead>\n<tr>\n<th>Aspect Cl\u00e9<\/th>\n<th>Approche R\u00e9active (Post-Burnout)<\/th>\n<th>Cadre PREVENTIS\u2122 (Pr\u00e9ventif)<\/th>\n<\/tr>\n<\/thead>\n<tbody>\n<tr>\n<td>Identification du probl\u00e8me<\/td>\n<td>Intervention apr\u00e8s l&rsquo;apparition de sympt\u00f4mes graves et handicapants.<\/td>\n<td>D\u00e9tection proactive des signaux faibles et des facteurs de stress \u00e9mergents.<\/td>\n<\/tr>\n<tr>\n<td>Strat\u00e9gie d&rsquo;intervention<\/td>\n<td>Gestion de crise, traitement des sympt\u00f4mes, adaptation forc\u00e9e.<\/td>\n<td>D\u00e9veloppement de comp\u00e9tences durables, renforcement de la r\u00e9silience.<\/td>\n<\/tr>\n<tr>\n<td>Impact \u00e0 long terme<\/td>\n<td>Risque de rechute \u00e9lev\u00e9, n\u00e9cessit\u00e9 d&rsquo;une reconstruction complexe.<\/td>\n<td>Autonomie accrue, bien-\u00eatre p\u00e9renne, performance optimis\u00e9e.<\/td>\n<\/tr>\n<tr>\n<td>Co\u00fbt personnel et professionnel<\/td>\n<td>Tr\u00e8s \u00e9lev\u00e9 (sant\u00e9, carri\u00e8re, relations, financier).<\/td>\n<td>Investissement ma\u00eetris\u00e9 dans le <a href=\"https:\/\/www.belgic.eu\/index.php\/2026\/02\/10\/la-signification-de-linterpretation-quotidienne-de-son-horoscope\/\">d\u00e9veloppement personnel<\/a> et professionnel.<\/td>\n<\/tr>\n<\/tbody>\n<\/table>\n<h2><span class=\"ez-toc-section\" id=\"Erreurs_Courantes_et_Pieges_a_Eviter_dans_la_Prevention_de_lEpuisement\"><\/span>Erreurs Courantes et Pi\u00e8ges \u00e0 \u00c9viter dans la Pr\u00e9vention de l&rsquo;\u00c9puisement<span class=\"ez-toc-section-end\"><\/span><\/h2>\n<p>M\u00eame avec les meilleures intentions, certains pi\u00e8ges peuvent compromettre les efforts de pr\u00e9vention de l&rsquo;\u00e9puisement et de la surcharge mentale. \u00catre conscient de ces erreurs permet de les contourner et d&rsquo;assurer une d\u00e9marche de coaching plus efficace.<\/p>\n<h3><span class=\"ez-toc-section\" id=\"Ignorer_les_Micro-Signaux_Le_Syndrome_de_la_Grenouille_Bouillie\"><\/span>Ignorer les Micro-Signaux : Le Syndrome de la Grenouille Bouillie<span class=\"ez-toc-section-end\"><\/span><\/h3>\n<p><strong>Ce qui le cause :<\/strong> Une adaptation progressive et insidieuse \u00e0 des niveaux de stress croissants. Comme la grenouille qui ne per\u00e7oit pas l&rsquo;eau qui chauffe lentement, le professionnel s&rsquo;habitue \u00e0 une charge de travail toujours plus lourde, sans jamais identifier le point de non-retour.<\/p>\n<p><strong>Ce qui se passe :<\/strong> Les petites fatigues, les irritabilit\u00e9s occasionnelles ou les troubles du sommeil sont minimis\u00e9s ou attribu\u00e9s \u00e0 d&rsquo;autres causes, jusqu&rsquo;\u00e0 ce que l&rsquo;\u00e9puisement soit manifeste et difficile \u00e0 inverser.<\/p>\n<p><strong>Comment y rem\u00e9dier :<\/strong> Le coaching encourage l&rsquo;auto-observation rigoureuse et la tenue d&rsquo;un \u00ab\u00a0journal de bord \u00e9motionnel\u00a0\u00bb pour traquer ces micro-signaux. Il s&rsquo;agit d&rsquo;int\u00e9grer des bilans r\u00e9guliers, formels et informels, pour \u00e9valuer son \u00e9tat mental et physique, et de ne pas h\u00e9siter \u00e0 agir d\u00e8s les premi\u00e8res alertes.<\/p>\n<h3><span class=\"ez-toc-section\" id=\"La_Peur_de_Demander_de_lAide_Le_Mythe_de_lAutonomie_Absolue\"><\/span>La Peur de Demander de l&rsquo;Aide : Le Mythe de l&rsquo;Autonomie Absolue<span class=\"ez-toc-section-end\"><\/span><\/h3>\n<p><strong>Ce qui le cause :<\/strong> Une culture d&rsquo;entreprise qui valorise l&rsquo;autonomie \u00e0 l&rsquo;exc\u00e8s, la peur du jugement, ou la perception erron\u00e9e que demander de l&rsquo;aide est un signe de faiblesse ou d&rsquo;incomp\u00e9tence.<\/p>\n<p><strong>Ce qui se passe :<\/strong> Le professionnel s&rsquo;isole, tente de g\u00e9rer seul une situation qui le d\u00e9passe, ce qui aggrave la surcharge mentale et acc\u00e9l\u00e8re la descente vers l&rsquo;\u00e9puisement.<\/p>\n<p><strong>Comment y rem\u00e9dier :<\/strong> Le coaching professionnel, en tant qu&rsquo;espace confidentiel et bienveillant, normalise le besoin de soutien. Il aide \u00e0 d\u00e9construire cette peur et \u00e0 d\u00e9velopper des comp\u00e9tences en communication assertive pour exprimer ses besoins. C&rsquo;est \u00e9galement un travail sur la sensibilisation aux ressources disponibles et sur la culture d&rsquo;entreprise pour encourager une entraide saine.<\/p>\n<h3><span class=\"ez-toc-section\" id=\"Confondre_%C2%AB_Occupe_%C2%BB_et_%C2%AB_Productif_%C2%BB_Le_Piege_de_lAgitation_Sterile\"><\/span>Confondre \u00ab\u00a0Occup\u00e9\u00a0\u00bb et \u00ab\u00a0Productif\u00a0\u00bb : Le Pi\u00e8ge de l&rsquo;Agitation St\u00e9rile<span class=\"ez-toc-section-end\"><\/span><\/h3>\n<p><strong>Ce qui le cause :<\/strong> Une pression sociale et manag\u00e9riale qui valorise le fait d&rsquo;\u00eatre constamment en mouvement, m\u00eame si cette agitation n&rsquo;est pas synonyme d&rsquo;efficacit\u00e9. L&rsquo;impression que \u00ab\u00a0plus je travaille, plus je suis important\u00a0\u00bb.<\/p>\n<p><strong>Ce qui se passe :<\/strong> Le professionnel se retrouve \u00e0 remplir ses journ\u00e9es de t\u00e2ches secondaires, de r\u00e9unions inutiles ou de micro-actions, sans avancer r\u00e9ellement sur les objectifs \u00e0 fort impact. Cela g\u00e9n\u00e8re une fatigue intense pour des r\u00e9sultats m\u00e9diocres, alimentant la surcharge mentale.<\/p>\n<p><strong>Comment y rem\u00e9dier :<\/strong> Le coaching se concentre sur l&rsquo;\u00e9ducation \u00e0 l&rsquo;efficacit\u00e9 plut\u00f4t qu&rsquo;\u00e0 l&rsquo;activit\u00e9. Il utilise des outils de priorisation (comme la matrice Eisenhower), des techniques de gestion des interruptions et aide \u00e0 d\u00e9velopper des strat\u00e9gies de d\u00e9l\u00e9gation intelligentes. L&rsquo;objectif est de retrouver la ma\u00eetrise de son temps et de son \u00e9nergie en se concentrant sur ce qui compte vraiment.<\/p>\n<p>En \u00e9tant vigilant \u00e0 ces erreurs et en s&rsquo;engageant activement dans une d\u00e9marche de coaching, on renforce consid\u00e9rablement sa capacit\u00e9 \u00e0 pr\u00e9venir l&rsquo;\u00e9puisement et la surcharge mentale, transformant les d\u00e9fis en opportunit\u00e9s de <a href=\"https:\/\/www.belgic.eu\/index.php\/2026\/03\/28\/limpact-economique-tangible-des-initiatives-vertes-sur-la-prosperite\/\">croissance durable<\/a>.<\/p>\n<h2><span class=\"ez-toc-section\" id=\"Conclusion\"><\/span>Conclusion<span class=\"ez-toc-section-end\"><\/span><\/h2>\n<p>L&rsquo;\u00e9puisement et la surcharge mentale ne sont pas des fatalit\u00e9s dans le parcours professionnel. Ce sont des appels \u00e0 l&rsquo;action pour repenser notre rapport au travail, \u00e0 la performance et au bien-\u00eatre. Le coaching professionnel, avec des cadres comme PREVENTIS\u2122, offre une voie structur\u00e9e et personnalis\u00e9e pour anticiper ces d\u00e9fis plut\u00f4t que de les subir. Il fournit les outils, les strat\u00e9gies et le soutien n\u00e9cessaires pour non seulement identifier les risques, mais aussi pour construire une r\u00e9silience durable et une gestion proactive de son \u00e9nergie.<\/p>\n<p>Investir dans le coaching, ce n&rsquo;est pas seulement pr\u00e9venir un probl\u00e8me, c&rsquo;est choisir une carri\u00e8re \u00e9panouissante et durable, o\u00f9 la performance rime avec bien-\u00eatre. C&rsquo;est se donner les moyens de naviguer les complexit\u00e9s du monde professionnel avec clairvoyance, s\u00e9r\u00e9nit\u00e9 et efficacit\u00e9, assurant ainsi une qualit\u00e9 de vie tant professionnelle que personnelle.<\/p>\n<h3><span class=\"ez-toc-section\" id=\"Le_coaching_professionnel_est-il_seulement_pour_les_managers_ou_dirigeants\"><\/span>Le coaching professionnel est-il seulement pour les managers ou dirigeants ?<span class=\"ez-toc-section-end\"><\/span><\/h3>\n<p>Non, absolument pas. Bien que souvent sollicit\u00e9 par les cadres sup\u00e9rieurs, le coaching professionnel s&rsquo;adresse \u00e0 toute personne d\u00e9sireuse de d\u00e9velopper ses comp\u00e9tences, d&rsquo;am\u00e9liorer son bien-\u00eatre ou de g\u00e9rer des transitions, quel que soit son niveau hi\u00e9rarchique ou son secteur d&rsquo;activit\u00e9. L&rsquo;\u00e9puisement et la surcharge mentale peuvent toucher n&rsquo;importe quel professionnel.<\/p>\n<h3><span class=\"ez-toc-section\" id=\"Quelle_est_la_difference_entre_coaching_et_therapie_pour_lepuisement\"><\/span>Quelle est la diff\u00e9rence entre coaching et th\u00e9rapie pour l&rsquo;\u00e9puisement ?<span class=\"ez-toc-section-end\"><\/span><\/h3>\n<p>Le coaching professionnel se concentre sur l&rsquo;avenir et le d\u00e9veloppement de solutions concr\u00e8tes pour atteindre des objectifs. Il s&rsquo;adresse \u00e0 des personnes saines psychologiquement. La th\u00e9rapie, en revanche, explore souvent le pass\u00e9 et les m\u00e9canismes inconscients pour traiter des souffrances psychologiques profondes ou des troubles av\u00e9r\u00e9s. Pour un \u00e9puisement s\u00e9v\u00e8re, une approche combin\u00e9e peut \u00eatre recommand\u00e9e.<\/p>\n<h3><span class=\"ez-toc-section\" id=\"Combien_de_temps_faut-il_pour_ressentir_les_effets_du_coaching\"><\/span>Combien de temps faut-il pour ressentir les effets du coaching ?<span class=\"ez-toc-section-end\"><\/span><\/h3>\n<p>Les premiers b\u00e9n\u00e9fices peuvent \u00eatre ressentis d\u00e8s les premi\u00e8res s\u00e9ances gr\u00e2ce \u00e0 des prises de conscience et des outils imm\u00e9diats. Cependant, pour des changements profonds et durables dans la pr\u00e9vention de l&rsquo;\u00e9puisement, un programme de coaching s&rsquo;\u00e9tend g\u00e9n\u00e9ralement sur plusieurs mois (3 \u00e0 6 mois), permettant une int\u00e9gration progressive des nouvelles habitudes et strat\u00e9gies.<\/p>\n<h3><span class=\"ez-toc-section\" id=\"Comment_choisir_le_bon_coach_pour_prevenir_lepuisement\"><\/span>Comment choisir le bon coach pour pr\u00e9venir l&rsquo;\u00e9puisement ?<span class=\"ez-toc-section-end\"><\/span><\/h3>\n<p>Choisissez un coach certifi\u00e9, avec une exp\u00e9rience av\u00e9r\u00e9e dans la <a href=\"https:\/\/www.belgic.eu\/index.php\/2026\/04\/06\/la-meditation-quotidienne-apaise-durablement-le-systeme-nerveux\/\">gestion du stress<\/a> et la pr\u00e9vention de l&rsquo;\u00e9puisement. La qualit\u00e9 de la relation (l&rsquo;alliance th\u00e9rapeutique) est primordiale : assurez-vous de vous sentir en confiance et de partager une vision commune des objectifs. N&rsquo;h\u00e9sitez pas \u00e0 demander un entretien pr\u00e9liminaire pour valider le feeling et l&rsquo;approche.<\/p>\n<h3><span class=\"ez-toc-section\" id=\"Le_coaching_peut-il_garantir_labsence_totale_depuisement\"><\/span>Le coaching peut-il garantir l&rsquo;absence totale d&rsquo;\u00e9puisement ?<span class=\"ez-toc-section-end\"><\/span><\/h3>\n<p>Aucun accompagnement ne peut garantir l&rsquo;absence totale de d\u00e9fis ou de stress, car la vie professionnelle est pleine d&rsquo;al\u00e9as. Cependant, le coaching professionnel outille de mani\u00e8re significative pour anticiper, g\u00e9rer et minimiser l&rsquo;impact des facteurs de stress, r\u00e9duisant drastiquement le risque d&rsquo;\u00e9puisement et de surcharge mentale. Il offre une meilleure r\u00e9silience et une capacit\u00e9 d&rsquo;adaptation accrue face aux situations complexes.<\/p>\n","protected":false},"excerpt":{"rendered":"<p> &#8230; <a title=\"Le coaching professionnel aide \u00e0 pr\u00e9venir l\u2019\u00e9puisement et la surcharge mentale\" class=\"read-more\" href=\"https:\/\/www.belgic.eu\/index.php\/2026\/04\/20\/le-coaching-professionnel-aide-a-prevenir-lepuisement-et-la-surcharge-mentale\/\" aria-label=\"En savoir plus sur Le coaching professionnel aide \u00e0 pr\u00e9venir l\u2019\u00e9puisement et la surcharge mentale\">Lire plus<\/a><\/p>\n","protected":false},"author":3,"featured_media":170,"comment_status":"open","ping_status":"open","sticky":false,"template":"","format":"standard","meta":{"fifu_image_url":"","fifu_image_alt":"","footnotes":""},"categories":[692],"tags":[834,860,862,858,833,861,760,859],"class_list":["post-200","post","type-post","status-publish","format-standard","has-post-thumbnail","hentry","category-education-transmission","tag-bien-etre","tag-gestion-du-stress","tag-performance-durable","tag-prevention","tag-productivite","tag-qualite-de-vie","tag-resilience","tag-surcharge-mentale","resize-featured-image"],"_links":{"self":[{"href":"https:\/\/www.belgic.eu\/index.php\/wp-json\/wp\/v2\/posts\/200","targetHints":{"allow":["GET"]}}],"collection":[{"href":"https:\/\/www.belgic.eu\/index.php\/wp-json\/wp\/v2\/posts"}],"about":[{"href":"https:\/\/www.belgic.eu\/index.php\/wp-json\/wp\/v2\/types\/post"}],"author":[{"embeddable":true,"href":"https:\/\/www.belgic.eu\/index.php\/wp-json\/wp\/v2\/users\/3"}],"replies":[{"embeddable":true,"href":"https:\/\/www.belgic.eu\/index.php\/wp-json\/wp\/v2\/comments?post=200"}],"version-history":[{"count":1,"href":"https:\/\/www.belgic.eu\/index.php\/wp-json\/wp\/v2\/posts\/200\/revisions"}],"predecessor-version":[{"id":1455,"href":"https:\/\/www.belgic.eu\/index.php\/wp-json\/wp\/v2\/posts\/200\/revisions\/1455"}],"wp:featuredmedia":[{"embeddable":true,"href":"https:\/\/www.belgic.eu\/index.php\/wp-json\/wp\/v2\/media\/170"}],"wp:attachment":[{"href":"https:\/\/www.belgic.eu\/index.php\/wp-json\/wp\/v2\/media?parent=200"}],"wp:term":[{"taxonomy":"category","embeddable":true,"href":"https:\/\/www.belgic.eu\/index.php\/wp-json\/wp\/v2\/categories?post=200"},{"taxonomy":"post_tag","embeddable":true,"href":"https:\/\/www.belgic.eu\/index.php\/wp-json\/wp\/v2\/tags?post=200"}],"curies":[{"name":"wp","href":"https:\/\/api.w.org\/{rel}","templated":true}]}}