{"id":197,"date":"2026-04-11T14:54:21","date_gmt":"2026-04-11T14:54:21","guid":{"rendered":"https:\/\/www.belgic.eu\/?p=197"},"modified":"2026-04-11T14:54:21","modified_gmt":"2026-04-11T14:54:21","slug":"le-coaching-professionnel-accompagne-efficacement-les-transitions-de-carriere","status":"publish","type":"post","link":"https:\/\/www.belgic.eu\/index.php\/2026\/04\/11\/le-coaching-professionnel-accompagne-efficacement-les-transitions-de-carriere\/","title":{"rendered":"Le coaching professionnel accompagne efficacement les transitions de carri\u00e8re"},"content":{"rendered":"<p><strong>R\u00e9sum\u00e9 en 30 secondes :<\/strong> Face aux incertitudes du march\u00e9 de l&#8217;emploi et \u00e0 la qu\u00eate de sens, de nombreuses personnes se retrouvent bloqu\u00e9es lors de moments charni\u00e8res. Le coaching professionnel offre une m\u00e9thodologie structur\u00e9e pour traverser ces \u00e9tapes. Il ne se contente pas de fournir des conseils ; il aide \u00e0 d\u00e9velopper une clart\u00e9 strat\u00e9gique et une capacit\u00e9 d&rsquo;action mesurable, transformant ainsi les p\u00e9riodes d&rsquo;incertitude en leviers de croissance concr\u00e8te. D&rsquo;apr\u00e8s notre analyse interne, l&rsquo;<a href=\"https:\/\/www.belgic.eu\/index.php\/2026\/03\/14\/le-soutien-public-pour-linternationalisation-des-startups-innovantes\/\">accompagnement<\/a> personnalis\u00e9 du coaching est un catalyseur indispensable pour une r\u00e9orientation r\u00e9ussie et p\u00e9renne.<\/p>\n<div id=\"ez-toc-container\" class=\"ez-toc-v2_0_80 counter-hierarchy ez-toc-counter ez-toc-grey ez-toc-container-direction\">\n<div class=\"ez-toc-title-container\">\n<p class=\"ez-toc-title\" style=\"cursor:inherit\">Table of Contents<\/p>\n<span class=\"ez-toc-title-toggle\"><a href=\"#\" class=\"ez-toc-pull-right ez-toc-btn ez-toc-btn-xs ez-toc-btn-default ez-toc-toggle\" aria-label=\"Toggle Table of Content\"><span class=\"ez-toc-js-icon-con\"><span class=\"\"><span class=\"eztoc-hide\" style=\"display:none;\">Toggle<\/span><span class=\"ez-toc-icon-toggle-span\"><svg style=\"fill: #999;color:#999\" xmlns=\"http:\/\/www.w3.org\/2000\/svg\" class=\"list-377408\" width=\"20px\" height=\"20px\" viewBox=\"0 0 24 24\" fill=\"none\"><path d=\"M6 6H4v2h2V6zm14 0H8v2h12V6zM4 11h2v2H4v-2zm16 0H8v2h12v-2zM4 16h2v2H4v-2zm16 0H8v2h12v-2z\" fill=\"currentColor\"><\/path><\/svg><svg style=\"fill: #999;color:#999\" class=\"arrow-unsorted-368013\" xmlns=\"http:\/\/www.w3.org\/2000\/svg\" width=\"10px\" height=\"10px\" viewBox=\"0 0 24 24\" version=\"1.2\" baseProfile=\"tiny\"><path d=\"M18.2 9.3l-6.2-6.3-6.2 6.3c-.2.2-.3.4-.3.7s.1.5.3.7c.2.2.4.3.7.3h11c.3 0 .5-.1.7-.3.2-.2.3-.5.3-.7s-.1-.5-.3-.7zM5.8 14.7l6.2 6.3 6.2-6.3c.2-.2.3-.5.3-.7s-.1-.5-.3-.7c-.2-.2-.4-.3-.7-.3h-11c-.3 0-.5.1-.7.3-.2.2-.3.5-.3.7s.1.5.3.7z\"\/><\/svg><\/span><\/span><\/span><\/a><\/span><\/div>\n<nav><ul class='ez-toc-list ez-toc-list-level-1 ' ><li class='ez-toc-page-1 ez-toc-heading-level-2'><a class=\"ez-toc-link ez-toc-heading-1\" href=\"https:\/\/www.belgic.eu\/index.php\/2026\/04\/11\/le-coaching-professionnel-accompagne-efficacement-les-transitions-de-carriere\/#Comprendre_la_Tension_Pourquoi_les_transitions_de_carriere_echouent-elles_souvent\" >Comprendre la Tension : Pourquoi les transitions de carri\u00e8re \u00e9chouent-elles souvent ?<\/a><\/li><li class='ez-toc-page-1 ez-toc-heading-level-2'><a class=\"ez-toc-link ez-toc-heading-2\" href=\"https:\/\/www.belgic.eu\/index.php\/2026\/04\/11\/le-coaching-professionnel-accompagne-efficacement-les-transitions-de-carriere\/#Le_Cadre_dAnalyse_des_Transitions_Structurees_CATS_Votre_boussole_strategique\" >Le Cadre d&rsquo;Analyse des Transitions Structur\u00e9es (CATS) : Votre boussole strat\u00e9gique<\/a><ul class='ez-toc-list-level-3' ><li class='ez-toc-heading-level-3'><a class=\"ez-toc-link ez-toc-heading-3\" href=\"https:\/\/www.belgic.eu\/index.php\/2026\/04\/11\/le-coaching-professionnel-accompagne-efficacement-les-transitions-de-carriere\/#Etape_1_LAuto-Evaluation_Profonde_Clarifier_le_%C2%AB_Qui_suis-je_%C2%BB\" >\u00c9tape 1 : L&rsquo;Auto-\u00c9valuation Profonde (Clarifier le \u00ab\u00a0Qui suis-je ?\u00a0\u00bb)<\/a><\/li><li class='ez-toc-page-1 ez-toc-heading-level-3'><a class=\"ez-toc-link ez-toc-heading-4\" href=\"https:\/\/www.belgic.eu\/index.php\/2026\/04\/11\/le-coaching-professionnel-accompagne-efficacement-les-transitions-de-carriere\/#Etape_2_La_Definition_Visionnaire_Etablir_le_%C2%AB_Ou_vais-je_%C2%BB\" >\u00c9tape 2 : La D\u00e9finition Visionnaire (\u00c9tablir le \u00ab\u00a0O\u00f9 vais-je ?\u00a0\u00bb)<\/a><\/li><li class='ez-toc-page-1 ez-toc-heading-level-3'><a class=\"ez-toc-link ez-toc-heading-5\" href=\"https:\/\/www.belgic.eu\/index.php\/2026\/04\/11\/le-coaching-professionnel-accompagne-efficacement-les-transitions-de-carriere\/#Etape_3_La_Strategie_dAction_Ciblee_Planifier_le_%C2%AB_Comment_y_arriver_%C2%BB\" >\u00c9tape 3 : La Strat\u00e9gie d&rsquo;Action Cibl\u00e9e (Planifier le \u00ab\u00a0Comment y arriver ?\u00a0\u00bb)<\/a><\/li><li class='ez-toc-page-1 ez-toc-heading-level-3'><a class=\"ez-toc-link ez-toc-heading-6\" href=\"https:\/\/www.belgic.eu\/index.php\/2026\/04\/11\/le-coaching-professionnel-accompagne-efficacement-les-transitions-de-carriere\/#Etape_4_La_Mise_en_OEuvre_et_lAjustement_Continu_Agir_et_rectifier\" >\u00c9tape 4 : La Mise en \u0152uvre et l&rsquo;Ajustement Continu (Agir et rectifier)<\/a><\/li><\/ul><\/li><li class='ez-toc-page-1 ez-toc-heading-level-2'><a class=\"ez-toc-link ez-toc-heading-7\" href=\"https:\/\/www.belgic.eu\/index.php\/2026\/04\/11\/le-coaching-professionnel-accompagne-efficacement-les-transitions-de-carriere\/#Coaching_Professionnel_vs_Autre_Accompagnement_Un_choix_eclaire\" >Coaching Professionnel vs. Autre Accompagnement : Un choix \u00e9clair\u00e9<\/a><\/li><li class='ez-toc-page-1 ez-toc-heading-level-2'><a class=\"ez-toc-link ez-toc-heading-8\" href=\"https:\/\/www.belgic.eu\/index.php\/2026\/04\/11\/le-coaching-professionnel-accompagne-efficacement-les-transitions-de-carriere\/#Le_coaching_professionnel_accompagne_efficacement_les_transitions_de_carriere_Un_investissement_strategique_pour_lavenir\" >Le coaching professionnel accompagne efficacement les transitions de carri\u00e8re : Un investissement strat\u00e9gique pour l&rsquo;avenir<\/a><\/li><li class='ez-toc-page-1 ez-toc-heading-level-2'><a class=\"ez-toc-link ez-toc-heading-9\" href=\"https:\/\/www.belgic.eu\/index.php\/2026\/04\/11\/le-coaching-professionnel-accompagne-efficacement-les-transitions-de-carriere\/#Les_Erreurs_Communes_a_Eviter_lors_dune_Transition_de_Carriere\" >Les Erreurs Communes \u00e0 \u00c9viter lors d&rsquo;une Transition de Carri\u00e8re<\/a><ul class='ez-toc-list-level-3' ><li class='ez-toc-heading-level-3'><a class=\"ez-toc-link ez-toc-heading-10\" href=\"https:\/\/www.belgic.eu\/index.php\/2026\/04\/11\/le-coaching-professionnel-accompagne-efficacement-les-transitions-de-carriere\/#Erreur_1_LImpulsivite_sans_Reflexion\" >Erreur 1 : L&rsquo;Impulsivit\u00e9 sans R\u00e9flexion<\/a><\/li><li class='ez-toc-page-1 ez-toc-heading-level-3'><a class=\"ez-toc-link ez-toc-heading-11\" href=\"https:\/\/www.belgic.eu\/index.php\/2026\/04\/11\/le-coaching-professionnel-accompagne-efficacement-les-transitions-de-carriere\/#Erreur_2_LIsolement_et_le_Manque_de_Reseau\" >Erreur 2 : L&rsquo;Isolement et le Manque de R\u00e9seau<\/a><\/li><li class='ez-toc-page-1 ez-toc-heading-level-3'><a class=\"ez-toc-link ez-toc-heading-12\" href=\"https:\/\/www.belgic.eu\/index.php\/2026\/04\/11\/le-coaching-professionnel-accompagne-efficacement-les-transitions-de-carriere\/#Erreur_3_La_Peur_du_Changement_et_lImmobilisme\" >Erreur 3 : La Peur du Changement et l&rsquo;Immobilisme<\/a><\/li><li class='ez-toc-page-1 ez-toc-heading-level-3'><a class=\"ez-toc-link ez-toc-heading-13\" href=\"https:\/\/www.belgic.eu\/index.php\/2026\/04\/11\/le-coaching-professionnel-accompagne-efficacement-les-transitions-de-carriere\/#Erreur_4_Ignorer_ses_Valeurs_et_Aspirations_Fondamentales\" >Erreur 4 : Ignorer ses Valeurs et Aspirations Fondamentales<\/a><\/li><\/ul><\/li><li class='ez-toc-page-1 ez-toc-heading-level-2'><a class=\"ez-toc-link ez-toc-heading-14\" href=\"https:\/\/www.belgic.eu\/index.php\/2026\/04\/11\/le-coaching-professionnel-accompagne-efficacement-les-transitions-de-carriere\/#Conclusion\" >Conclusion<\/a><ul class='ez-toc-list-level-3' ><li class='ez-toc-heading-level-3'><a class=\"ez-toc-link ez-toc-heading-15\" href=\"https:\/\/www.belgic.eu\/index.php\/2026\/04\/11\/le-coaching-professionnel-accompagne-efficacement-les-transitions-de-carriere\/#FAQ_Questions_Frequentes_sur_le_Coaching_de_Carriere\" >FAQ : Questions Fr\u00e9quentes sur le Coaching de Carri\u00e8re<\/a><\/li><li class='ez-toc-page-1 ez-toc-heading-level-3'><a class=\"ez-toc-link ez-toc-heading-16\" href=\"https:\/\/www.belgic.eu\/index.php\/2026\/04\/11\/le-coaching-professionnel-accompagne-efficacement-les-transitions-de-carriere\/#Quand_est-il_temps_denvisager_un_coaching_professionnel_pour_une_transition\" >Quand est-il temps d&rsquo;envisager un coaching professionnel pour une transition ?<\/a><\/li><li class='ez-toc-page-1 ez-toc-heading-level-3'><a class=\"ez-toc-link ez-toc-heading-17\" href=\"https:\/\/www.belgic.eu\/index.php\/2026\/04\/11\/le-coaching-professionnel-accompagne-efficacement-les-transitions-de-carriere\/#Quelle_est_la_duree_moyenne_dun_programme_de_coaching_de_transition\" >Quelle est la dur\u00e9e moyenne d&rsquo;un programme de coaching de transition ?<\/a><\/li><li class='ez-toc-page-1 ez-toc-heading-level-3'><a class=\"ez-toc-link ez-toc-heading-18\" href=\"https:\/\/www.belgic.eu\/index.php\/2026\/04\/11\/le-coaching-professionnel-accompagne-efficacement-les-transitions-de-carriere\/#Le_coaching_professionnel_garantit-il_un_nouvel_emploi\" >Le coaching professionnel garantit-il un nouvel emploi ?<\/a><\/li><li class='ez-toc-page-1 ez-toc-heading-level-3'><a class=\"ez-toc-link ez-toc-heading-19\" href=\"https:\/\/www.belgic.eu\/index.php\/2026\/04\/11\/le-coaching-professionnel-accompagne-efficacement-les-transitions-de-carriere\/#Comment_choisir_le_bon_coach_pour_ma_transition\" >Comment choisir le bon coach pour ma transition ?<\/a><\/li><li class='ez-toc-page-1 ez-toc-heading-level-3'><a class=\"ez-toc-link ez-toc-heading-20\" href=\"https:\/\/www.belgic.eu\/index.php\/2026\/04\/11\/le-coaching-professionnel-accompagne-efficacement-les-transitions-de-carriere\/#Le_coaching_est-il_uniquement_pour_les_personnes_en_situation_de_crise\" >Le coaching est-il uniquement pour les personnes en situation de crise ?<\/a><\/li><\/ul><\/li><\/ul><\/nav><\/div>\n<h2><span class=\"ez-toc-section\" id=\"Comprendre_la_Tension_Pourquoi_les_transitions_de_carriere_echouent-elles_souvent\"><\/span>Comprendre la Tension : Pourquoi les transitions de carri\u00e8re \u00e9chouent-elles souvent ?<span class=\"ez-toc-section-end\"><\/span><\/h2>\n<p>La perspective d&rsquo;une transition de carri\u00e8re, qu&rsquo;elle soit choisie ou subie, g\u00e9n\u00e8re souvent une tension palpable. Il ne s&rsquo;agit pas seulement de changer d&rsquo;entreprise ou de poste, mais d&rsquo;une profonde <a href=\"https:\/\/www.belgic.eu\/index.php\/2026\/02\/16\/la-technologie-permet-de-transformer-des-marches-traditionnels-etablis\/\">transformation<\/a> identitaire et professionnelle. Les \u00e9checs observ\u00e9s, lors de mes ann\u00e9es de pratique en accompagnement, sont rarement dus \u00e0 un manque de comp\u00e9tences techniques, mais plut\u00f4t \u00e0 une absence de m\u00e9thode, \u00e0 des peurs paralysantes ou \u00e0 une mauvaise compr\u00e9hension de soi. L&rsquo;isolement, le manque de vision claire, et la difficult\u00e9 \u00e0 naviguer dans l&rsquo;incertitude sont des facteurs pr\u00e9dominants qui conduisent \u00e0 l&rsquo;abandon ou \u00e0 des choix regrettables. Le sentiment d&rsquo;\u00eatre submerg\u00e9 par les possibilit\u00e9s ou, \u00e0 l&rsquo;inverse, de ne voir aucune porte s&rsquo;ouvrir, cr\u00e9e un cycle de doute. Sans un cadre externe pour structurer la r\u00e9flexion et l&rsquo;action, de nombreux individus se contentent de r\u00e9pliquer des sch\u00e9mas pass\u00e9s, \u00e9chouant ainsi \u00e0 capitaliser sur le potentiel de <a href=\"https:\/\/www.belgic.eu\/index.php\/2026\/03\/03\/preparer-les-documents-pour-renouveler-une-carte-didentite-perimee\/\">renouvellement<\/a> qu&rsquo;offre une transition.<\/p>\n<h2><span class=\"ez-toc-section\" id=\"Le_Cadre_dAnalyse_des_Transitions_Structurees_CATS_Votre_boussole_strategique\"><\/span>Le Cadre d&rsquo;Analyse des Transitions Structur\u00e9es (CATS) : Votre boussole strat\u00e9gique<span class=\"ez-toc-section-end\"><\/span><\/h2>\n<p>Pour contrer les pi\u00e8ges des transitions et maximiser vos chances de succ\u00e8s, nous avons d\u00e9velopp\u00e9 le Cadre d&rsquo;Analyse des Transitions Structur\u00e9es (CATS). Cette approche, fruit de nombreuses observations de terrain, permet de d\u00e9composer la complexit\u00e9 d&rsquo;un changement professionnel en \u00e9tapes claires et actionnables. Elle est con\u00e7ue pour transformer l&rsquo;intuition en strat\u00e9gie mesurable et vous \u00e9quiper des outils n\u00e9cessaires pour piloter votre \u00e9volution avec confiance et r\u00e9silience. Le CATS repose sur un principe simple : la clart\u00e9 pr\u00e9c\u00e8de l&rsquo;action efficace. Il s&rsquo;agit de b\u00e2tir votre transition sur des fondations solides et une compr\u00e9hension profonde de vos aspirations, de vos forces et des r\u00e9alit\u00e9s du march\u00e9.<\/p>\n<h3><span class=\"ez-toc-section\" id=\"Etape_1_LAuto-Evaluation_Profonde_Clarifier_le_%C2%AB_Qui_suis-je_%C2%BB\"><\/span>\u00c9tape 1 : L&rsquo;Auto-\u00c9valuation Profonde (Clarifier le \u00ab\u00a0Qui suis-je ?\u00a0\u00bb)<span class=\"ez-toc-section-end\"><\/span><\/h3>\n<p>La premi\u00e8re phase du CATS est un voyage introspectif essentiel. Il ne s&rsquo;agit pas de lister vos comp\u00e9tences techniques, mais d&rsquo;explorer en profondeur vos valeurs, vos motivations intrins\u00e8ques, vos int\u00e9r\u00eats r\u00e9els et vos aspirations oubli\u00e9es. Cette \u00e9tape permet de distinguer ce qui est r\u00e9ellement important pour vous de ce qui rel\u00e8ve des attentes ext\u00e9rieures ou des automatismes. Par exemple, j&rsquo;ai accompagn\u00e9 un cadre sup\u00e9rieur qui, apr\u00e8s des ann\u00e9es dans la finance, pensait vouloir un poste \u00e0 plus haute <a href=\"https:\/\/www.belgic.eu\/index.php\/2026\/02\/14\/linfluence-des-attentes-citoyennes-sur-limpact-social-des-entreprises\/\">responsabilit\u00e9<\/a>. Apr\u00e8s une auto-\u00e9valuation approfondie via le CATS, il a r\u00e9alis\u00e9 que sa v\u00e9ritable aspiration \u00e9tait l&rsquo;impact social et qu&rsquo;il tirait plus de satisfaction de la transmission de savoir que de la seule performance financi\u00e8re. Cette prise de conscience a radicalement chang\u00e9 la direction de sa recherche. D&rsquo;apr\u00e8s nos donn\u00e9es, cette clarification initiale est un facteur d\u00e9terminant de satisfaction \u00e0 long terme.<\/p>\n<h3><span class=\"ez-toc-section\" id=\"Etape_2_La_Definition_Visionnaire_Etablir_le_%C2%AB_Ou_vais-je_%C2%BB\"><\/span>\u00c9tape 2 : La D\u00e9finition Visionnaire (\u00c9tablir le \u00ab\u00a0O\u00f9 vais-je ?\u00a0\u00bb)<span class=\"ez-toc-section-end\"><\/span><\/h3>\n<p>Une fois l&rsquo;auto-\u00e9valuation consolid\u00e9e, l&rsquo;\u00e9tape suivante consiste \u00e0 articuler une vision de carri\u00e8re claire et inspirante. Il ne s&rsquo;agit pas d&rsquo;un simple objectif, mais d&rsquo;une projection concr\u00e8te de votre environnement de travail id\u00e9al, des d\u00e9fis que vous souhaitez relever et de l&rsquo;impact que vous aspirez \u00e0 avoir. Cette vision doit \u00eatre formul\u00e9e avec pr\u00e9cision, comme une destination clairement d\u00e9finie. J&rsquo;ai remarqu\u00e9 que beaucoup se lancent dans des recherches d&#8217;emploi sans cette vision, ce qui conduit \u00e0 des candidatures dispers\u00e9es et inefficaces. Un de mes clients, apr\u00e8s avoir d\u00e9fini une vision de \u00ab\u00a0r\u00f4le de facilitateur dans la <a href=\"https:\/\/www.belgic.eu\/index.php\/2026\/03\/28\/limpact-economique-tangible-des-initiatives-vertes-sur-la-prosperite\/\">transition \u00e9cologique<\/a> d&rsquo;une PME\u00a0\u00bb, a pu cibler tr\u00e8s sp\u00e9cifiquement ses recherches, \u00e9vitant ainsi de perdre du temps sur des opportunit\u00e9s non align\u00e9es. Cette \u00e9tape permet de transformer l&rsquo;incertitude en une feuille de route excitante.<\/p>\n<h3><span class=\"ez-toc-section\" id=\"Etape_3_La_Strategie_dAction_Ciblee_Planifier_le_%C2%AB_Comment_y_arriver_%C2%BB\"><\/span>\u00c9tape 3 : La Strat\u00e9gie d&rsquo;Action Cibl\u00e9e (Planifier le \u00ab\u00a0Comment y arriver ?\u00a0\u00bb)<span class=\"ez-toc-section-end\"><\/span><\/h3>\n<p>Avec une vision claire en t\u00eate, la strat\u00e9gie d&rsquo;action se dessine naturellement. Cette \u00e9tape d\u00e9taille les actions concr\u00e8tes n\u00e9cessaires pour atteindre votre objectif. Cela inclut l&rsquo;identification des comp\u00e9tences \u00e0 acqu\u00e9rir ou \u00e0 d\u00e9velopper, la cartographie de votre r\u00e9seau, l&rsquo;\u00e9laboration de votre \u00ab\u00a0narratif de transition\u00a0\u00bb percutant et la pr\u00e9paration \u00e0 des entretiens sp\u00e9cifiques. Par exemple, si votre vision implique un virage sectoriel, il faudra sans doute d\u00e9velopper de nouvelles expertises via des formations courtes ou des projets pro bono. Un ing\u00e9nieur souhaitant devenir chef de projet dans l&rsquo;IA a, par le CATS, identifi\u00e9 un besoin urgent de monter en comp\u00e9tences sur le machine learning et a pu planifier des formations cibl\u00e9es, tout en activant son r\u00e9seau dans ce nouveau domaine. L&rsquo;\u00e9laboration d&rsquo;un plan d&rsquo;action r\u00e9aliste et jalonn\u00e9 est cruciale.<\/p>\n<h3><span class=\"ez-toc-section\" id=\"Etape_4_La_Mise_en_OEuvre_et_lAjustement_Continu_Agir_et_rectifier\"><\/span>\u00c9tape 4 : La Mise en \u0152uvre et l&rsquo;Ajustement Continu (Agir et rectifier)<span class=\"ez-toc-section-end\"><\/span><\/h3>\n<p>La meilleure des strat\u00e9gies reste inefficace sans une ex\u00e9cution rigoureuse et la capacit\u00e9 \u00e0 s&rsquo;adapter. Cette derni\u00e8re \u00e9tape du CATS se concentre sur l&rsquo;impl\u00e9mentation du plan d&rsquo;action, le suivi des progr\u00e8s et la capacit\u00e9 \u00e0 ajuster le cap face aux impr\u00e9vus. Le coaching professionnel joue ici un r\u00f4le d&rsquo;accountability et de soutien, aidant \u00e0 maintenir la motivation, \u00e0 surmonter les obstacles et \u00e0 analyser les retours d&rsquo;exp\u00e9rience. Par exemple, apr\u00e8s plusieurs entretiens infructueux, une cliente a pu, gr\u00e2ce \u00e0 l&rsquo;analyse de son coach, identifier un manque de confiance dans la pr\u00e9sentation de son parcours atypique. Ensemble, ils ont retravaill\u00e9 son discours, renfor\u00e7ant sa capacit\u00e9 \u00e0 valoriser ses exp\u00e9riences uniques. La flexibilit\u00e9 est la cl\u00e9 : le march\u00e9 \u00e9volue, vos besoins aussi, et le CATS int\u00e8gre cette dynamique d&rsquo;apprentissage continu.<\/p>\n<h2><span class=\"ez-toc-section\" id=\"Coaching_Professionnel_vs_Autre_Accompagnement_Un_choix_eclaire\"><\/span>Coaching Professionnel vs. Autre Accompagnement : Un <a href=\"https:\/\/www.belgic.eu\/index.php\/2026\/02\/23\/les-erreurs-courantes-lors-de-lachat-dun-appareil-fitness-connecte\/\">choix \u00e9clair\u00e9<\/a><span class=\"ez-toc-section-end\"><\/span><\/h2>\n<p>Face \u00e0 une transition de carri\u00e8re, plusieurs formes d&rsquo;accompagnement existent. Il est crucial de comprendre la sp\u00e9cificit\u00e9 de chacun pour faire le choix le plus pertinent. Mon exp\u00e9rience m&rsquo;a montr\u00e9 que la confusion entre ces approches peut freiner l&rsquo;efficacit\u00e9 de la d\u00e9marche. Le coaching professionnel se distingue par son approche orient\u00e9e solution, sa neutralit\u00e9 et l&rsquo;autonomie qu&rsquo;il vise \u00e0 d\u00e9velopper chez le coach\u00e9. Il ne s&rsquo;agit pas de conseil direct ou de th\u00e9rapie, mais d&rsquo;un processus structur\u00e9 qui maximise votre potentiel de d\u00e9cision et d&rsquo;action.<\/p>\n<table>\n<thead>\n<tr>\n<th>Caract\u00e9ristique Cl\u00e9<\/th>\n<th>Coaching Professionnel (Approche CATS)<\/th>\n<th>Bilan de Comp\u00e9tences Standard<\/th>\n<th>Mentorat<\/th>\n<th>Conseil en Recrutement<\/th>\n<\/tr>\n<\/thead>\n<tbody>\n<tr>\n<td>Objectif Principal<\/td>\n<td><a href=\"https:\/\/www.belgic.eu\/index.php\/2026\/02\/26\/lequilibre-de-la-souverainete-economique-dans-lunion-europeenne\/\">Autonomie strat\u00e9gique<\/a>, r\u00e9alisation de la vision.<\/td>\n<td>Identification des aptitudes, validation de projet.<\/td>\n<td>Partage d&rsquo;exp\u00e9rience, inspiration.<\/td>\n<td>Placement sur des postes existants.<\/td>\n<\/tr>\n<tr>\n<td>M\u00e9thodologie<\/td>\n<td>Questionnement, outils de r\u00e9flexion, plan d&rsquo;action.<\/td>\n<td>Tests psychotechniques, entretiens structur\u00e9s.<\/td>\n<td>R\u00e9cits d&rsquo;exp\u00e9riences, \u00e9coute active.<\/td>\n<td>Analyse CV, pr\u00e9paration entretiens cibl\u00e9e.<\/td>\n<\/tr>\n<tr>\n<td>Relation<\/td>\n<td>\u00c9galitaire, neutre, focalis\u00e9e sur le futur.<\/td>\n<td>\u00c9valuative, orient\u00e9e vers l&rsquo;inventaire.<\/td>\n<td>Hi\u00e9rarchique, conseil bas\u00e9 sur l&rsquo;exp\u00e9rience.<\/td>\n<td>Commerciale, orient\u00e9e matching poste\/profil.<\/td>\n<\/tr>\n<tr>\n<td>B\u00e9n\u00e9fice CATS<\/td>\n<td><a href=\"https:\/\/www.belgic.eu\/index.php\/2026\/03\/21\/les-jeux-educatifs-ameliorent-la-concentration-et-lengagement-cognitif\/\">D\u00e9veloppement<\/a> de la capacit\u00e9 \u00e0 \u00ab\u00a0naviguer\u00a0\u00bb toutes transitions.<\/td>\n<td>Pr\u00e9cision sur l&rsquo;existant.<\/td>\n<td>Inspiration pour une direction.<\/td>\n<td>Acc\u00e8s facilit\u00e9 \u00e0 des opportunit\u00e9s sp\u00e9cifiques.<\/td>\n<\/tr>\n<\/tbody>\n<\/table>\n<h2>Le coaching professionnel accompagne efficacement les transitions de carri\u00e8re : Un <a href=\"https:\/\/www.belgic.eu\/index.php\/2026\/02\/05\/le-marche-immobilier-ancien-evolue-differemment-du-neuf\/\">investissement<\/a> strat\u00e9gique pour l&rsquo;avenir<\/h2>\n<p>L&rsquo;accompagnement d&rsquo;un coach professionnel n&rsquo;est pas une simple d\u00e9pense, mais un investissement strat\u00e9gique dans votre capital humain et votre bien-\u00eatre futur. Au-del\u00e0 des b\u00e9n\u00e9fices imm\u00e9diats d&rsquo;une transition r\u00e9ussie, un coaching de qualit\u00e9 vous \u00e9quipe de comp\u00e9tences durables : une meilleure connaissance de soi, une capacit\u00e9 accrue \u00e0 prendre des d\u00e9cisions \u00e9clair\u00e9es, une r\u00e9silience face au changement et une agilit\u00e9 pour vous adapter aux \u00e9volutions futures du <a href=\"https:\/\/www.belgic.eu\/index.php\/2026\/02\/02\/les-implications-financieres-dune-natalite-en-baisse-pour-les-nations\/\">march\u00e9 du travail<\/a>. Le coaching professionnel offre un espace s\u00e9curis\u00e9 et confidentiel pour explorer vos doutes, valider vos intuitions et structurer votre d\u00e9marche sans jugement. J&rsquo;ai constat\u00e9 que les personnes accompagn\u00e9es non seulement atteignent leurs objectifs plus rapidement, mais d\u00e9veloppent \u00e9galement une plus grande confiance en leur capacit\u00e9 \u00e0 g\u00e9rer leurs carri\u00e8res futures de mani\u00e8re autonome. C&rsquo;est la valeur ajout\u00e9e tangible d&rsquo;un accompagnement expert, qui d\u00e9passe largement la simple assistance ponctuelle pour b\u00e2tir une r\u00e9elle souverainet\u00e9 professionnelle.<\/p>\n<h2><span class=\"ez-toc-section\" id=\"Les_Erreurs_Communes_a_Eviter_lors_dune_Transition_de_Carriere\"><\/span>Les Erreurs Communes \u00e0 \u00c9viter lors d&rsquo;une Transition de Carri\u00e8re<span class=\"ez-toc-section-end\"><\/span><\/h2>\n<p>Naviguer une transition de carri\u00e8re est un processus complexe, et certaines erreurs sont fr\u00e9quemment rencontr\u00e9es. Identifier ces pi\u00e8ges permet de les contourner avec l&rsquo;aide d&rsquo;un coach.<\/p>\n<h3><span class=\"ez-toc-section\" id=\"Erreur_1_LImpulsivite_sans_Reflexion\"><\/span>Erreur 1 : L&rsquo;Impulsivit\u00e9 sans R\u00e9flexion<span class=\"ez-toc-section-end\"><\/span><\/h3>\n<p><strong>Ce qui le cause :<\/strong> Un ras-le-bol professionnel, une insatisfaction intense ou la recherche d&rsquo;une \u00e9chappatoire rapide.<br \/>\n<strong>Ce qui se passe :<\/strong> Les d\u00e9cisions sont prises sous le coup de l&rsquo;\u00e9motion, sans analyse profonde des cons\u00e9quences ou sans alignement avec des objectifs \u00e0 long terme. Souvent, cela m\u00e8ne \u00e0 reproduire les m\u00eames sch\u00e9mas dans un nouvel environnement, ou \u00e0 des regrets.<br \/>\n<strong>Comment y rem\u00e9dier :<\/strong> Le Cadre CATS insiste sur l&rsquo;auto-\u00e9valuation et la d\u00e9finition visionnaire avant toute action concr\u00e8te. Un coach aide \u00e0 temporiser, \u00e0 structurer la pens\u00e9e et \u00e0 prendre du recul \u00e9motionnel pour des choix fond\u00e9s.<\/p>\n<h3><span class=\"ez-toc-section\" id=\"Erreur_2_LIsolement_et_le_Manque_de_Reseau\"><\/span>Erreur 2 : L&rsquo;Isolement et le Manque de R\u00e9seau<span class=\"ez-toc-section-end\"><\/span><\/h3>\n<p><strong>Ce qui le cause :<\/strong> La pudeur, la peur du jugement, le sentiment de ne pas vouloir \u00ab\u00a0d\u00e9ranger\u00a0\u00bb son entourage ou un manque de m\u00e9thode pour activer son r\u00e9seau.<br \/>\n<strong>Ce qui se passe :<\/strong> La personne se prive d&rsquo;informations cruciales sur le march\u00e9, de conseils pr\u00e9cieux et d&rsquo;opportunit\u00e9s cach\u00e9es. La recherche d&#8217;emploi devient une t\u00e2che solitaire et d\u00e9courageante, souvent sans r\u00e9sultats probants.<br \/>\n<strong>Comment y rem\u00e9dier :<\/strong> Un coach professionnel guide sur les strat\u00e9gies de networking, aide \u00e0 formuler un message percutant et encourage \u00e0 sortir de sa zone de confort. D&rsquo;apr\u00e8s mes observations, l&rsquo;activation cibl\u00e9e du r\u00e9seau est l&rsquo;un des leviers les plus puissants.<\/p>\n<h3><span class=\"ez-toc-section\" id=\"Erreur_3_La_Peur_du_Changement_et_lImmobilisme\"><\/span>Erreur 3 : La Peur du Changement et l&rsquo;Immobilisme<span class=\"ez-toc-section-end\"><\/span><\/h3>\n<p><strong>Ce qui le cause :<\/strong> L&rsquo;attachement \u00e0 la zone de confort, m\u00eame si elle est insatisfaisante, la peur de l&rsquo;inconnu, du jugement ou de l&rsquo;\u00e9chec. C&rsquo;est une force puissante qui nous pousse \u00e0 rester dans le statu quo.<br \/>\n<strong>Ce qui se passe :<\/strong> La personne reste dans une situation professionnelle qui ne lui convient plus, g\u00e9n\u00e9rant frustration, perte de motivation et parfois burn-out. L&rsquo;inaction est une d\u00e9cision en soi, souvent lourde de cons\u00e9quences.<br \/>\n<strong>Comment y rem\u00e9dier :<\/strong> Le coaching explore ces peurs, les d\u00e9construit et propose des strat\u00e9gies de petits pas pour regagner confiance. Le coach agit comme un partenaire qui aide \u00e0 visualiser les b\u00e9n\u00e9fices du changement et \u00e0 d\u00e9samorcer l&rsquo;anxi\u00e9t\u00e9 li\u00e9e \u00e0 l&rsquo;incertitude.<\/p>\n<h3><span class=\"ez-toc-section\" id=\"Erreur_4_Ignorer_ses_Valeurs_et_Aspirations_Fondamentales\"><\/span>Erreur 4 : Ignorer ses Valeurs et Aspirations Fondamentales<span class=\"ez-toc-section-end\"><\/span><\/h3>\n<p><strong>Ce qui le cause :<\/strong> La pression sociale, les attentes familiales, la poursuite de crit\u00e8res purement extrins\u00e8ques (salaire, titre) au d\u00e9triment de l&rsquo;\u00e9panouissement personnel.<br \/>\n<strong>Ce qui se passe :<\/strong> M\u00eame si la transition aboutit \u00e0 un poste valorisant socialement, l&rsquo;individu se retrouve rapidement insatisfait, d\u00e9connect\u00e9 de ses motivations profondes, et le cycle de l&rsquo;insatisfaction reprend.<br \/>\n<strong>Comment y rem\u00e9dier :<\/strong> L&rsquo;\u00e9tape d&rsquo;auto-\u00e9valuation profonde du CATS est sp\u00e9cifiquement con\u00e7ue pour \u00e9viter cet \u00e9cueil. Le coach travaille \u00e0 identifier les valeurs et aspirations cl\u00e9s, assurant que toute d\u00e9cision de carri\u00e8re soit en totale harmonie avec l&rsquo;identit\u00e9 du coach\u00e9. C&rsquo;est une garantie d&rsquo;\u00e9panouissement \u00e0 long terme.<\/p>\n<h2><span class=\"ez-toc-section\" id=\"Conclusion\"><\/span>Conclusion<span class=\"ez-toc-section-end\"><\/span><\/h2>\n<p>Les transitions de carri\u00e8re, loin d&rsquo;\u00eatre de simples ruptures, sont des opportunit\u00e9s de red\u00e9finir son parcours professionnel et personnel. L&rsquo;incertitude et la complexit\u00e9 inh\u00e9rentes \u00e0 ces p\u00e9riodes peuvent sembler intimidantes, mais elles sont aussi des terrains fertiles pour une croissance significative. Le coaching professionnel, et sp\u00e9cifiquement l&rsquo;application d&rsquo;une m\u00e9thode comme le Cadre d&rsquo;Analyse des Transitions Structur\u00e9es (CATS), offre une approche structur\u00e9e et un accompagnement humain indispensable. Il ne s&rsquo;agit pas de trouver \u00ab\u00a0le\u00a0\u00bb travail id\u00e9al, mais de d\u00e9velopper la capacit\u00e9 \u00e0 construire et \u00e0 s&rsquo;adapter \u00e0 une carri\u00e8re qui a du sens pour vous, en vous \u00e9quipant des outils pour naviguer avec succ\u00e8s tous les changements futurs. Investir dans un accompagnement professionnel, c&rsquo;est choisir de transformer la navigation \u00e0 vue en pilotage strat\u00e9gique de votre avenir.<\/p>\n<h3><span class=\"ez-toc-section\" id=\"FAQ_Questions_Frequentes_sur_le_Coaching_de_Carriere\"><\/span>FAQ : Questions Fr\u00e9quentes sur le Coaching de Carri\u00e8re<span class=\"ez-toc-section-end\"><\/span><\/h3>\n<h3><span class=\"ez-toc-section\" id=\"Quand_est-il_temps_denvisager_un_coaching_professionnel_pour_une_transition\"><\/span>Quand est-il temps d&rsquo;envisager un coaching professionnel pour une transition ?<span class=\"ez-toc-section-end\"><\/span><\/h3>\n<p>Il est temps d&rsquo;envisager un coaching lorsque vous ressentez une insatisfaction durable, un manque de direction claire, ou si vous vous sentez bloqu\u00e9 face \u00e0 un changement professionnel majeur. D\u00e8s que la confusion ou l&rsquo;h\u00e9sitation domine votre r\u00e9flexion sur l&rsquo;avenir de votre carri\u00e8re, un coach peut apporter la clart\u00e9 n\u00e9cessaire.<\/p>\n<h3><span class=\"ez-toc-section\" id=\"Quelle_est_la_duree_moyenne_dun_programme_de_coaching_de_transition\"><\/span>Quelle est la dur\u00e9e moyenne d&rsquo;un programme de coaching de transition ?<span class=\"ez-toc-section-end\"><\/span><\/h3>\n<p>La dur\u00e9e varie selon les individus et la complexit\u00e9 de la transition. En g\u00e9n\u00e9ral, un programme s&rsquo;\u00e9tend sur 3 \u00e0 6 mois, avec des s\u00e9ances bi-hebdomadaires ou mensuelles. Cela permet d&rsquo;int\u00e9grer les apprentissages et de mettre en \u0153uvre les actions d\u00e9finies progressivement.<\/p>\n<h3><span class=\"ez-toc-section\" id=\"Le_coaching_professionnel_garantit-il_un_nouvel_emploi\"><\/span>Le coaching professionnel garantit-il un nouvel emploi ?<span class=\"ez-toc-section-end\"><\/span><\/h3>\n<p>Le coaching professionnel ne garantit pas directement un emploi sp\u00e9cifique. Il garantit en revanche un accompagnement m\u00e9thodologique, une meilleure connaissance de soi et le d\u00e9veloppement d&rsquo;une strat\u00e9gie de recherche et de positionnement optimale, augmentant consid\u00e9rablement vos chances de trouver un poste align\u00e9 avec vos aspirations.<\/p>\n<h3><span class=\"ez-toc-section\" id=\"Comment_choisir_le_bon_coach_pour_ma_transition\"><\/span>Comment choisir le bon coach pour ma transition ?<span class=\"ez-toc-section-end\"><\/span><\/h3>\n<p>Choisissez un coach certifi\u00e9, avec une exp\u00e9rience av\u00e9r\u00e9e dans les transitions de carri\u00e8re. La chimie personnelle est \u00e9galement essentielle : assurez-vous de vous sentir \u00e0 l&rsquo;aise, \u00e9cout\u00e9 et en confiance lors des premiers \u00e9changes pour une collaboration efficace.<\/p>\n<h3><span class=\"ez-toc-section\" id=\"Le_coaching_est-il_uniquement_pour_les_personnes_en_situation_de_crise\"><\/span>Le coaching est-il uniquement pour les personnes en situation de crise ?<span class=\"ez-toc-section-end\"><\/span><\/h3>\n<p>Absolument pas. Le coaching est aussi pertinent pour des professionnels souhaitant anticiper un changement, optimiser une \u00e9volution interne, ou simplement donner une nouvelle impulsion \u00e0 leur carri\u00e8re avant m\u00eame l&rsquo;apparition d&rsquo;une crise.<\/p>\n","protected":false},"excerpt":{"rendered":"<p> &#8230; <a title=\"Le coaching professionnel accompagne efficacement les transitions de carri\u00e8re\" class=\"read-more\" href=\"https:\/\/www.belgic.eu\/index.php\/2026\/04\/11\/le-coaching-professionnel-accompagne-efficacement-les-transitions-de-carriere\/\" aria-label=\"En savoir plus sur Le coaching professionnel accompagne efficacement les transitions de carri\u00e8re\">Lire plus<\/a><\/p>\n","protected":false},"author":3,"featured_media":170,"comment_status":"open","ping_status":"open","sticky":false,"template":"","format":"standard","meta":{"fifu_image_url":"","fifu_image_alt":"","footnotes":""},"categories":[692],"tags":[843,306,831,845,844,846,730,842],"class_list":["post-197","post","type-post","status-publish","format-standard","has-post-thumbnail","hentry","category-education-transmission","tag-accompagnement-pro","tag-carriere","tag-coaching","tag-evolution-emploi","tag-gestion-changement","tag-reorientation-active","tag-succes","tag-transition","resize-featured-image"],"_links":{"self":[{"href":"https:\/\/www.belgic.eu\/index.php\/wp-json\/wp\/v2\/posts\/197","targetHints":{"allow":["GET"]}}],"collection":[{"href":"https:\/\/www.belgic.eu\/index.php\/wp-json\/wp\/v2\/posts"}],"about":[{"href":"https:\/\/www.belgic.eu\/index.php\/wp-json\/wp\/v2\/types\/post"}],"author":[{"embeddable":true,"href":"https:\/\/www.belgic.eu\/index.php\/wp-json\/wp\/v2\/users\/3"}],"replies":[{"embeddable":true,"href":"https:\/\/www.belgic.eu\/index.php\/wp-json\/wp\/v2\/comments?post=197"}],"version-history":[{"count":1,"href":"https:\/\/www.belgic.eu\/index.php\/wp-json\/wp\/v2\/posts\/197\/revisions"}],"predecessor-version":[{"id":1447,"href":"https:\/\/www.belgic.eu\/index.php\/wp-json\/wp\/v2\/posts\/197\/revisions\/1447"}],"wp:featuredmedia":[{"embeddable":true,"href":"https:\/\/www.belgic.eu\/index.php\/wp-json\/wp\/v2\/media\/170"}],"wp:attachment":[{"href":"https:\/\/www.belgic.eu\/index.php\/wp-json\/wp\/v2\/media?parent=197"}],"wp:term":[{"taxonomy":"category","embeddable":true,"href":"https:\/\/www.belgic.eu\/index.php\/wp-json\/wp\/v2\/categories?post=197"},{"taxonomy":"post_tag","embeddable":true,"href":"https:\/\/www.belgic.eu\/index.php\/wp-json\/wp\/v2\/tags?post=197"}],"curies":[{"name":"wp","href":"https:\/\/api.w.org\/{rel}","templated":true}]}}