{"id":195,"date":"2026-04-05T20:18:35","date_gmt":"2026-04-05T20:18:35","guid":{"rendered":"https:\/\/www.belgic.eu\/?p=195"},"modified":"2026-04-05T20:18:35","modified_gmt":"2026-04-05T20:18:35","slug":"le-coaching-aide-a-construire-un-equilibre-entre-vie-professionnelle-et-personnelle","status":"publish","type":"post","link":"https:\/\/www.belgic.eu\/index.php\/2026\/04\/05\/le-coaching-aide-a-construire-un-equilibre-entre-vie-professionnelle-et-personnelle\/","title":{"rendered":"Le coaching aide \u00e0 construire un \u00e9quilibre entre vie professionnelle et personnelle"},"content":{"rendered":"<p>Le d\u00e9s\u00e9quilibre entre vie professionnelle et personnelle est une r\u00e9alit\u00e9 accablante pour beaucoup, entra\u00eenant stress, \u00e9puisement et une perte de sens. Le coaching se positionne comme un levier puissant pour y rem\u00e9dier, offrant une m\u00e9thodologie structur\u00e9e pour identifier les d\u00e9s\u00e9quilibres, clarifier les priorit\u00e9s et mettre en \u0153uvre des strat\u00e9gies efficaces. Il s&rsquo;agit d&rsquo;un <a href=\"https:\/\/www.belgic.eu\/index.php\/2026\/03\/14\/le-soutien-public-pour-linternationalisation-des-startups-innovantes\/\">accompagnement<\/a> personnalis\u00e9 qui permet de d\u00e9velopper l&rsquo;autonomie n\u00e9cessaire \u00e0 une gestion harmonieuse de son temps et de son \u00e9nergie, en alignant ses actions avec ses valeurs profondes. En d\u00e9finitive, le coaching aide \u00e0 construire un \u00e9quilibre entre vie professionnelle et personnelle en offrant les outils et le cadre de r\u00e9flexion indispensables pour transformer les intentions en actions concr\u00e8tes et durables.<\/p>\n<div id=\"ez-toc-container\" class=\"ez-toc-v2_0_80 counter-hierarchy ez-toc-counter ez-toc-grey ez-toc-container-direction\">\n<div class=\"ez-toc-title-container\">\n<p class=\"ez-toc-title\" style=\"cursor:inherit\">Table of Contents<\/p>\n<span class=\"ez-toc-title-toggle\"><a href=\"#\" class=\"ez-toc-pull-right ez-toc-btn ez-toc-btn-xs ez-toc-btn-default ez-toc-toggle\" aria-label=\"Toggle Table of Content\"><span class=\"ez-toc-js-icon-con\"><span class=\"\"><span class=\"eztoc-hide\" style=\"display:none;\">Toggle<\/span><span class=\"ez-toc-icon-toggle-span\"><svg style=\"fill: #999;color:#999\" xmlns=\"http:\/\/www.w3.org\/2000\/svg\" class=\"list-377408\" width=\"20px\" height=\"20px\" viewBox=\"0 0 24 24\" fill=\"none\"><path d=\"M6 6H4v2h2V6zm14 0H8v2h12V6zM4 11h2v2H4v-2zm16 0H8v2h12v-2zM4 16h2v2H4v-2zm16 0H8v2h12v-2z\" fill=\"currentColor\"><\/path><\/svg><svg style=\"fill: #999;color:#999\" class=\"arrow-unsorted-368013\" xmlns=\"http:\/\/www.w3.org\/2000\/svg\" width=\"10px\" height=\"10px\" viewBox=\"0 0 24 24\" version=\"1.2\" baseProfile=\"tiny\"><path d=\"M18.2 9.3l-6.2-6.3-6.2 6.3c-.2.2-.3.4-.3.7s.1.5.3.7c.2.2.4.3.7.3h11c.3 0 .5-.1.7-.3.2-.2.3-.5.3-.7s-.1-.5-.3-.7zM5.8 14.7l6.2 6.3 6.2-6.3c.2-.2.3-.5.3-.7s-.1-.5-.3-.7c-.2-.2-.4-.3-.7-.3h-11c-.3 0-.5.1-.7.3-.2.2-.3.5-.3.7s.1.5.3.7z\"\/><\/svg><\/span><\/span><\/span><\/a><\/span><\/div>\n<nav><ul class='ez-toc-list ez-toc-list-level-1 ' ><li class='ez-toc-page-1 ez-toc-heading-level-2'><a class=\"ez-toc-link ez-toc-heading-1\" href=\"https:\/\/www.belgic.eu\/index.php\/2026\/04\/05\/le-coaching-aide-a-construire-un-equilibre-entre-vie-professionnelle-et-personnelle\/#Le_Mythe_de_lEquilibre_Parfait_Introduction_a_la_Methode_SYNERGIE_Pro-Perso\" >Le Mythe de l&rsquo;\u00c9quilibre Parfait : Introduction \u00e0 la M\u00e9thode SYNERGIE Pro-Perso<\/a><ul class='ez-toc-list-level-3' ><li class='ez-toc-heading-level-3'><a class=\"ez-toc-link ez-toc-heading-2\" href=\"https:\/\/www.belgic.eu\/index.php\/2026\/04\/05\/le-coaching-aide-a-construire-un-equilibre-entre-vie-professionnelle-et-personnelle\/#Etape_1_Cartographier_Vos_Spheres_de_Vie_Actuelles\" >\u00c9tape 1 : Cartographier Vos Sph\u00e8res de Vie Actuelles<\/a><\/li><li class='ez-toc-page-1 ez-toc-heading-level-3'><a class=\"ez-toc-link ez-toc-heading-3\" href=\"https:\/\/www.belgic.eu\/index.php\/2026\/04\/05\/le-coaching-aide-a-construire-un-equilibre-entre-vie-professionnelle-et-personnelle\/#Etape_2_Clarifier_Vos_Valeurs_et_Definir_Vos_Priorites\" >\u00c9tape 2 : Clarifier Vos Valeurs et D\u00e9finir Vos Priorit\u00e9s<\/a><\/li><li class='ez-toc-page-1 ez-toc-heading-level-3'><a class=\"ez-toc-link ez-toc-heading-4\" href=\"https:\/\/www.belgic.eu\/index.php\/2026\/04\/05\/le-coaching-aide-a-construire-un-equilibre-entre-vie-professionnelle-et-personnelle\/#Etape_3_Etablir_des_Limites_Claires_et_Negocier\" >\u00c9tape 3 : \u00c9tablir des Limites Claires et N\u00e9gocier<\/a><\/li><li class='ez-toc-page-1 ez-toc-heading-level-3'><a class=\"ez-toc-link ez-toc-heading-5\" href=\"https:\/\/www.belgic.eu\/index.php\/2026\/04\/05\/le-coaching-aide-a-construire-un-equilibre-entre-vie-professionnelle-et-personnelle\/#Etape_4_Optimiser_la_Gestion_de_Votre_Energie_Pas_Seulement_de_Votre_Temps\" >\u00c9tape 4 : Optimiser la Gestion de Votre \u00c9nergie, Pas Seulement de Votre Temps<\/a><\/li><li class='ez-toc-page-1 ez-toc-heading-level-3'><a class=\"ez-toc-link ez-toc-heading-6\" href=\"https:\/\/www.belgic.eu\/index.php\/2026\/04\/05\/le-coaching-aide-a-construire-un-equilibre-entre-vie-professionnelle-et-personnelle\/#Etape_5_Developper_la_Flexibilite_et_la_Resilience\" >\u00c9tape 5 : D\u00e9velopper la Flexibilit\u00e9 et la R\u00e9silience<\/a><\/li><\/ul><\/li><li class='ez-toc-page-1 ez-toc-heading-level-2'><a class=\"ez-toc-link ez-toc-heading-7\" href=\"https:\/\/www.belgic.eu\/index.php\/2026\/04\/05\/le-coaching-aide-a-construire-un-equilibre-entre-vie-professionnelle-et-personnelle\/#Le_coaching_aide_a_construire_un_equilibre_entre_vie_professionnelle_et_personnelle_Impacts_et_Benefices\" >Le coaching aide \u00e0 construire un \u00e9quilibre entre vie professionnelle et personnelle : Impacts et B\u00e9n\u00e9fices<\/a><\/li><li class='ez-toc-page-1 ez-toc-heading-level-2'><a class=\"ez-toc-link ez-toc-heading-8\" href=\"https:\/\/www.belgic.eu\/index.php\/2026\/04\/05\/le-coaching-aide-a-construire-un-equilibre-entre-vie-professionnelle-et-personnelle\/#Erreurs_Courantes_et_Pieges_a_Eviter_dans_la_Quete_de_lEquilibre\" >Erreurs Courantes et Pi\u00e8ges \u00e0 \u00c9viter dans la Qu\u00eate de l&rsquo;\u00c9quilibre<\/a><ul class='ez-toc-list-level-3' ><li class='ez-toc-heading-level-3'><a class=\"ez-toc-link ez-toc-heading-9\" href=\"https:\/\/www.belgic.eu\/index.php\/2026\/04\/05\/le-coaching-aide-a-construire-un-equilibre-entre-vie-professionnelle-et-personnelle\/#Erreur_1_Attendre_que_lEquilibre_Arrive_Naturellement\" >Erreur 1 : Attendre que l&rsquo;\u00c9quilibre Arrive Naturellement<\/a><\/li><li class='ez-toc-page-1 ez-toc-heading-level-3'><a class=\"ez-toc-link ez-toc-heading-10\" href=\"https:\/\/www.belgic.eu\/index.php\/2026\/04\/05\/le-coaching-aide-a-construire-un-equilibre-entre-vie-professionnelle-et-personnelle\/#Erreur_2_Confondre_Quantite_de_Temps_et_Qualite_de_Presence\" >Erreur 2 : Confondre Quantit\u00e9 de Temps et Qualit\u00e9 de Pr\u00e9sence<\/a><\/li><li class='ez-toc-page-1 ez-toc-heading-level-3'><a class=\"ez-toc-link ez-toc-heading-11\" href=\"https:\/\/www.belgic.eu\/index.php\/2026\/04\/05\/le-coaching-aide-a-construire-un-equilibre-entre-vie-professionnelle-et-personnelle\/#Erreur_3_Negliger_les_Petites_Actions_Quotidiennes_au_Profit_de_Grands_Changements\" >Erreur 3 : N\u00e9gliger les Petites Actions Quotidiennes au Profit de Grands Changements<\/a><\/li><li class='ez-toc-page-1 ez-toc-heading-level-3'><a class=\"ez-toc-link ez-toc-heading-12\" href=\"https:\/\/www.belgic.eu\/index.php\/2026\/04\/05\/le-coaching-aide-a-construire-un-equilibre-entre-vie-professionnelle-et-personnelle\/#Erreur_4_Se_Comparer_Constantement_aux_Autres\" >Erreur 4 : Se Comparer Constantement aux Autres<\/a><\/li><\/ul><\/li><li class='ez-toc-page-1 ez-toc-heading-level-2'><a class=\"ez-toc-link ez-toc-heading-13\" href=\"https:\/\/www.belgic.eu\/index.php\/2026\/04\/05\/le-coaching-aide-a-construire-un-equilibre-entre-vie-professionnelle-et-personnelle\/#Un_Equilibre_Durable_une_Vie_Plus_Riche\" >Un \u00c9quilibre Durable, une Vie Plus Riche<\/a><ul class='ez-toc-list-level-3' ><li class='ez-toc-heading-level-3'><a class=\"ez-toc-link ez-toc-heading-14\" href=\"https:\/\/www.belgic.eu\/index.php\/2026\/04\/05\/le-coaching-aide-a-construire-un-equilibre-entre-vie-professionnelle-et-personnelle\/#Questions_Frequentes_sur_le_Coaching_et_lEquilibre_Vie_ProPerso\" >Questions Fr\u00e9quentes sur le Coaching et l&rsquo;\u00c9quilibre Vie Pro\/Perso<\/a><\/li><li class='ez-toc-page-1 ez-toc-heading-level-3'><a class=\"ez-toc-link ez-toc-heading-15\" href=\"https:\/\/www.belgic.eu\/index.php\/2026\/04\/05\/le-coaching-aide-a-construire-un-equilibre-entre-vie-professionnelle-et-personnelle\/#Combien_de_temps_faut-il_pour_voir_des_resultats_concrets_avec_le_coaching\" >Combien de temps faut-il pour voir des r\u00e9sultats concrets avec le coaching ?<\/a><\/li><li class='ez-toc-page-1 ez-toc-heading-level-3'><a class=\"ez-toc-link ez-toc-heading-16\" href=\"https:\/\/www.belgic.eu\/index.php\/2026\/04\/05\/le-coaching-aide-a-construire-un-equilibre-entre-vie-professionnelle-et-personnelle\/#Le_coaching_est-il_uniquement_pour_les_personnes_en_situation_de_burn-out\" >Le coaching est-il uniquement pour les personnes en situation de burn-out ?<\/a><\/li><li class='ez-toc-page-1 ez-toc-heading-level-3'><a class=\"ez-toc-link ez-toc-heading-17\" href=\"https:\/\/www.belgic.eu\/index.php\/2026\/04\/05\/le-coaching-aide-a-construire-un-equilibre-entre-vie-professionnelle-et-personnelle\/#Comment_choisir_le_bon_coach_pour_un_equilibre_vie_properso\" >Comment choisir le bon coach pour un \u00e9quilibre vie pro\/perso ?<\/a><\/li><li class='ez-toc-page-1 ez-toc-heading-level-3'><a class=\"ez-toc-link ez-toc-heading-18\" href=\"https:\/\/www.belgic.eu\/index.php\/2026\/04\/05\/le-coaching-aide-a-construire-un-equilibre-entre-vie-professionnelle-et-personnelle\/#Le_coaching_peut-il_aider_si_mon_employeur_ne_soutient_pas_lequilibre_vie_properso\" >Le coaching peut-il aider si mon employeur ne soutient pas l&rsquo;\u00e9quilibre vie pro\/perso ?<\/a><\/li><li class='ez-toc-page-1 ez-toc-heading-level-3'><a class=\"ez-toc-link ez-toc-heading-19\" href=\"https:\/\/www.belgic.eu\/index.php\/2026\/04\/05\/le-coaching-aide-a-construire-un-equilibre-entre-vie-professionnelle-et-personnelle\/#Quelle_est_la_difference_entre_le_coaching_et_la_therapie_pour_un_desequilibre\" >Quelle est la diff\u00e9rence entre le coaching et la th\u00e9rapie pour un d\u00e9s\u00e9quilibre ?<\/a><\/li><li class='ez-toc-page-1 ez-toc-heading-level-3'><a class=\"ez-toc-link ez-toc-heading-20\" href=\"https:\/\/www.belgic.eu\/index.php\/2026\/04\/05\/le-coaching-aide-a-construire-un-equilibre-entre-vie-professionnelle-et-personnelle\/#Le_coaching_est-il_compatible_avec_le_teletravail\" >Le coaching est-il compatible avec le t\u00e9l\u00e9travail ?<\/a><\/li><li class='ez-toc-page-1 ez-toc-heading-level-3'><a class=\"ez-toc-link ez-toc-heading-21\" href=\"https:\/\/www.belgic.eu\/index.php\/2026\/04\/05\/le-coaching-aide-a-construire-un-equilibre-entre-vie-professionnelle-et-personnelle\/#Un_coach_peut-il_resoudre_tous_mes_problemes_dequilibre_a_ma_place\" >Un coach peut-il r\u00e9soudre tous mes probl\u00e8mes d&rsquo;\u00e9quilibre \u00e0 ma place ?<\/a><\/li><\/ul><\/li><\/ul><\/nav><\/div>\n<h2><span class=\"ez-toc-section\" id=\"Le_Mythe_de_lEquilibre_Parfait_Introduction_a_la_Methode_SYNERGIE_Pro-Perso\"><\/span>Le Mythe de l&rsquo;\u00c9quilibre Parfait : Introduction \u00e0 la M\u00e9thode SYNERGIE Pro-Perso<span class=\"ez-toc-section-end\"><\/span><\/h2>\n<p>L&rsquo;id\u00e9e d&rsquo;un \u00e9quilibre \u00ab\u00a0parfait\u00a0\u00bb o\u00f9 chaque aspect de notre vie re\u00e7oit une part \u00e9gale et immuable est un mythe \u00e9puisant. La r\u00e9alit\u00e9 est que l&rsquo;\u00e9quilibre est dynamique, fluctuant, et doit \u00eatre constamment ajust\u00e9. La v\u00e9ritable qu\u00eate n&rsquo;est pas l&rsquo;\u00e9galit\u00e9, mais la synergie \u2013 comment les diff\u00e9rentes facettes de votre vie peuvent se soutenir mutuellement plut\u00f4t que de se concurrencer. Lors de nos accompagnements, nous avons constat\u00e9 que de nombreux individus luttent contre ce fantasme de perfection, ce qui ajoute une pression inutile. Plut\u00f4t que de viser un id\u00e9al statique, notre m\u00e9thode, que nous nommons la <b>M\u00e9thode SYNERGIE Pro-Perso<\/b>, encourage une approche flexible et personnalis\u00e9e. Elle permet d&rsquo;identifier les interconnexions entre vos r\u00f4les professionnels et personnels, et de cr\u00e9er un flux harmonieux o\u00f9 l&rsquo;\u00e9nergie investie dans un domaine revitalise l&rsquo;autre. Le coaching, dans ce cadre, n&rsquo;est pas une simple <a href=\"https:\/\/www.belgic.eu\/index.php\/2026\/04\/12\/la-pleine-conscience-peut-se-pratiquer-discretement-au-bureau\/\">gestion du temps<\/a>, mais une <a href=\"https:\/\/www.belgic.eu\/index.php\/2026\/02\/16\/la-technologie-permet-de-transformer-des-marches-traditionnels-etablis\/\">transformation<\/a> profonde de votre rapport au travail et \u00e0 votre vie.<\/p>\n<h3><span class=\"ez-toc-section\" id=\"Etape_1_Cartographier_Vos_Spheres_de_Vie_Actuelles\"><\/span>\u00c9tape 1 : Cartographier Vos Sph\u00e8res de Vie Actuelles<span class=\"ez-toc-section-end\"><\/span><\/h3>\n<p>Avant de pouvoir construire un \u00e9quilibre, il est crucial de comprendre o\u00f9 se situe le d\u00e9s\u00e9quilibre. La premi\u00e8re \u00e9tape de la M\u00e9thode SYNERGIE Pro-Perso consiste \u00e0 r\u00e9aliser une cartographie honn\u00eate de votre emploi du temps, de vos niveaux d&rsquo;\u00e9nergie et de vos satisfactions dans les diff\u00e9rentes sph\u00e8res de votre vie (travail, famille, relations sociales, <a href=\"https:\/\/www.belgic.eu\/index.php\/2026\/02\/08\/linterpretation-de-vos-previsions-astrales-personnalisees\/\">d\u00e9veloppement personnel<\/a>, sant\u00e9, loisirs). Il s&rsquo;agit d&rsquo;une \u00e9valuation quantitative et qualitative. J&rsquo;ai remarqu\u00e9, au fil des ann\u00e9es, que beaucoup sous-estiment l&rsquo;impact des \u00ab\u00a0petits\u00a0\u00bb engagements qui s&rsquo;accumulent et drainent l&rsquo;\u00e9nergie. Un coach vous aide \u00e0 visualiser clairement o\u00f9 va votre temps et o\u00f9 se concentre votre charge mentale. Par exemple, imaginez Claire, responsable marketing, qui pensait son emploi du temps \u00e9quilibr\u00e9. Avec l&rsquo;aide de son coach, elle a d\u00e9couvert que les soir\u00e9es pass\u00e9es \u00e0 r\u00e9pondre \u00e0 des e-mails tardifs et les week-ends fragment\u00e9s par des urgences professionnelles repr\u00e9sentaient en r\u00e9alit\u00e9 plus de 15 heures non comptabilis\u00e9es de travail hebdomadaire, impactant directement son temps familial et son sommeil.<\/p>\n<h3><span class=\"ez-toc-section\" id=\"Etape_2_Clarifier_Vos_Valeurs_et_Definir_Vos_Priorites\"><\/span>\u00c9tape 2 : Clarifier Vos Valeurs et D\u00e9finir Vos Priorit\u00e9s<span class=\"ez-toc-section-end\"><\/span><\/h3>\n<p>Une fois la cartographie \u00e9tablie, l&rsquo;\u00e9tape suivante est l&rsquo;ancrage dans vos valeurs fondamentales. Qu&rsquo;est-ce qui est r\u00e9ellement important pour vous ? La <a href=\"https:\/\/www.belgic.eu\/index.php\/2026\/02\/25\/la-vigilance-face-aux-faux-placements-et-aux-promesses-darnaques-financieres\/\">s\u00e9curit\u00e9 financi\u00e8re<\/a> ? L&rsquo;\u00e9panouissement cr\u00e9atif ? Le temps pass\u00e9 avec vos proches ? La sant\u00e9 ? Sans cette clart\u00e9, toute tentative d&rsquo;\u00e9quilibre sera superficielle et \u00e9ph\u00e9m\u00e8re. Le coach pose les questions qui invitent \u00e0 l&rsquo;introspection profonde, permettant de distinguer ce qui est dict\u00e9 par la soci\u00e9t\u00e9 ou les attentes externes de ce qui r\u00e9sonne v\u00e9ritablement en vous. D&rsquo;apr\u00e8s notre analyse interne des cas r\u00e9ussis, les personnes qui ont clairement d\u00e9fini leurs valeurs sont bien plus r\u00e9silientes face aux pressions ext\u00e9rieures. Par exemple, Marc, ing\u00e9nieur, r\u00e9alisait qu&rsquo;il sacrifiait sa passion pour la musique \u2013 une valeur essentielle pour son \u00e9quilibre \u2013 au profit d&rsquo;une promotion qui n&rsquo;\u00e9tait pas enti\u00e8rement align\u00e9e avec son d\u00e9sir de cr\u00e9ativit\u00e9. Son coach l&rsquo;a aid\u00e9 \u00e0 red\u00e9finir ses objectifs professionnels pour inclure du temps d\u00e9di\u00e9 \u00e0 sa passion, sans compromettre sa carri\u00e8re.<\/p>\n<h3><span class=\"ez-toc-section\" id=\"Etape_3_Etablir_des_Limites_Claires_et_Negocier\"><\/span>\u00c9tape 3 : \u00c9tablir des Limites Claires et N\u00e9gocier<span class=\"ez-toc-section-end\"><\/span><\/h3>\n<p>D\u00e9finir ses limites est l&rsquo;une des comp\u00e9tences les plus critiques et souvent les plus difficiles \u00e0 acqu\u00e9rir pour un \u00e9quilibre sain. Cela implique de savoir dire \u00ab\u00a0non\u00a0\u00bb aux sollicitations qui ne correspondent pas \u00e0 vos priorit\u00e9s et de prot\u00e9ger votre temps et votre \u00e9nergie. Un coach vous fournit des strat\u00e9gies et des outils pour communiquer ces limites de mani\u00e8re assertive et respectueuse, tant au travail qu&rsquo;\u00e0 la maison. C&rsquo;est \u00e9galement une question de n\u00e9gociation, pas de confrontation. J&rsquo;ai souvent remarqu\u00e9 que la peur de d\u00e9plaire ou de para\u00eetre moins engag\u00e9 emp\u00eache de nombreux professionnels d&rsquo;\u00e9tablir ces fronti\u00e8res. Par exemple, David, consultant, avait du mal \u00e0 refuser des missions suppl\u00e9mentaires le week-end. Son coach l&rsquo;a entra\u00een\u00e9 \u00e0 formuler des r\u00e9ponses professionnelles qui prot\u00e9geaient son temps personnel sans nuire \u00e0 sa r\u00e9putation, en proposant des alternatives ou des d\u00e9lais plus r\u00e9alistes.<\/p>\n<h3><span class=\"ez-toc-section\" id=\"Etape_4_Optimiser_la_Gestion_de_Votre_Energie_Pas_Seulement_de_Votre_Temps\"><\/span>\u00c9tape 4 : Optimiser la Gestion de Votre \u00c9nergie, Pas Seulement de Votre Temps<span class=\"ez-toc-section-end\"><\/span><\/h3>\n<p>La gestion de l&rsquo;\u00e9quilibre ne se limite pas \u00e0 des tableaux de temps ; c&rsquo;est avant tout une gestion de votre \u00e9nergie. Quels sont les moments de la journ\u00e9e o\u00f9 vous \u00eates le plus productif ? Quelles activit\u00e9s vous drainent et lesquelles vous rechargent ? La M\u00e9thode SYNERGIE Pro-Perso int\u00e8gre des strat\u00e9gies pour maximiser vos pics d&rsquo;\u00e9nergie et minimiser les d\u00e9perditions. Cela peut inclure des techniques de productivit\u00e9 cibl\u00e9e, des pauses r\u00e9g\u00e9n\u00e9ratrices ou l&rsquo;int\u00e9gration d&rsquo;activit\u00e9s \u00ab\u00a0rechargeantes\u00a0\u00bb dans votre routine. Nous avons observ\u00e9 que la simple application de techniques de gestion du temps sans consid\u00e9ration pour les niveaux d&rsquo;\u00e9nergie m\u00e8ne souvent \u00e0 l&rsquo;\u00e9puisement. C&rsquo;est pourquoi le coaching met l&rsquo;accent sur l&rsquo;identification de vos rythmes biologiques et psychologiques. Prenez le cas de Sophie, jeune entrepreneure. Elle pensait devoir travailler non-stop. Son coach l&rsquo;a aid\u00e9e \u00e0 identifier ses \u00ab\u00a0fen\u00eatres d&rsquo;\u00e9nergie optimale\u00a0\u00bb le matin, concentrant ses t\u00e2ches les plus complexes \u00e0 ce moment, et r\u00e9servant l&rsquo;apr\u00e8s-midi \u00e0 des t\u00e2ches moins exigeantes, am\u00e9liorant drastiquement sa productivit\u00e9 et r\u00e9duisant son stress.<\/p>\n<h3><span class=\"ez-toc-section\" id=\"Etape_5_Developper_la_Flexibilite_et_la_Resilience\"><\/span>\u00c9tape 5 : D\u00e9velopper la Flexibilit\u00e9 et la R\u00e9silience<span class=\"ez-toc-section-end\"><\/span><\/h3>\n<p>La vie est impr\u00e9visible. Un \u00e9quilibre durable n&rsquo;est pas rigide, il est flexible. Le coaching vous aide \u00e0 d\u00e9velopper la r\u00e9silience n\u00e9cessaire pour faire face aux impr\u00e9vus sans que tout votre syst\u00e8me s&rsquo;effondre. Cela implique d&rsquo;apprendre \u00e0 s&rsquo;adapter, \u00e0 l\u00e2cher prise sur ce qui ne peut \u00eatre contr\u00f4l\u00e9, et \u00e0 rebondir apr\u00e8s les revers. Mon exp\u00e9rience montre que cette capacit\u00e9 d&rsquo;adaptation est la cl\u00e9 d&rsquo;un \u00e9quilibre p\u00e9renne. Il s&rsquo;agit de construire une \u00ab\u00a0bo\u00eete \u00e0 outils\u00a0\u00bb mentale et \u00e9motionnelle pour naviguer dans les p\u00e9riodes de forte pression ou de changement. Un coach vous apprend \u00e0 transformer les obstacles en opportunit\u00e9s d&rsquo;apprentissage et de r\u00e9ajustement. Par exemple, la pand\u00e9mie a boulevers\u00e9 l&rsquo;\u00e9quilibre de millions de personnes. Ceux qui avaient d\u00e9j\u00e0 travaill\u00e9 sur leur flexibilit\u00e9 gr\u00e2ce au coaching ont pu s&rsquo;adapter plus rapidement au t\u00e9l\u00e9travail, aux nouvelles contraintes familiales et aux incertitudes, en r\u00e9ajustant leurs limites et leurs priorit\u00e9s plut\u00f4t qu&rsquo;en subissant la situation.<\/p>\n<h2><span class=\"ez-toc-section\" id=\"Le_coaching_aide_a_construire_un_equilibre_entre_vie_professionnelle_et_personnelle_Impacts_et_Benefices\"><\/span>Le coaching aide \u00e0 construire un \u00e9quilibre entre vie professionnelle et personnelle : Impacts et B\u00e9n\u00e9fices<span class=\"ez-toc-section-end\"><\/span><\/h2>\n<p>Le tableau ci-dessous synth\u00e9tise l&rsquo;apport fondamental du coaching dans la construction d&rsquo;un \u00e9quilibre durable, en contrastant la situation pr\u00e9-coaching avec les b\u00e9n\u00e9fices post-coaching, align\u00e9s sur les principes de la M\u00e9thode SYNERGIE Pro-Perso.<\/p>\n<table>\n<thead>\n<tr>\n<th>Aspect de l&rsquo;\u00c9quilibre<\/th>\n<th>Avant le Coaching (D\u00e9s\u00e9quilibre Fr\u00e9quent)<\/th>\n<th>Apr\u00e8s le Coaching (\u00c9quilibre SYNERGIE Pro-Perso)<\/th>\n<th>B\u00e9n\u00e9fice Cl\u00e9<\/th>\n<\/tr>\n<\/thead>\n<tbody>\n<tr>\n<td>Clart\u00e9 des Priorit\u00e9s<\/td>\n<td>Sentiment de dispersion, urgences dictant l&rsquo;agenda.<\/td>\n<td>Priorit\u00e9s align\u00e9es avec valeurs personnelles et professionnelles.<\/td>\n<td>Direction claire, moins de <a href=\"https:\/\/www.belgic.eu\/index.php\/2026\/04\/20\/le-coaching-professionnel-aide-a-prevenir-lepuisement-et-la-surcharge-mentale\/\">surcharge mentale<\/a>.<\/td>\n<\/tr>\n<tr>\n<td>Gestion du Temps &amp; \u00c9nergie<\/td>\n<td>\u00c9puisement, surcharge, procrastination.<\/td>\n<td>Optimisation des pics d&rsquo;\u00e9nergie, techniques de productivit\u00e9 cibl\u00e9e.<\/td>\n<td>Productivit\u00e9 accrue, vitalit\u00e9 retrouv\u00e9e.<\/td>\n<\/tr>\n<tr>\n<td>Limites Personnelles<\/td>\n<td>Difficult\u00e9 \u00e0 dire non, empi\u00e8tements pro sur perso.<\/td>\n<td>Communication assertive des fronti\u00e8res, respect de soi.<\/td>\n<td>Moins de stress, plus de temps pour soi et les proches.<\/td>\n<\/tr>\n<tr>\n<td>Relations<\/td>\n<td>Tensions familiales, isolement social d\u00fb au travail.<\/td>\n<td>Qualit\u00e9 des interactions am\u00e9lior\u00e9e, temps d\u00e9di\u00e9 aux proches.<\/td>\n<td>\u00c9panouissement relationnel, soutien accru.<\/td>\n<\/tr>\n<tr>\n<td>Bien-\u00eatre Global<\/td>\n<td>Stress chronique, insatisfaction, risques de burn-out.<\/td>\n<td>S\u00e9r\u00e9nit\u00e9, sentiment de contr\u00f4le, r\u00e9silience accrue.<\/td>\n<td>Meilleure <a href=\"https:\/\/www.belgic.eu\/index.php\/2026\/03\/17\/limpact-psychologique-des-podcasts-true-crime-sur-les-auditeurs\/\">sant\u00e9 mentale<\/a> et physique, joie de vivre.<\/td>\n<\/tr>\n<\/tbody>\n<\/table>\n<h2><span class=\"ez-toc-section\" id=\"Erreurs_Courantes_et_Pieges_a_Eviter_dans_la_Quete_de_lEquilibre\"><\/span>Erreurs Courantes et Pi\u00e8ges \u00e0 \u00c9viter dans la Qu\u00eate de l&rsquo;\u00c9quilibre<span class=\"ez-toc-section-end\"><\/span><\/h2>\n<p>Malgr\u00e9 les meilleures intentions, de nombreuses personnes commettent des erreurs qui sapent leurs efforts pour atteindre un \u00e9quilibre. Un coach est souvent l\u00e0 pour identifier et corriger ces d\u00e9raillements avant qu&rsquo;ils ne deviennent des habitudes.<\/p>\n<h3><span class=\"ez-toc-section\" id=\"Erreur_1_Attendre_que_lEquilibre_Arrive_Naturellement\"><\/span>Erreur 1 : Attendre que l&rsquo;\u00c9quilibre Arrive Naturellement<span class=\"ez-toc-section-end\"><\/span><\/h3>\n<p><b>Ce qui le cause :<\/b> L&rsquo;id\u00e9e fausse que le d\u00e9s\u00e9quilibre n&rsquo;est qu&rsquo;une phase temporaire qui se r\u00e9soudra d&rsquo;elle-m\u00eame une fois un projet termin\u00e9 ou une p\u00e9riode intense pass\u00e9e.<br \/>\n<b>Ce qui se passe :<\/b> Le d\u00e9s\u00e9quilibre s&rsquo;installe durablement, la charge mentale augmente et l&rsquo;\u00e9puisement s&rsquo;accentue car aucune action proactive n&rsquo;est entreprise.<br \/>\n<b>Comment y rem\u00e9dier :<\/b> Reconna\u00eetre que l&rsquo;\u00e9quilibre est une construction active et continue. Le coaching aide \u00e0 initier cette d\u00e9marche proactive, en fournissant une feuille de route et des outils d\u00e8s les premiers signes de d\u00e9s\u00e9quilibre.<\/p>\n<h3><span class=\"ez-toc-section\" id=\"Erreur_2_Confondre_Quantite_de_Temps_et_Qualite_de_Presence\"><\/span>Erreur 2 : Confondre Quantit\u00e9 de Temps et Qualit\u00e9 de Pr\u00e9sence<span class=\"ez-toc-section-end\"><\/span><\/h3>\n<p><b>Ce qui le cause :<\/b> Mesurer l&rsquo;\u00e9quilibre uniquement par le nombre d&rsquo;heures pass\u00e9es au travail versus hors travail, sans consid\u00e9rer l&rsquo;engagement mental ou \u00e9motionnel.<br \/>\n<b>Ce qui se passe :<\/b> On peut \u00eatre physiquement pr\u00e9sent avec sa famille mais mentalement absorb\u00e9 par le travail, ce qui cr\u00e9e une frustration des deux c\u00f4t\u00e9s.<br \/>\n<b>Comment y rem\u00e9dier :<\/b> Le coaching met l&rsquo;accent sur la <a href=\"https:\/\/www.belgic.eu\/index.php\/2026\/04\/12\/la-pleine-conscience-peut-se-pratiquer-discretement-au-bureau\/\">pleine conscience<\/a> et la qualit\u00e9 de l&rsquo;attention. Il aide \u00e0 d\u00e9velopper des strat\u00e9gies pour \u00eatre pleinement pr\u00e9sent dans chaque sph\u00e8re, par exemple en instaurant des rituels de \u00ab\u00a0d\u00e9connexion\u00a0\u00bb entre le travail et la vie personnelle.<\/p>\n<h3><span class=\"ez-toc-section\" id=\"Erreur_3_Negliger_les_Petites_Actions_Quotidiennes_au_Profit_de_Grands_Changements\"><\/span>Erreur 3 : N\u00e9gliger les Petites Actions Quotidiennes au Profit de Grands Changements<span class=\"ez-toc-section-end\"><\/span><\/h3>\n<p><b>Ce qui le cause :<\/b> Penser que seul un changement radical (changer de travail, d\u00e9m\u00e9nager) peut restaurer l&rsquo;\u00e9quilibre, en ignorant l&rsquo;impact cumulatif des petites habitudes.<br \/>\n<b>Ce qui se passe :<\/b> Les grands changements sont souvent difficiles \u00e0 initier et maintenir, menant \u00e0 la procrastination et au d\u00e9couragement, tandis que les probl\u00e8mes de fond persistent.<br \/>\n<b>Comment y rem\u00e9dier :<\/b> Un coach aide \u00e0 identifier et \u00e0 impl\u00e9menter de petites actions quotidiennes, incr\u00e9mentales, qui m\u00e8nent \u00e0 des am\u00e9liorations significatives. Par exemple, 15 minutes de m\u00e9ditation chaque matin ou une promenade digestive \u00e0 midi peuvent transformer une journ\u00e9e enti\u00e8re.<\/p>\n<h3><span class=\"ez-toc-section\" id=\"Erreur_4_Se_Comparer_Constantement_aux_Autres\"><\/span>Erreur 4 : Se Comparer Constantement aux Autres<span class=\"ez-toc-section-end\"><\/span><\/h3>\n<p><b>Ce qui le cause :<\/b> L&rsquo;exposition constante aux \u00ab\u00a0r\u00e9ussites\u00a0\u00bb affich\u00e9es sur les <a href=\"https:\/\/www.belgic.eu\/index.php\/2026\/02\/15\/les-cles-pour-comprendre-lengagement-sur-instagram\/\">r\u00e9seaux sociaux<\/a> ou dans l&rsquo;environnement professionnel, qui donne l&rsquo;impression que tout le monde g\u00e8re mieux que soi.<br \/>\n<b>Ce qui se passe :<\/b> Cela engendre un sentiment d&rsquo;insuffisance, de culpabilit\u00e9 et une pression suppl\u00e9mentaire pour atteindre un \u00e9quilibre qui n&rsquo;est pas le sien.<br \/>\n<b>Comment y rem\u00e9dier :<\/b> Le coaching recentre sur l&rsquo;individu. Il aide \u00e0 d\u00e9finir un \u00e9quilibre qui est personnel et authentique, en reconnaissant que chaque parcours est unique et que la comparaison est un voleur de joie et d&rsquo;\u00e9nergie.<\/p>\n<h2><span class=\"ez-toc-section\" id=\"Un_Equilibre_Durable_une_Vie_Plus_Riche\"><\/span>Un \u00c9quilibre Durable, une Vie Plus Riche<span class=\"ez-toc-section-end\"><\/span><\/h2>\n<p>La qu\u00eate de l&rsquo;\u00e9quilibre entre vie professionnelle et personnelle n&rsquo;est pas une destination, mais un voyage continu d&rsquo;ajustements et d&rsquo;apprentissage. Face aux exigences croissantes du monde moderne, l&rsquo;autonomie, la clart\u00e9 et la r\u00e9silience sont devenues des atouts indispensables. Le coaching, en offrant un cadre structur\u00e9 et un accompagnement bienveillant, permet non seulement de retrouver un \u00e9quilibre imm\u00e9diat mais surtout de d\u00e9velopper les comp\u00e9tences pour le maintenir sur le long terme. En investissant dans un coaching, vous n&rsquo;achetez pas une solution, mais les moyens de vous transformer en l&rsquo;architecte de votre propre bien-\u00eatre. La M\u00e9thode SYNERGIE Pro-Perso, avec son approche holistique, vise \u00e0 vous outiller pour que chaque aspect de votre vie contribue positivement \u00e0 l&rsquo;autre, cr\u00e9ant une richesse et une satisfaction bien au-del\u00e0 de la simple gestion du temps. C&rsquo;est l&rsquo;opportunit\u00e9 de passer d&rsquo;une vie subie \u00e0 une vie choisie, en pleine harmonie avec vos aspirations les plus profondes.<\/p>\n<h3><span class=\"ez-toc-section\" id=\"Questions_Frequentes_sur_le_Coaching_et_lEquilibre_Vie_ProPerso\"><\/span>Questions Fr\u00e9quentes sur le Coaching et l&rsquo;\u00c9quilibre Vie Pro\/Perso<span class=\"ez-toc-section-end\"><\/span><\/h3>\n<h3><span class=\"ez-toc-section\" id=\"Combien_de_temps_faut-il_pour_voir_des_resultats_concrets_avec_le_coaching\"><\/span>Combien de temps faut-il pour voir des r\u00e9sultats concrets avec le coaching ?<span class=\"ez-toc-section-end\"><\/span><\/h3>\n<p>Les premiers changements peuvent \u00eatre ressentis d\u00e8s les premi\u00e8res s\u00e9ances, avec une meilleure prise de conscience et des ajustements mineurs. Cependant, pour des r\u00e9sultats durables et une transformation profonde, un programme de coaching s&rsquo;\u00e9tend g\u00e9n\u00e9ralement sur 3 \u00e0 6 mois, permettant d&rsquo;int\u00e9grer pleinement les nouvelles habitudes et strat\u00e9gies.<\/p>\n<h3><span class=\"ez-toc-section\" id=\"Le_coaching_est-il_uniquement_pour_les_personnes_en_situation_de_burn-out\"><\/span>Le coaching est-il uniquement pour les personnes en situation de burn-out ?<span class=\"ez-toc-section-end\"><\/span><\/h3>\n<p>Absolument pas. Bien qu&rsquo;il soit tr\u00e8s efficace pour accompagner la reconstruction apr\u00e8s un burn-out, le coaching est \u00e9galement un outil puissant de pr\u00e9vention. Il s&rsquo;adresse \u00e0 toute personne souhaitant optimiser son organisation, clarifier ses objectifs, g\u00e9rer son stress et pr\u00e9venir les d\u00e9s\u00e9quilibres avant qu&rsquo;ils ne deviennent critiques.<\/p>\n<h3><span class=\"ez-toc-section\" id=\"Comment_choisir_le_bon_coach_pour_un_equilibre_vie_properso\"><\/span>Comment choisir le bon coach pour un \u00e9quilibre vie pro\/perso ?<span class=\"ez-toc-section-end\"><\/span><\/h3>\n<p>Recherchez un coach certifi\u00e9, avec de l&rsquo;exp\u00e9rience sp\u00e9cifiquement dans le domaine de l&rsquo;\u00e9quilibre de vie. Assurez-vous que son approche r\u00e9sonne avec vos besoins et que le courant passe bien lors d&rsquo;une premi\u00e8re prise de contact gratuite. Les t\u00e9moignages et r\u00e9f\u00e9rences peuvent aussi \u00eatre de bons indicateurs.<\/p>\n<h3><span class=\"ez-toc-section\" id=\"Le_coaching_peut-il_aider_si_mon_employeur_ne_soutient_pas_lequilibre_vie_properso\"><\/span>Le coaching peut-il aider si mon employeur ne soutient pas l&rsquo;\u00e9quilibre vie pro\/perso ?<span class=\"ez-toc-section-end\"><\/span><\/h3>\n<p>Oui, m\u00eame dans un environnement professionnel exigeant, le coaching peut vous aider \u00e0 prendre le contr\u00f4le de ce qui est en votre pouvoir. Il se concentrera sur le <a href=\"https:\/\/www.belgic.eu\/index.php\/2026\/03\/21\/les-jeux-educatifs-ameliorent-la-concentration-et-lengagement-cognitif\/\">d\u00e9veloppement<\/a> de vos comp\u00e9tences en mati\u00e8re de limites personnelles, de communication assertive et de gestion de votre \u00e9nergie pour minimiser l&rsquo;impact des contraintes externes sur votre bien-\u00eatre personnel.<\/p>\n<h3><span class=\"ez-toc-section\" id=\"Quelle_est_la_difference_entre_le_coaching_et_la_therapie_pour_un_desequilibre\"><\/span>Quelle est la diff\u00e9rence entre le coaching et la th\u00e9rapie pour un d\u00e9s\u00e9quilibre ?<span class=\"ez-toc-section-end\"><\/span><\/h3>\n<p>Le coaching est orient\u00e9 vers l&rsquo;avenir et l&rsquo;action. Il se concentre sur l&rsquo;identification d&rsquo;objectifs, le d\u00e9veloppement de strat\u00e9gies et la mise en \u0153uvre de solutions concr\u00e8tes pour am\u00e9liorer votre \u00e9quilibre. La th\u00e9rapie, quant \u00e0 elle, explore davantage le pass\u00e9 pour comprendre les causes profondes des probl\u00e8mes \u00e9motionnels ou psychologiques et traiter les traumatismes ou pathologies.<\/p>\n<h3><span class=\"ez-toc-section\" id=\"Le_coaching_est-il_compatible_avec_le_teletravail\"><\/span>Le coaching est-il compatible avec le t\u00e9l\u00e9travail ?<span class=\"ez-toc-section-end\"><\/span><\/h3>\n<p>Totalement. Le t\u00e9l\u00e9travail brouille souvent les fronti\u00e8res entre vie pro et perso, rendant l&rsquo;\u00e9tablissement de limites encore plus crucial. Le coaching est particuli\u00e8rement pertinent dans ce contexte pour aider \u00e0 structurer la journ\u00e9e, optimiser l&rsquo;environnement de travail \u00e0 domicile et maintenir une d\u00e9connexion effective.<\/p>\n<h3><span class=\"ez-toc-section\" id=\"Un_coach_peut-il_resoudre_tous_mes_problemes_dequilibre_a_ma_place\"><\/span>Un coach peut-il r\u00e9soudre tous mes probl\u00e8mes d&rsquo;\u00e9quilibre \u00e0 ma place ?<span class=\"ez-toc-section-end\"><\/span><\/h3>\n<p>Non, un coach ne \u00ab\u00a0r\u00e9sout\u00a0\u00bb pas vos probl\u00e8mes \u00e0 votre place. Son r\u00f4le est de vous guider, de vous poser les bonnes questions, de vous fournir des outils et de vous tenir responsable de vos engagements. La solution vient de vous ; le coach est un facilitateur puissant de votre propre potentiel et de vos capacit\u00e9s d&rsquo;action.<\/p>\n","protected":false},"excerpt":{"rendered":"<p> &#8230; <a title=\"Le coaching aide \u00e0 construire un \u00e9quilibre entre vie professionnelle et personnelle\" class=\"read-more\" href=\"https:\/\/www.belgic.eu\/index.php\/2026\/04\/05\/le-coaching-aide-a-construire-un-equilibre-entre-vie-professionnelle-et-personnelle\/\" aria-label=\"En savoir plus sur Le coaching aide \u00e0 construire un \u00e9quilibre entre vie professionnelle et personnelle\">Lire plus<\/a><\/p>\n","protected":false},"author":3,"featured_media":170,"comment_status":"open","ping_status":"open","sticky":false,"template":"","format":"standard","meta":{"fifu_image_url":"","fifu_image_alt":"","footnotes":""},"categories":[692],"tags":[834,831,828,832,835,833,829,830],"class_list":["post-195","post","type-post","status-publish","format-standard","has-post-thumbnail","hentry","category-education-transmission","tag-bien-etre","tag-coaching","tag-equilibre","tag-harmonisation","tag-limites-personnelles","tag-productivite","tag-travail","tag-vie","resize-featured-image"],"_links":{"self":[{"href":"https:\/\/www.belgic.eu\/index.php\/wp-json\/wp\/v2\/posts\/195","targetHints":{"allow":["GET"]}}],"collection":[{"href":"https:\/\/www.belgic.eu\/index.php\/wp-json\/wp\/v2\/posts"}],"about":[{"href":"https:\/\/www.belgic.eu\/index.php\/wp-json\/wp\/v2\/types\/post"}],"author":[{"embeddable":true,"href":"https:\/\/www.belgic.eu\/index.php\/wp-json\/wp\/v2\/users\/3"}],"replies":[{"embeddable":true,"href":"https:\/\/www.belgic.eu\/index.php\/wp-json\/wp\/v2\/comments?post=195"}],"version-history":[{"count":1,"href":"https:\/\/www.belgic.eu\/index.php\/wp-json\/wp\/v2\/posts\/195\/revisions"}],"predecessor-version":[{"id":1441,"href":"https:\/\/www.belgic.eu\/index.php\/wp-json\/wp\/v2\/posts\/195\/revisions\/1441"}],"wp:featuredmedia":[{"embeddable":true,"href":"https:\/\/www.belgic.eu\/index.php\/wp-json\/wp\/v2\/media\/170"}],"wp:attachment":[{"href":"https:\/\/www.belgic.eu\/index.php\/wp-json\/wp\/v2\/media?parent=195"}],"wp:term":[{"taxonomy":"category","embeddable":true,"href":"https:\/\/www.belgic.eu\/index.php\/wp-json\/wp\/v2\/categories?post=195"},{"taxonomy":"post_tag","embeddable":true,"href":"https:\/\/www.belgic.eu\/index.php\/wp-json\/wp\/v2\/tags?post=195"}],"curies":[{"name":"wp","href":"https:\/\/api.w.org\/{rel}","templated":true}]}}